{"id":11405,"date":"2020-01-13T13:24:19","date_gmt":"2020-01-13T09:24:19","guid":{"rendered":"https:\/\/www.amimb.net\/?p=11405"},"modified":"2020-01-13T13:24:19","modified_gmt":"2020-01-13T09:24:19","slug":"romada-italiya-az%c9%99rbaycan-iqtisadi-%c9%99m%c9%99kdasliq-uzr%c9%99-hokum%c9%99tl%c9%99rarasi-komissiyanin-iclasi-keciril%c9%99c%c9%99k","status":"publish","type":"post","link":"https:\/\/hakimiyyet.info.az\/?p=11405","title":{"rendered":"Romada \u0130taliya-Az\u0259rbaycan iqtisadi \u0259m\u0259kda\u015fl\u0131q \u00fczr\u0259 H\u00f6kum\u0259tl\u0259raras\u0131 Komissiyan\u0131n iclas\u0131 ke\u00e7iril\u0259c\u0259k"},"content":{"rendered":"<p style=\"font-weight: 400;\"><span style=\"font-style: inherit; font-weight: inherit;\">Yanvar\u0131n 14-d\u0259 Romada \u0130taliya Respublikas\u0131 v\u0259 Az\u0259rbaycan Respublikas\u0131 aras\u0131nda iqtisadi \u0259m\u0259kda\u015fl\u0131q \u00fczr\u0259 H\u00f6kum\u0259tl\u0259raras\u0131 Komissiyan\u0131n 5-ci iclas\u0131 ke\u00e7iril\u0259c\u0259k.<\/span><\/p>\n<p style=\"font-weight: 400;\"><span style=\"font-style: inherit; font-weight: inherit;\">Energetika nazirliyind\u0259n \u201c<a href=\"https:\/\/apa.az\/\">APA<\/a>-Economics\u201d\u0259 veril\u0259n m\u0259lumata g\u00f6r\u0259, iclasda h\u00f6kum\u0259tl\u0259raras\u0131 komissiyan\u0131n h\u0259ms\u0259drl\u0259ri, Az\u0259rbaycan\u0131n Energetika naziri P\u0259rviz \u015eahbazov v\u0259 \u0130taliyan\u0131n Xarici \u0130\u015fl\u0259r v\u0259 Beyn\u0259lxalq \u018fm\u0259kda\u015fl\u0131q nazirinin m\u00fcavini Manlio Di Stefanonun ba\u015f\u00e7\u0131l\u0131q etdikl\u0259ri n\u00fcmay\u0259nd\u0259 hey\u0259tl\u0259ri i\u015ftirak ed\u0259c\u0259k.<\/span><\/p>\n<p style=\"font-weight: 400;\"><span style=\"font-style: inherit; font-weight: inherit;\">M\u0259lumata \u0259sas\u0259n, komissiyan\u0131n g\u00fcnd\u0259liyin\u0259 iki \u00f6lk\u0259 aras\u0131nda ticar\u0259t-iqtisadi, enerji, logistika v\u0259 infrastruktur, k\u0259nd t\u0259s\u0259rr\u00fcfat\u0131, m\u0259d\u0259niyy\u0259t v\u0259 turizm sah\u0259l\u0259rind\u0259 \u0259m\u0259kda\u015fl\u0131\u011fa dair m\u0259s\u0259l\u0259l\u0259r daxil edilib. H\u0259m\u00e7inin Azpromo, Az\u0259rbaycan \u0130nvestisiya \u015eirk\u0259ti, Ki\u00e7ik v\u0259 Orta Biznesin \u0130nki\u015faf\u0131 Agentliyi, Az\u0259rbaycan Respublikas\u0131 D\u00f6vl\u0259t Neft Fondu v\u0259 \u0130taliyan\u0131n m\u00fcvafiq qurumlar\u0131n\u0131n i\u015ftirak\u0131 il\u0259 h\u0259r iki \u00f6lk\u0259d\u0259 investisiya imkanlar\u0131 v\u0259 perspektivl\u0259rin m\u00fczakir\u0259sin\u0259 h\u0259sr olunmu\u015f sessiya ke\u00e7iril\u0259c\u0259k.<\/span><\/p>\n<p style=\"font-weight: 400;\"><span style=\"font-style: inherit; font-weight: inherit;\">\u201cG\u00fcnd\u0259likd\u0259ki m\u0259s\u0259l\u0259l\u0259rin m\u00fczakir\u0259sind\u0259n sonra H\u00f6kum\u0259tl\u0259raras\u0131 Komissiyas\u0131n\u0131n 5-ci iclas\u0131n\u0131n yekunlar\u0131na dair Protokol imzalanacaq. H\u00f6kum\u0259tl\u0259raras\u0131 Komissiyan\u0131n iclas\u0131 \u00e7\u0259r\u00e7iv\u0259sind\u0259 Energetika naziri P\u0259rviz \u015eahbazovun \u0130taliyan\u0131n \u0130qtisadi \u0130nki\u015faf naziri Stefano Patuanelli, el\u0259c\u0259 d\u0259 \u201cAnsaldo Energia\u201d, \u201cMaire Tecnimont\u201d, \u201cTechnip FMC\u201d, \u201cDBA Group\u201d v\u0259 \u201cAlstom Italia\u201d \u015firk\u0259tl\u0259ri il\u0259 g\u00f6r\u00fc\u015fl\u0259ri d\u0259 n\u0259z\u0259rd\u0259 tutulub\u201d, &#8211; m\u0259lumatda qeyd olunur.<\/span><\/p>\n","protected":false},"excerpt":{"rendered":"<p>Yanvar\u0131n 14-d\u0259 Romada \u0130taliya Respublikas\u0131 v\u0259 Az\u0259rbaycan Respublikas\u0131 aras\u0131nda iqtisadi \u0259m\u0259kda\u015fl\u0131q \u00fczr\u0259 H\u00f6kum\u0259tl\u0259raras\u0131 Komissiyan\u0131n 5-ci iclas\u0131 ke\u00e7iril\u0259c\u0259k. Energetika nazirliyind\u0259n \u201cAPA-Economics\u201d\u0259&hellip;<\/p>\n","protected":false},"author":1,"featured_media":0,"comment_status":"closed","ping_status":"closed","sticky":false,"template":"","format":"standard","meta":{"om_disable_all_campaigns":false,"_monsterinsights_skip_tracking":false,"_uf_show_specific_survey":0,"_uf_disable_surveys":false,"footnotes":""},"categories":[6],"tags":[],"aioseo_notices":[],"_links":{"self":[{"href":"https:\/\/hakimiyyet.info.az\/index.php?rest_route=\/wp\/v2\/posts\/11405"}],"collection":[{"href":"https:\/\/hakimiyyet.info.az\/index.php?rest_route=\/wp\/v2\/posts"}],"about":[{"href":"https:\/\/hakimiyyet.info.az\/index.php?rest_route=\/wp\/v2\/types\/post"}],"author":[{"embeddable":true,"href":"https:\/\/hakimiyyet.info.az\/index.php?rest_route=\/wp\/v2\/users\/1"}],"replies":[{"embeddable":true,"href":"https:\/\/hakimiyyet.info.az\/index.php?rest_route=%2Fwp%2Fv2%2Fcomments&post=11405"}],"version-history":[{"count":1,"href":"https:\/\/hakimiyyet.info.az\/index.php?rest_route=\/wp\/v2\/posts\/11405\/revisions"}],"predecessor-version":[{"id":11406,"href":"https:\/\/hakimiyyet.info.az\/index.php?rest_route=\/wp\/v2\/posts\/11405\/revisions\/11406"}],"wp:attachment":[{"href":"https:\/\/hakimiyyet.info.az\/index.php?rest_route=%2Fwp%2Fv2%2Fmedia&parent=11405"}],"wp:term":[{"taxonomy":"category","embeddable":true,"href":"https:\/\/hakimiyyet.info.az\/index.php?rest_route=%2Fwp%2Fv2%2Fcategories&post=11405"},{"taxonomy":"post_tag","embeddable":true,"href":"https:\/\/hakimiyyet.info.az\/index.php?rest_route=%2Fwp%2Fv2%2Ftags&post=11405"}],"curies":[{"name":"wp","href":"https:\/\/api.w.org\/{rel}","templated":true}]}}