{"id":11409,"date":"2020-01-13T13:24:53","date_gmt":"2020-01-13T09:24:53","guid":{"rendered":"https:\/\/www.amimb.net\/?p=11409"},"modified":"2020-01-13T13:24:53","modified_gmt":"2020-01-13T09:24:53","slug":"amfa-maliyy%c9%99-%c9%99lcatanliginin-asanlasdirilmasi-il%c9%99-bagli-t%c9%99klifl%c9%99r-hazirlayib","status":"publish","type":"post","link":"https:\/\/hakimiyyet.info.az\/?p=11409","title":{"rendered":"AMFA maliyy\u0259 \u0259l\u00e7atanl\u0131\u011f\u0131n\u0131n asanla\u015fd\u0131r\u0131lmas\u0131 il\u0259 ba\u011fl\u0131 t\u0259klifl\u0259r haz\u0131rlay\u0131b"},"content":{"rendered":"<p style=\"font-weight: 400;\"><span style=\"font-style: inherit; font-weight: inherit;\">Az\u0259rbaycan Mikromaliyy\u0259 Assosiasiyas\u0131 (AMFA) maliyy\u0259 \u0259l\u00e7atanl\u0131\u011f\u0131n\u0131n asanla\u015fd\u0131r\u0131lmas\u0131, maliyy\u0259 resurslar\u0131na \u00e7\u0131x\u0131\u015f\u0131n geni\u015fl\u0259ndirilm\u0259si il\u0259 ba\u011fl\u0131 t\u0259klifl\u0259r haz\u0131rlay\u0131b.<\/span><\/p>\n<p style=\"font-weight: 400;\"><span style=\"font-style: inherit; font-weight: inherit;\">AMFA-n\u0131n \u0130dar\u0259 Hey\u0259tinin \u00fczv\u00fc S\u00fcleyman K\u0259l\u0259\u015fov \u201c<a href=\"https:\/\/apa.az\/\">APA<\/a>-Economics\u201d\u0259 bildirib ki, \u00f6t\u0259n h\u0259ft\u0259 Az\u0259rbaycan M\u0259rk\u0259zi Bank\u0131n\u0131n (AMB) s\u0259drinin sahibkarla g\u00f6r\u00fc\u015f\u00fc zaman\u0131 maliyy\u0259 \u0259l\u00e7atanl\u0131\u011f\u0131 il\u0259 ba\u011fl\u0131 m\u0259s\u0259l\u0259l\u0259r d\u0259 m\u00fczakir\u0259 olunub. Onun s\u00f6zl\u0259rin\u0259 g\u00f6r\u0259, bu h\u0259ft\u0259 qurumun bu istiqam\u0259td\u0259 t\u0259klifl\u0259ri v\u0259 dig\u0259r m\u0259s\u0259l\u0259l\u0259rin M\u0259rk\u0259zi Bankla yenid\u0259n m\u00fczakir\u0259si n\u0259z\u0259rd\u0259 tutulur.<\/span><\/p>\n<p style=\"font-weight: 400;\"><span style=\"font-style: inherit; font-weight: inherit;\">\u201cMaliyy\u0259 \u0259l\u00e7atanl\u0131\u011f\u0131 il\u0259 ba\u011fl\u0131 t\u0259klifl\u0259rimiz ondan ibar\u0259tdir ki, z\u0259man\u0259t fondunda d\u0259yi\u015fiklik edilsin, bir borcalan \u00fczr\u0259 z\u0259man\u0259tin a\u015fa\u011f\u0131 h\u0259ddi 15 min manatdan 5-10 min manata endirilsin. Bu da \u00f6z n\u00f6vb\u0259sind\u0259 ki\u00e7ik sahibkarlar\u0131n maliyy\u0259 \u0259l\u00e7atanl\u0131\u011f\u0131n\u0131n artmas\u0131na d\u0259st\u0259k olar\u201d, &#8211; dey\u0259 S. K\u0259l\u0259\u015fov bildirib.<\/span><\/p>\n<p style=\"font-weight: 400;\"><span style=\"font-style: inherit; font-weight: inherit;\">Qeyd ed\u0259k ki, z\u0259man\u0259t borcalan kredit \u00fczr\u0259 \u0259sas borc \u00f6hd\u0259liyini yerin\u0259 yetirm\u0259dikd\u0259, onun borcunun \u00f6d\u0259nilm\u0259sin\u0259 dair \u0130poteka v\u0259 Kredit Z\u0259man\u0259t Fondunun m\u00fcv\u0259kkil bank qar\u015f\u0131s\u0131nda \u00f6hd\u0259liyidir.<\/span><\/p>\n<ol>\n<li style=\"font-weight: 400;\"><span style=\"font-style: inherit; font-weight: inherit;\"> K\u0259l\u0259\u015fov regionlarda kreditl\u0259\u015fm\u0259 il\u0259 ba\u011fl\u0131 m\u0259s\u0259l\u0259l\u0259rin d\u0259 m\u00fczakir\u0259 olundu\u011funu bildirib.<\/span><\/li>\n<\/ol>\n<p style=\"font-weight: 400;\"><span style=\"font-style: inherit; font-weight: inherit;\">\u201cReal sektorun maliyy\u0259l\u0259\u015fm\u0259sind\u0259 probleml\u0259r var. Az\u0259rbaycanda 15 mlrd. manatdan \u00e7ox kredit portfelinin 80%-i Bak\u0131 \u015f\u0259h\u0259rind\u0259dir. S\u0259b\u0259b d\u0259 banklar\u0131n riskl\u0259 ba\u011fl\u0131 h\u0259min istiqam\u0259td\u0259 h\u0259r\u0259k\u0259t etm\u0259m\u0259sidir. Z\u0259man\u0259t Fonduna t\u0259klif etdiyimiz s\u0259lahiyy\u0259t verils\u0259, o bazar daha da inki\u015faf ed\u0259 bil\u0259r, sahibkarlar\u0131n maliyy\u0259 \u0259l\u00e7atanl\u0131\u011f\u0131 asanla\u015far.<\/span><\/p>\n<p style=\"font-weight: 400;\"><span style=\"font-style: inherit; font-weight: inherit;\">O qeyd edib ki, 2019-cu ilin dekabr ay\u0131na mikromaliyy\u0259l\u0259\u015fm\u0259nin kredit portfeli t\u0259xmin\u0259n 370 mln. manatad\u0259k\u00a0\u00a0olub.<\/span><\/p>\n","protected":false},"excerpt":{"rendered":"<p>Az\u0259rbaycan Mikromaliyy\u0259 Assosiasiyas\u0131 (AMFA) maliyy\u0259 \u0259l\u00e7atanl\u0131\u011f\u0131n\u0131n asanla\u015fd\u0131r\u0131lmas\u0131, maliyy\u0259 resurslar\u0131na \u00e7\u0131x\u0131\u015f\u0131n geni\u015fl\u0259ndirilm\u0259si il\u0259 ba\u011fl\u0131 t\u0259klifl\u0259r haz\u0131rlay\u0131b. AMFA-n\u0131n \u0130dar\u0259 Hey\u0259tinin \u00fczv\u00fc S\u00fcleyman&hellip;<\/p>\n","protected":false},"author":1,"featured_media":0,"comment_status":"closed","ping_status":"closed","sticky":false,"template":"","format":"standard","meta":{"om_disable_all_campaigns":false,"_monsterinsights_skip_tracking":false,"_uf_show_specific_survey":0,"_uf_disable_surveys":false,"footnotes":""},"categories":[6],"tags":[],"aioseo_notices":[],"_links":{"self":[{"href":"https:\/\/hakimiyyet.info.az\/index.php?rest_route=\/wp\/v2\/posts\/11409"}],"collection":[{"href":"https:\/\/hakimiyyet.info.az\/index.php?rest_route=\/wp\/v2\/posts"}],"about":[{"href":"https:\/\/hakimiyyet.info.az\/index.php?rest_route=\/wp\/v2\/types\/post"}],"author":[{"embeddable":true,"href":"https:\/\/hakimiyyet.info.az\/index.php?rest_route=\/wp\/v2\/users\/1"}],"replies":[{"embeddable":true,"href":"https:\/\/hakimiyyet.info.az\/index.php?rest_route=%2Fwp%2Fv2%2Fcomments&post=11409"}],"version-history":[{"count":1,"href":"https:\/\/hakimiyyet.info.az\/index.php?rest_route=\/wp\/v2\/posts\/11409\/revisions"}],"predecessor-version":[{"id":11410,"href":"https:\/\/hakimiyyet.info.az\/index.php?rest_route=\/wp\/v2\/posts\/11409\/revisions\/11410"}],"wp:attachment":[{"href":"https:\/\/hakimiyyet.info.az\/index.php?rest_route=%2Fwp%2Fv2%2Fmedia&parent=11409"}],"wp:term":[{"taxonomy":"category","embeddable":true,"href":"https:\/\/hakimiyyet.info.az\/index.php?rest_route=%2Fwp%2Fv2%2Fcategories&post=11409"},{"taxonomy":"post_tag","embeddable":true,"href":"https:\/\/hakimiyyet.info.az\/index.php?rest_route=%2Fwp%2Fv2%2Ftags&post=11409"}],"curies":[{"name":"wp","href":"https:\/\/api.w.org\/{rel}","templated":true}]}}