{"id":11461,"date":"2020-01-16T10:42:36","date_gmt":"2020-01-16T06:42:36","guid":{"rendered":"https:\/\/www.amimb.net\/?p=11461"},"modified":"2020-01-16T10:42:36","modified_gmt":"2020-01-16T06:42:36","slug":"n%c9%99cm%c9%99ddin-sadikov-nato-nun-toplantisinda-istirak-edib","status":"publish","type":"post","link":"https:\/\/hakimiyyet.info.az\/?p=11461","title":{"rendered":"N\u0259cm\u0259ddin Sad\u0131kov NATO-nun toplant\u0131s\u0131nda i\u015ftirak edib"},"content":{"rendered":"<p style=\"font-weight: 400;\"><span style=\"font-style: inherit; font-weight: inherit;\">NATO-nun H\u0259rbi Komit\u0259sinin \u201cQ\u0259tiyy\u0259tli D\u0259st\u0259k\u201d missiyas\u0131 format\u0131nda Ba\u015f Q\u0259rargah r\u0259isl\u0259ri s\u0259viyy\u0259sind\u0259 g\u00f6r\u00fc\u015f ke\u00e7irilib.<\/span><\/p>\n<p style=\"font-weight: 400;\"><span style=\"font-style: inherit; font-weight: inherit;\"><a href=\"https:\/\/apa.az\/\">APA<\/a>-n\u0131n x\u0259b\u0259rin\u0259 g\u00f6r\u0259, Br\u00fcsseld\u0259 NATO-nun m\u0259nzil q\u0259rargah\u0131nda ke\u00e7iril\u0259n g\u00f6r\u00fc\u015f\u0259 Az\u0259rbaycan M\u00fcdafi\u0259 nazirinin birinci m\u00fcavini &#8211; Silahl\u0131 Q\u00fcvv\u0259l\u0259rin Ba\u015f Q\u0259rargah r\u0259isi general-polkovnik N\u0259cm\u0259ddin Sad\u0131kov da qat\u0131l\u0131b.<\/span><\/p>\n<p style=\"font-weight: 400;\"><span style=\"font-style: inherit; font-weight: inherit;\">G\u00f6r\u00fc\u015fd\u0259 Ba\u015f Q\u0259rargah r\u0259isl\u0259ri \u018ffqan\u0131standa t\u0259hl\u00fck\u0259sizlik \u015f\u0259raiti, NATO-nun \u201cQ\u0259tiyy\u0259tli D\u0259st\u0259k\u201d missiyas\u0131n\u0131n gedi\u015fat\u0131 v\u0259 \u0259m\u0259liyyat \u015f\u0259raitind\u0259 d\u0259yi\u015fiklikl\u0259r, habel\u0259 \u018ffqan\u0131stan t\u0259hl\u00fck\u0259sizlik q\u00fcvv\u0259l\u0259rin\u0259 t\u0259lim ke\u00e7irilm\u0259si \u00fc\u00e7\u00fcn \u0259sas s\u0259yl\u0259r n\u0259z\u0259rd\u0259n ke\u00e7irilib.<\/span><\/p>\n","protected":false},"excerpt":{"rendered":"<p>NATO-nun H\u0259rbi Komit\u0259sinin \u201cQ\u0259tiyy\u0259tli D\u0259st\u0259k\u201d missiyas\u0131 format\u0131nda Ba\u015f Q\u0259rargah r\u0259isl\u0259ri s\u0259viyy\u0259sind\u0259 g\u00f6r\u00fc\u015f ke\u00e7irilib. APA-n\u0131n x\u0259b\u0259rin\u0259 g\u00f6r\u0259, Br\u00fcsseld\u0259 NATO-nun m\u0259nzil q\u0259rargah\u0131nda&hellip;<\/p>\n","protected":false},"author":1,"featured_media":0,"comment_status":"closed","ping_status":"closed","sticky":false,"template":"","format":"standard","meta":{"om_disable_all_campaigns":false,"_monsterinsights_skip_tracking":false,"_uf_show_specific_survey":0,"_uf_disable_surveys":false,"footnotes":""},"categories":[5],"tags":[],"aioseo_notices":[],"_links":{"self":[{"href":"https:\/\/hakimiyyet.info.az\/index.php?rest_route=\/wp\/v2\/posts\/11461"}],"collection":[{"href":"https:\/\/hakimiyyet.info.az\/index.php?rest_route=\/wp\/v2\/posts"}],"about":[{"href":"https:\/\/hakimiyyet.info.az\/index.php?rest_route=\/wp\/v2\/types\/post"}],"author":[{"embeddable":true,"href":"https:\/\/hakimiyyet.info.az\/index.php?rest_route=\/wp\/v2\/users\/1"}],"replies":[{"embeddable":true,"href":"https:\/\/hakimiyyet.info.az\/index.php?rest_route=%2Fwp%2Fv2%2Fcomments&post=11461"}],"version-history":[{"count":1,"href":"https:\/\/hakimiyyet.info.az\/index.php?rest_route=\/wp\/v2\/posts\/11461\/revisions"}],"predecessor-version":[{"id":11462,"href":"https:\/\/hakimiyyet.info.az\/index.php?rest_route=\/wp\/v2\/posts\/11461\/revisions\/11462"}],"wp:attachment":[{"href":"https:\/\/hakimiyyet.info.az\/index.php?rest_route=%2Fwp%2Fv2%2Fmedia&parent=11461"}],"wp:term":[{"taxonomy":"category","embeddable":true,"href":"https:\/\/hakimiyyet.info.az\/index.php?rest_route=%2Fwp%2Fv2%2Fcategories&post=11461"},{"taxonomy":"post_tag","embeddable":true,"href":"https:\/\/hakimiyyet.info.az\/index.php?rest_route=%2Fwp%2Fv2%2Ftags&post=11461"}],"curies":[{"name":"wp","href":"https:\/\/api.w.org\/{rel}","templated":true}]}}