{"id":11465,"date":"2020-01-16T10:46:04","date_gmt":"2020-01-16T06:46:04","guid":{"rendered":"https:\/\/www.amimb.net\/?p=11465"},"modified":"2020-01-16T10:46:04","modified_gmt":"2020-01-16T06:46:04","slug":"s%c9%99ad%c9%99t-yusifova-parlament-seckil%c9%99ri-az%c9%99rbaycanda-secki-institutunun-inkisafi-il%c9%99-yadda-qalacaq","status":"publish","type":"post","link":"https:\/\/hakimiyyet.info.az\/?p=11465","title":{"rendered":"S\u0259ad\u0259t Yusifova: \u201cParlament se\u00e7kil\u0259ri Az\u0259rbaycanda se\u00e7ki institutunun inki\u015faf\u0131 il\u0259 yadda qalacaq\u201d"},"content":{"rendered":"<p>\u201c\u00d6lk\u0259 \u0259halisinin 80 faizinin internet\u0259 \u00e7\u0131x\u0131\u015f\u0131 var, onlardan 82 faiz sosial \u015f\u0259b\u0259k\u0259 istifad\u0259\u00e7isidir\u201d.<\/p>\n<p><a href=\"https:\/\/apa.az\/\" target=\"_blank\" rel=\"noopener noreferrer\">APA<\/a>-n\u0131n m\u0259lumat\u0131na g\u00f6r\u0259,\u00a0 bunu bu g\u00fcn bunu bu g\u00fcn &#8220;Seckinin mediada isiqland\u0131r\u0131lmas\u0131&#8221; m\u00f6vzusunda ke\u00e7iril\u0259n informasiya sessiyas\u0131nda Prezident Administrasiyas\u0131n\u0131n Qeyri-h\u00f6kum\u0259t t\u0259\u015fkilatlar\u0131 il\u0259 i\u015f v\u0259 kommunikasiya \u015f\u00f6b\u0259sinin m\u00fcdir m\u00fcavini S\u0259ad\u0259t Yusifova bildirib.<\/p>\n<p>S. Yusifova deyib ki, indiy\u0259 q\u0259d\u0259r 1534 deputatl\u0131\u011fa namiz\u0259d qeyd\u0259 al\u0131n\u0131b: \u201c\u018fmin\u0259m ki, parlament se\u00e7kil\u0259ri Az\u0259rbaycanda se\u00e7ki institutunun inki\u015faf\u0131 il\u0259 yadda qalacaq. Media is\u0259 sosial m\u0259suliyy\u0259t \u0259n\u0259n\u0259l\u0259rinin m\u00f6hk\u0259ml\u0259nm\u0259sin\u0259 \u00f6z t\u00f6hf\u0259sini ver\u0259c\u0259k . Se\u00e7kid\u0259 t\u0259bli\u011fat v\u0259 t\u0259\u015fviqat \u00fc\u00e7\u00fcn namiz\u0259dl\u0259r\u0259 270 yer ayr\u0131l\u0131b\u201d.<\/p>\n","protected":false},"excerpt":{"rendered":"<p>\u201c\u00d6lk\u0259 \u0259halisinin 80 faizinin internet\u0259 \u00e7\u0131x\u0131\u015f\u0131 var, onlardan 82 faiz sosial \u015f\u0259b\u0259k\u0259 istifad\u0259\u00e7isidir\u201d. APA-n\u0131n m\u0259lumat\u0131na g\u00f6r\u0259,\u00a0 bunu bu g\u00fcn bunu&hellip;<\/p>\n","protected":false},"author":1,"featured_media":0,"comment_status":"closed","ping_status":"closed","sticky":false,"template":"","format":"standard","meta":{"om_disable_all_campaigns":false,"_monsterinsights_skip_tracking":false,"_uf_show_specific_survey":0,"_uf_disable_surveys":false,"footnotes":""},"categories":[7,5],"tags":[],"aioseo_notices":[],"_links":{"self":[{"href":"https:\/\/hakimiyyet.info.az\/index.php?rest_route=\/wp\/v2\/posts\/11465"}],"collection":[{"href":"https:\/\/hakimiyyet.info.az\/index.php?rest_route=\/wp\/v2\/posts"}],"about":[{"href":"https:\/\/hakimiyyet.info.az\/index.php?rest_route=\/wp\/v2\/types\/post"}],"author":[{"embeddable":true,"href":"https:\/\/hakimiyyet.info.az\/index.php?rest_route=\/wp\/v2\/users\/1"}],"replies":[{"embeddable":true,"href":"https:\/\/hakimiyyet.info.az\/index.php?rest_route=%2Fwp%2Fv2%2Fcomments&post=11465"}],"version-history":[{"count":1,"href":"https:\/\/hakimiyyet.info.az\/index.php?rest_route=\/wp\/v2\/posts\/11465\/revisions"}],"predecessor-version":[{"id":11466,"href":"https:\/\/hakimiyyet.info.az\/index.php?rest_route=\/wp\/v2\/posts\/11465\/revisions\/11466"}],"wp:attachment":[{"href":"https:\/\/hakimiyyet.info.az\/index.php?rest_route=%2Fwp%2Fv2%2Fmedia&parent=11465"}],"wp:term":[{"taxonomy":"category","embeddable":true,"href":"https:\/\/hakimiyyet.info.az\/index.php?rest_route=%2Fwp%2Fv2%2Fcategories&post=11465"},{"taxonomy":"post_tag","embeddable":true,"href":"https:\/\/hakimiyyet.info.az\/index.php?rest_route=%2Fwp%2Fv2%2Ftags&post=11465"}],"curies":[{"name":"wp","href":"https:\/\/api.w.org\/{rel}","templated":true}]}}