{"id":11483,"date":"2020-01-16T11:07:58","date_gmt":"2020-01-16T07:07:58","guid":{"rendered":"https:\/\/www.amimb.net\/?p=11483"},"modified":"2020-01-16T11:07:58","modified_gmt":"2020-01-16T07:07:58","slug":"qulam-isaqzayi-b%c9%99zi-m%c9%99s%c9%99l%c9%99l%c9%99ri-bmt-ozu-tam-m%c9%99nada-icra-ed%c9%99-bilm%c9%99z","status":"publish","type":"post","link":"https:\/\/hakimiyyet.info.az\/?p=11483","title":{"rendered":"Qulam \u0130saqzayi: B\u0259zi m\u0259s\u0259l\u0259l\u0259ri BMT \u00f6z\u00fc tam m\u0259nada icra ed\u0259 bilm\u0259z"},"content":{"rendered":"<p>Az\u0259rbaycan iqlim d\u0259yi\u015fikliyin\u0259 g\u00f6r\u0259 daha g\u00fccl\u00fc sistem qura bil\u0259r.<\/p>\n<p><strong>Oxu.Az<\/strong>\u00a0x\u0259b\u0259r verir ki, bunu BMT-nin Rezident \u018flaq\u0259l\u0259ndiricisi Qulam \u0130saqzayi Strateji Prioritetl\u0259\u015fdirm\u0259 Seminar\u0131nda \u00e7\u0131x\u0131\u015f\u0131 zaman\u0131 deyib.<\/p>\n<p>Onun s\u00f6zl\u0259rin\u0259 g\u00f6r\u0259, bu g\u00fcn Az\u0259rbaycan \u0259traf m\u00fchit\u0259 g\u00fccl\u00fc t\u0259sir ed\u0259n \u00f6lk\u0259 deyil:<\/p>\n<p>\u201cAz\u0259rbaycan \u0259traf m\u00fchit\u0259 \u00e7ox t\u0259sir ed\u0259n \u00f6lk\u0259 deyil, amma ist\u0259rdik ki, Az\u0259rbaycan iqlim d\u0259yi\u015fikliyin\u0259 g\u00f6r\u0259 daha g\u00fccl\u00fc sistem qura bilsin. H\u00f6kum\u0259t qurumlar\u0131n\u0131n bacar\u0131qlar\u0131n\u0131n art\u0131r\u0131lmas\u0131 bu istiqam\u0259td\u0259 vacib m\u0259qamlardan biridir\u201d.<\/p>\n<p>Q.\u0130saqzayi onu da \u0259lav\u0259 edib ki, Az\u0259rbaycan dayan\u0131ql\u0131 inki\u015faf m\u0259qs\u0259dl\u0259rin\u0259 nail olma\u011f\u0131 \u0259sas h\u0259d\u0259f kimi qar\u015f\u0131s\u0131na qoyub:<\/p>\n<p>\u201cBMT Az\u0259rbaycan h\u00f6kum\u0259ti il\u0259 s\u0131x \u0259m\u0259kda\u015fl\u0131q \u015f\u0259raitind\u0259 \u00e7al\u0131\u015f\u0131r. Az\u0259rbaycan qar\u015f\u0131dak\u0131 m\u0259qs\u0259dl\u0259ri icra etm\u0259k ist\u0259yirs\u0259, 2030-cu il\u0259 olan g\u00fcnd\u0259liy\u0259 \u00f6z t\u0259klifl\u0259rini verm\u0259lidir. Bu, tarixd\u0259 g\u00f6r\u00fclm\u0259mi\u015f g\u00fcnd\u0259likdir. \u0130qlim d\u0259yi\u015fikliyi, b\u0259rab\u0259rliyin t\u0259min edilm\u0259si, yoxsullu\u011fun aradan qald\u0131r\u0131lmas\u0131 m\u0259s\u0259l\u0259sini BMT \u00f6z\u00fc tam m\u0259nada icra ed\u0259 bilm\u0259z\u201d.<\/p>\n","protected":false},"excerpt":{"rendered":"<p>Az\u0259rbaycan iqlim d\u0259yi\u015fikliyin\u0259 g\u00f6r\u0259 daha g\u00fccl\u00fc sistem qura bil\u0259r. Oxu.Az\u00a0x\u0259b\u0259r verir ki, bunu BMT-nin Rezident \u018flaq\u0259l\u0259ndiricisi Qulam \u0130saqzayi Strateji Prioritetl\u0259\u015fdirm\u0259&hellip;<\/p>\n","protected":false},"author":1,"featured_media":0,"comment_status":"closed","ping_status":"closed","sticky":false,"template":"","format":"standard","meta":{"om_disable_all_campaigns":false,"_monsterinsights_skip_tracking":false,"_uf_show_specific_survey":0,"_uf_disable_surveys":false,"footnotes":""},"categories":[2],"tags":[],"aioseo_notices":[],"_links":{"self":[{"href":"https:\/\/hakimiyyet.info.az\/index.php?rest_route=\/wp\/v2\/posts\/11483"}],"collection":[{"href":"https:\/\/hakimiyyet.info.az\/index.php?rest_route=\/wp\/v2\/posts"}],"about":[{"href":"https:\/\/hakimiyyet.info.az\/index.php?rest_route=\/wp\/v2\/types\/post"}],"author":[{"embeddable":true,"href":"https:\/\/hakimiyyet.info.az\/index.php?rest_route=\/wp\/v2\/users\/1"}],"replies":[{"embeddable":true,"href":"https:\/\/hakimiyyet.info.az\/index.php?rest_route=%2Fwp%2Fv2%2Fcomments&post=11483"}],"version-history":[{"count":1,"href":"https:\/\/hakimiyyet.info.az\/index.php?rest_route=\/wp\/v2\/posts\/11483\/revisions"}],"predecessor-version":[{"id":11484,"href":"https:\/\/hakimiyyet.info.az\/index.php?rest_route=\/wp\/v2\/posts\/11483\/revisions\/11484"}],"wp:attachment":[{"href":"https:\/\/hakimiyyet.info.az\/index.php?rest_route=%2Fwp%2Fv2%2Fmedia&parent=11483"}],"wp:term":[{"taxonomy":"category","embeddable":true,"href":"https:\/\/hakimiyyet.info.az\/index.php?rest_route=%2Fwp%2Fv2%2Fcategories&post=11483"},{"taxonomy":"post_tag","embeddable":true,"href":"https:\/\/hakimiyyet.info.az\/index.php?rest_route=%2Fwp%2Fv2%2Ftags&post=11483"}],"curies":[{"name":"wp","href":"https:\/\/api.w.org\/{rel}","templated":true}]}}