{"id":11485,"date":"2020-01-16T11:08:26","date_gmt":"2020-01-16T07:08:26","guid":{"rendered":"https:\/\/www.amimb.net\/?p=11485"},"modified":"2020-01-16T11:08:26","modified_gmt":"2020-01-16T07:08:26","slug":"mikayil-cabbarov-strateji-s%c9%99n%c9%99dl%c9%99rin-dim-l%c9%99r%c9%99-uygunlugu-70-faiz-mu%c9%99yy%c9%99n-edilib","status":"publish","type":"post","link":"https:\/\/hakimiyyet.info.az\/?p=11485","title":{"rendered":"Mikay\u0131l Cabbarov: Strateji s\u0259n\u0259dl\u0259rin D\u0130M-l\u0259r\u0259 uy\u011funlu\u011fu 70 faiz m\u00fc\u0259yy\u0259n edilib"},"content":{"rendered":"<p>2001-ci ild\u0259 \u00f6lk\u0259d\u0259 49 faiz\u00a0olan yoxulluq s\u0259viyy\u0259si bu g\u00fcn 4,9 faiz\u0259 q\u0259d\u0259r a\u015fa\u011f\u0131 enib.<\/p>\n<p><strong>Oxu.Az<\/strong>\u00a0x\u0259b\u0259r verir ki, bunu qtisadiyyat naziri Mikay\u0131l Cabbarov Bak\u0131da ke\u00e7iril\u0259n Strateji Prioritetl\u0259\u015fdirm\u0259 Seminar\u0131nda \u00e7\u0131x\u0131\u015f\u0131nda deyib.<\/p>\n<p>O bildirib ki, D\u0130M-l\u0259rin milli prioritetl\u0259r\u0259 uy\u011funlu\u011funu m\u00fc\u0259yy\u0259n etm\u0259k \u00fc\u00e7\u00fcn s\u00fcr\u0259tli kompleks qiym\u0259tl\u0259ndirm\u0259 apar\u0131l\u0131b:<\/p>\n<p>\u201c2016-c\u0131 ild\u0259 Az\u0259rbaycan prezidenti t\u0259r\u0259find\u0259n imzalanm\u0131\u015f m\u00fcvafiq f\u0259rmanla yarad\u0131lm\u0131\u015f Dayan\u0131ql\u0131 \u0130nki\u015faf \u00fczr\u0259 \u018flaq\u0259l\u0259ndirm\u0259 \u015euras\u0131 t\u0259r\u0259find\u0259n Az\u0259rbaycan \u00fc\u00e7\u00fcn prioritet hesab edil\u0259n 17 m\u0259qs\u0259d, 88 h\u0259d\u0259f g\u00f6st\u0259rici qar\u015f\u0131ya qoyulub.<\/p>\n<p>Bu h\u0259d\u0259fl\u0259r \u00fczr\u0259 haz\u0131rlanan d\u00f6vl\u0259t proqramlar\u0131 milli f\u0259aliyy\u0259t proqramlar\u0131na inteqrasiya edilib.<\/p>\n<p>D\u0130M-l\u0259rin milli prioritetl\u0259r\u0259 uy\u011funlu\u011funun m\u00fc\u0259yy\u0259n edilm\u0259si \u00fc\u00e7\u00fcn apar\u0131lan kompleks qiym\u0259tl\u0259ndirm\u0259 v\u0259 onun n\u0259tic\u0259l\u0259rin\u0259 g\u00f6r\u0259, m\u00f6vcud strateji s\u0259n\u0259dl\u0259rin D\u0130M-l\u0259r\u0259 uy\u011funlu\u011fu\u00a070 faiz m\u00fc\u0259yy\u0259n edilib\u201d.<\/p>\n","protected":false},"excerpt":{"rendered":"<p>2001-ci ild\u0259 \u00f6lk\u0259d\u0259 49 faiz\u00a0olan yoxulluq s\u0259viyy\u0259si bu g\u00fcn 4,9 faiz\u0259 q\u0259d\u0259r a\u015fa\u011f\u0131 enib. Oxu.Az\u00a0x\u0259b\u0259r verir ki, bunu qtisadiyyat naziri&hellip;<\/p>\n","protected":false},"author":1,"featured_media":0,"comment_status":"closed","ping_status":"closed","sticky":false,"template":"","format":"standard","meta":{"om_disable_all_campaigns":false,"_monsterinsights_skip_tracking":false,"_uf_show_specific_survey":0,"_uf_disable_surveys":false,"footnotes":""},"categories":[2],"tags":[],"aioseo_notices":[],"_links":{"self":[{"href":"https:\/\/hakimiyyet.info.az\/index.php?rest_route=\/wp\/v2\/posts\/11485"}],"collection":[{"href":"https:\/\/hakimiyyet.info.az\/index.php?rest_route=\/wp\/v2\/posts"}],"about":[{"href":"https:\/\/hakimiyyet.info.az\/index.php?rest_route=\/wp\/v2\/types\/post"}],"author":[{"embeddable":true,"href":"https:\/\/hakimiyyet.info.az\/index.php?rest_route=\/wp\/v2\/users\/1"}],"replies":[{"embeddable":true,"href":"https:\/\/hakimiyyet.info.az\/index.php?rest_route=%2Fwp%2Fv2%2Fcomments&post=11485"}],"version-history":[{"count":1,"href":"https:\/\/hakimiyyet.info.az\/index.php?rest_route=\/wp\/v2\/posts\/11485\/revisions"}],"predecessor-version":[{"id":11486,"href":"https:\/\/hakimiyyet.info.az\/index.php?rest_route=\/wp\/v2\/posts\/11485\/revisions\/11486"}],"wp:attachment":[{"href":"https:\/\/hakimiyyet.info.az\/index.php?rest_route=%2Fwp%2Fv2%2Fmedia&parent=11485"}],"wp:term":[{"taxonomy":"category","embeddable":true,"href":"https:\/\/hakimiyyet.info.az\/index.php?rest_route=%2Fwp%2Fv2%2Fcategories&post=11485"},{"taxonomy":"post_tag","embeddable":true,"href":"https:\/\/hakimiyyet.info.az\/index.php?rest_route=%2Fwp%2Fv2%2Ftags&post=11485"}],"curies":[{"name":"wp","href":"https:\/\/api.w.org\/{rel}","templated":true}]}}