{"id":11487,"date":"2020-01-16T11:09:32","date_gmt":"2020-01-16T07:09:32","guid":{"rendered":"https:\/\/www.amimb.net\/?p=11487"},"modified":"2020-01-16T11:11:24","modified_gmt":"2020-01-16T07:11:24","slug":"2016-ci-ild%c9%99-az%c9%99rbaycan-prezidenti-t%c9%99r%c9%99find%c9%99n-imzalanmis-muvafiq-f%c9%99rmanla-yaradilmis-dayaniqli-inkisaf-uzr%c9%99-%c9%99laq%c9%99l%c9%99ndirm%c9%99-surasi-t%c9%99","status":"publish","type":"post","link":"https:\/\/hakimiyyet.info.az\/?p=11487","title":{"rendered":"Prezident Administrasiyas\u0131 r\u0259smisind\u0259n mediaya \u00c7A\u011eIRI\u015e"},"content":{"rendered":"<p>Parlament se\u00e7kil\u0259ri bug\u00fcnk\u00fc g\u00fcnd\u0259min \u0259sas m\u00f6vzusudur.<\/p>\n<p><b>B<\/b>unu Avropa \u015euras\u0131n\u0131n M\u0259rk\u0259zi Se\u00e7ki Komissiyas\u0131 il\u0259 birlikd\u0259 ke\u00e7irdiyi \u201cSe\u00e7kinin mediada i\u015f\u0131qland\u0131r\u0131lmas\u0131\u201d m\u00f6vzusunda informasiya sessiyas\u0131nda Prezident Administrasiyas\u0131n\u0131n (PA) Qeyri-h\u00f6kum\u0259t t\u0259\u015fkilatlar\u0131 il\u0259 i\u015f v\u0259 kommunikasiya \u015f\u00f6b\u0259sinin m\u00fcdir m\u00fcavini\u00a0S\u0259ad\u0259t Yusifova deyib.<\/p>\n<p>O bildirib ki, 2019-cu ild\u0259 Az\u0259rbaycanda h\u0259yata ke\u00e7iril\u0259n islahatlar h\u0259m mahiyy\u0259t, h\u0259m d\u0259 keyfiyy\u0259tin\u0259 g\u00f6r\u0259\u00a0\u0259vv\u0259lki ill\u0259rd\u0259n f\u0259rql\u0259nib.<\/p>\n<p>S.Yusifovan\u0131n s\u00f6zl\u0259rin\u0259 g\u00f6r\u0259, apar\u0131lan geni\u015fmiqyasl\u0131 islahatlar ictimai m\u00fcnasib\u0259tl\u0259r\u0259 d\u0259 \u00f6z m\u00fcsb\u0259t t\u0259sirini g\u00f6st\u0259rir.<\/p>\n<p>S.Yusifova \u0259lav\u0259 edib ki, parlament se\u00e7kil\u0259rinin ke\u00e7irilm\u0259si d\u0259 islahatlar\u0131n t\u0259rkib hiss\u0259sidir.\u00a0PA r\u0259smisi bildirib ki, se\u00e7kil\u0259r m\u00fcasir standartlar \u00e7\u0259r\u00e7iv\u0259sind\u0259 ke\u00e7iril\u0259c\u0259k.<\/p>\n<p>S.Yusifova qeyd edib ki, media se\u00e7ki prosesind\u0259 aktiv i\u015ftirak edir.<\/p>\n<p>\u201cSe\u00e7kil\u0259r d\u00f6vr\u00fcnd\u0259 media prosesl\u0259ri obyektiv i\u015f\u0131qland\u0131rmal\u0131d\u0131r. B\u00fct\u00fcn namiz\u0259dl\u0259r\u0259 b\u0259rab\u0259r \u015f\u0259rait yarad\u0131lmal\u0131d\u0131r\u201d, &#8211; dey\u0259 S.Yusifova bildirib.<\/p>\n<p>O \u0259lav\u0259 edib ki, se\u00e7ki prosesind\u0259 qanunvericiliyin pozulmas\u0131 hallar\u0131 da istisna deyil.<\/p>\n","protected":false},"excerpt":{"rendered":"<p>Parlament se\u00e7kil\u0259ri bug\u00fcnk\u00fc g\u00fcnd\u0259min \u0259sas m\u00f6vzusudur. Bunu Avropa \u015euras\u0131n\u0131n M\u0259rk\u0259zi Se\u00e7ki Komissiyas\u0131 il\u0259 birlikd\u0259 ke\u00e7irdiyi \u201cSe\u00e7kinin mediada i\u015f\u0131qland\u0131r\u0131lmas\u0131\u201d m\u00f6vzusunda informasiya&hellip;<\/p>\n","protected":false},"author":1,"featured_media":0,"comment_status":"closed","ping_status":"closed","sticky":false,"template":"","format":"standard","meta":{"om_disable_all_campaigns":false,"_monsterinsights_skip_tracking":false,"_uf_show_specific_survey":0,"_uf_disable_surveys":false,"footnotes":""},"categories":[2,5],"tags":[],"aioseo_notices":[],"_links":{"self":[{"href":"https:\/\/hakimiyyet.info.az\/index.php?rest_route=\/wp\/v2\/posts\/11487"}],"collection":[{"href":"https:\/\/hakimiyyet.info.az\/index.php?rest_route=\/wp\/v2\/posts"}],"about":[{"href":"https:\/\/hakimiyyet.info.az\/index.php?rest_route=\/wp\/v2\/types\/post"}],"author":[{"embeddable":true,"href":"https:\/\/hakimiyyet.info.az\/index.php?rest_route=\/wp\/v2\/users\/1"}],"replies":[{"embeddable":true,"href":"https:\/\/hakimiyyet.info.az\/index.php?rest_route=%2Fwp%2Fv2%2Fcomments&post=11487"}],"version-history":[{"count":2,"href":"https:\/\/hakimiyyet.info.az\/index.php?rest_route=\/wp\/v2\/posts\/11487\/revisions"}],"predecessor-version":[{"id":11490,"href":"https:\/\/hakimiyyet.info.az\/index.php?rest_route=\/wp\/v2\/posts\/11487\/revisions\/11490"}],"wp:attachment":[{"href":"https:\/\/hakimiyyet.info.az\/index.php?rest_route=%2Fwp%2Fv2%2Fmedia&parent=11487"}],"wp:term":[{"taxonomy":"category","embeddable":true,"href":"https:\/\/hakimiyyet.info.az\/index.php?rest_route=%2Fwp%2Fv2%2Fcategories&post=11487"},{"taxonomy":"post_tag","embeddable":true,"href":"https:\/\/hakimiyyet.info.az\/index.php?rest_route=%2Fwp%2Fv2%2Ftags&post=11487"}],"curies":[{"name":"wp","href":"https:\/\/api.w.org\/{rel}","templated":true}]}}