{"id":11504,"date":"2020-01-17T00:46:13","date_gmt":"2020-01-16T20:46:13","guid":{"rendered":"https:\/\/www.hakimiyyet.com\/?p=11504"},"modified":"2020-01-17T00:46:13","modified_gmt":"2020-01-16T20:46:13","slug":"bakida-seckinin-mediada-isiqlandirilmasi-movzusunda-informasiya-sessiyasi-kecirilib","status":"publish","type":"post","link":"https:\/\/hakimiyyet.info.az\/?p=11504","title":{"rendered":"Bak\u0131da \u201cSe\u00e7kinin mediada i\u015f\u0131qland\u0131r\u0131lmas\u0131\u201d m\u00f6vzusunda informasiya sessiyas\u0131 ke\u00e7irilib"},"content":{"rendered":"<h1 class=\"content-title\"><span style=\"color: #404040; font-size: 16px; font-weight: 400;\">Yanvar\u0131n 16-da Avropa \u015euras\u0131 M\u0259rk\u0259zi Se\u00e7ki Komissiyas\u0131 il\u0259 birlikd\u0259 Bak\u0131da \u201cSe\u00e7kinin mediada i\u015f\u0131qland\u0131r\u0131lmas\u0131\u201d m\u00f6vzusunda informasiya sessiyas\u0131 t\u0259\u015fkil edib.<\/span><\/h1>\n<div class=\"content-text\">\n<div class=\"left-content\">\n<div id=\"selectedtext\">\n<p>T\u0259dbir Avropa \u015euras\u0131n\u0131n \u201cAz\u0259rbaycan medias\u0131nda gender b\u0259rab\u0259rliyi v\u0259 dig\u0259r etik standartlar\u0131n t\u0259\u015fviqi\u201d layih\u0259si \u00e7\u0259r\u00e7iv\u0259sind\u0259 ke\u00e7irilib. \u018fsas m\u0259qs\u0259d fevral\u0131n 9-da Az\u0259rbaycanda ke\u00e7iril\u0259c\u0259k parlament se\u00e7kil\u0259ri \u00f6nc\u0259si jurnalistl\u0259rin gender b\u0259rab\u0259rliyin\u0259 d\u0259 x\u00fcsusi diqq\u0259t yetir\u0259r\u0259k se\u00e7kinin mediada i\u015f\u0131qland\u0131r\u0131lmas\u0131 sah\u0259sind\u0259 Avropa \u015euras\u0131 standartlar\u0131na dair m\u0259lumatl\u0131l\u0131\u011f\u0131n\u0131n art\u0131r\u0131lmas\u0131 olub. T\u0259dbird\u0259 60-a yax\u0131n media n\u00fcmay\u0259nd\u0259si, el\u0259c\u0259 d\u0259 d\u00f6vl\u0259t qurumlar\u0131n\u0131n v\u0259 diplomatik missiyalar\u0131n n\u00fcmay\u0259nd\u0259l\u0259ri, beyn\u0259lxalq v\u0259 yerli ekspertl\u0259r i\u015ftirak edibl\u0259r.<\/p>\n<p>Sessiyada \u00e7\u0131x\u0131\u015f ed\u0259n M\u0259rk\u0259zi Se\u00e7ki Komissiyas\u0131n\u0131n s\u0259dri M\u0259zahir P\u0259nahov bildirib ki, \u0259vv\u0259lki parlament se\u00e7kil\u0259ri il\u0259 m\u00fcqayis\u0259d\u0259 fevral\u0131n 9-da Milli M\u0259clis\u0259 ke\u00e7iril\u0259c\u0259k se\u00e7kil\u0259rl\u0259 \u0259laq\u0259dar indiy\u0259d\u0259k rekord sayda deputatl\u0131\u011fa namiz\u0259d qeyd\u0259 al\u0131n\u0131b. Yanvar\u0131n 15-n\u0259 olan m\u0259lumata g\u00f6r\u0259, 1534 n\u0259f\u0259rin deputatl\u0131\u011fa namiz\u0259dliyi qeyd\u0259 al\u0131n\u0131b.<\/p>\n<p>MSK s\u0259dri qeyd edib ki, se\u00e7ki prosesind\u0259 m\u0259tbuat f\u0259al i\u015ftirak edir. Bu da Az\u0259rbaycan d\u00f6vl\u0259tinin \u015f\u0259ffaf, demokratik se\u00e7kil\u0259rin ke\u00e7irilm\u0259si \u00fc\u00e7\u00fcn ortaya qoydu\u011fu siyasi irad\u0259nin \u0259n bariz n\u00fcmun\u0259l\u0259rind\u0259n biridir. Se\u00e7kil\u0259r m\u0259tbuat \u00fc\u00e7\u00fcn a\u00e7\u0131q olmal\u0131d\u0131r, K\u0130V bu prosesd\u0259 \u00f6n\u0259mli rol oynamal\u0131d\u0131r. \u00c7\u00fcnki ist\u0259nil\u0259n \u00f6lk\u0259d\u0259 \u0259h\u0259miyy\u0259tli t\u0259dbirin ictimaiyy\u0259t\u0259 \u00e7atd\u0131r\u0131lmas\u0131nda \u0259n \u00f6n\u0259mli rol m\u0259tbuat\u0131n \u00fcz\u0259rin\u0259 d\u00fc\u015f\u00fcr. MSK da m\u0259tbuatla birg\u0259 i\u015fl\u0259m\u0259y\u0259 h\u0259r zaman x\u00fcsusi diqq\u0259t g\u00f6st\u0259rir. \u00c7al\u0131\u015fm\u0131\u015f\u0131q ki, yerli m\u0259tbuatla yana\u015f\u0131, beyn\u0259lxalq K\u0130V n\u00fcmay\u0259nd\u0259l\u0259ri d\u0259 bizim t\u0259dbirl\u0259rin i\u015f\u0131qland\u0131r\u0131lmas\u0131nda f\u0259al i\u015ftirak etsinl\u0259r.<\/p>\n<p><img decoding=\"async\" loading=\"lazy\" class=\"alignleft\" src=\"https:\/\/azertag.az\/files\/galleryphoto\/2020\/1\/1000x669\/w_161579170482488531062_1000x669.jpg\" width=\"454\" height=\"293\" \/><\/p>\n<p>Prezident Administrasiyas\u0131n\u0131n Qeyri-h\u00f6kum\u0259t t\u0259\u015fkilatlar\u0131 il\u0259 i\u015f v\u0259 kommunikasiya \u015f\u00f6b\u0259sinin m\u00fcdir m\u00fcavini S\u0259ad\u0259t Yusifova bildirib ki, 2019-cu il Az\u0259rbaycanda k\u00f6kl\u00fc islahatlar ili kimi yadda qalacaq. O, \u00f6lk\u0259mizd\u0259 Prezident \u0130lham \u018fliyev t\u0259r\u0259find\u0259n m\u00fct\u0259madi olaraq islahatlar\u0131n h\u0259yata ke\u00e7irildiyini deyib. Qeyd edib ki, son islahatlar k\u0259miyy\u0259t v\u0259 keyfiyy\u0259t bax\u0131m\u0131ndan \u0259vv\u0259lki ill\u0259rd\u0259n xeyli f\u0259rql\u0259nir. \u0130slahatlar o q\u0259d\u0259r geni\u015fmiqyasl\u0131d\u0131r ki, c\u0259miyy\u0259tin b\u00fct\u00fcn institutlar\u0131na \u00f6z t\u0259sirini g\u00f6st\u0259r\u0259c\u0259k.<\/p>\n<p>Prezident Administrasiyas\u0131n\u0131n r\u0259smisi qeyd edib ki, fevral\u0131n 9-da ke\u00e7iril\u0259c\u0259k parlament se\u00e7kil\u0259ri daha \u00e7evik, pe\u015f\u0259kar deputat korpusunun formala\u015fmas\u0131na y\u00f6n\u0259lib. Parlament se\u00e7kil\u0259ri taley\u00fckl\u00fc proses oldu\u011fu \u00fc\u00e7\u00fcn b\u00fct\u00fcn siyasi partiyalar, v\u0259t\u0259nda\u015f c\u0259miyy\u0259ti f\u0259alla\u015f\u0131r v\u0259 media da bunun t\u0259rkib hiss\u0259sidir.<\/p>\n<p>Se\u00e7kiqaba\u011f\u0131 t\u0259\u015fviqat aparmaq \u00fc\u00e7\u00fcn 40-a yax\u0131n K\u0130V-in qeydiyyatdan ke\u00e7diyini diqq\u0259t\u0259 \u00e7atd\u0131ran S\u0259ad\u0259t Yusifova se\u00e7kil\u0259r d\u00f6vr\u00fcnd\u0259 median\u0131n \u00fcz\u0259rin\u0259 b\u00f6y\u00fck y\u00fck d\u00fc\u015fd\u00fcy\u00fcn\u00fc bildirib. O \u0259lav\u0259 edib ki, media n\u00fcmay\u0259nd\u0259l\u0259ri prosesi obyektiv i\u015f\u0131qland\u0131rmal\u0131 v\u0259 b\u00fct\u00fcn namiz\u0259dl\u0259r \u00fc\u00e7\u00fcn b\u0259rab\u0259r \u015f\u0259rait yaratmal\u0131d\u0131r. \u201c\u0130nan\u0131r\u0131q ki, bu parlament se\u00e7kil\u0259ri Az\u0259rbaycanda se\u00e7ki t\u0259cr\u00fcb\u0259sinin v\u0259 media \u0259n\u0259n\u0259l\u0259rinin inki\u015faf\u0131na \u00f6z t\u00f6hf\u0259si il\u0259 yadda qalacaq\u201d, &#8211; dey\u0259 Prezident Administrasiyas\u0131n\u0131n r\u0259smisi qeyd edib.<\/p>\n<p>Avropa \u015euras\u0131n\u0131n Bak\u0131dak\u0131 ofisinin r\u0259hb\u0259ri Zoltan Hernyes bildirib ki, se\u00e7kil\u0259rin azad v\u0259 demokratik ke\u00e7irilm\u0259sind\u0259 m\u0259tbuat m\u00fch\u00fcm rol oynay\u0131r. Avropa \u015euras\u0131 se\u00e7kil\u0259rin i\u015f\u0131qland\u0131r\u0131lmas\u0131 il\u0259 ba\u011fl\u0131 \u00fczv \u00f6lk\u0259l\u0259r\u0259 t\u00f6vsiy\u0259l\u0259r verib. Bu t\u00f6vsiy\u0259l\u0259r \u0259sas\u0259n median\u0131n rolu il\u0259 ba\u011fl\u0131d\u0131r. \u0130st\u0259r se\u00e7kil\u0259rd\u0259n \u0259vv\u0259l, ist\u0259r se\u00e7kil\u0259r zaman\u0131, ist\u0259rs\u0259 d\u0259 se\u00e7kil\u0259rd\u0259n sonra media bu prosesd\u0259 f\u0259al i\u015ftirak etm\u0259lidir.<\/p>\n<p>Se\u00e7ki d\u00f6vr\u00fcnd\u0259 m\u00fch\u00fcm m\u0259s\u0259l\u0259l\u0259rd\u0259n birinin d\u0259 gender b\u0259rab\u0259rliyi oldu\u011funu vur\u011fulayan Zoltan Hernyes bildirib ki, gender b\u0259rab\u0259rliyi h\u0259mi\u015f\u0259 m\u00fczakir\u0259 m\u00f6vzusu olub. Gender b\u0259rab\u0259rliyinin t\u0259min olunmas\u0131 m\u00fch\u00fcm \u0259h\u0259miyy\u0259t k\u0259sb edir.<\/p>\n<p>Milli Televiziya v\u0259 Radio \u015euras\u0131n\u0131n s\u0259dri Nu\u015fir\u0259van M\u0259h\u0259rr\u0259mov deyib ki, se\u00e7ki prosesind\u0259 median\u0131n rolu qanunvericilikl\u0259 t\u0259nziml\u0259nir. O, se\u00e7kiqaba\u011f\u0131 t\u0259\u015fviqat zaman\u0131 televiziya v\u0259 radio kanallar\u0131n\u0131n \u0259m\u0259l etm\u0259li oldu\u011fu m\u0259s\u0259l\u0259l\u0259rd\u0259n dan\u0131\u015f\u0131b. Qeyd edib ki, Az\u0259rbaycanda \u00f6z\u0259l televiziya v\u0259 radio kanallar\u0131 t\u0259\u015fviqatda i\u015ftirak ed\u0259 bilm\u0259z. \u0130ctimai Televiziya se\u00e7kiqaba\u011f\u0131 t\u0259\u015fviqat\u0131 \u00f6d\u0259ni\u015fli v\u0259 \u00f6d\u0259ni\u015fsiz yolla h\u0259yata ke\u00e7irir. \u00d6d\u0259ni\u015fli efir vaxt\u0131 pulsuz efir vaxt\u0131ndan iki d\u0259f\u0259 \u00e7ox olmal\u0131d\u0131r. B\u0259z\u0259n qiym\u0259tl\u0259rin y\u00fcks\u0259k oldu\u011fu iddia edilir. \u0130ctimai Televiziya t\u0259r\u0259find\u0259n m\u00fc\u0259yy\u0259n edil\u0259n \u00f6d\u0259ni\u015fli efir vaxt\u0131n\u0131n bir saniy\u0259sinin minimum 22 manat, maksimum 65 manat olmas\u0131 normal qiym\u0259tdir v\u0259 m\u00f6vcud reklam \u015f\u0259rtl\u0259rin\u0259 uy\u011fun hesablan\u0131b.<\/p>\n<p>M\u0259tbuat \u015euras\u0131n\u0131n s\u0259dri \u018fflatun Ama\u015fov bildirib ki, \u015eura s\u0259sverm\u0259 g\u00fcn\u00fc \u00f6z f\u0259aliyy\u0259tini bir ne\u00e7\u0259 istiqam\u0259td\u0259 quracaq. Qurumun \u201cqaynar x\u0259tt\u201di f\u0259aliyy\u0259t g\u00f6st\u0259r\u0259c\u0259k. \u201cQaynar x\u0259tt\u201d\u0259 daxil olan m\u0259lumatlar \u0259vv\u0259lc\u0259 M\u0259rk\u0259zi Se\u00e7ki Komissiyas\u0131na \u00f6t\u00fcr\u00fcl\u0259c\u0259k. \u018fvv\u0259lki se\u00e7kil\u0259rd\u0259 \u201cqaynar x\u0259tt\u201d\u0259 daxil olan probleml\u0259r h\u0259llini tap\u0131b, bu se\u00e7kil\u0259rd\u0259 d\u0259 h\u0259llini tapaca\u011f\u0131na inan\u0131r\u0131q. M\u0259tbuat \u015euras\u0131n\u0131n \u00fczvl\u0259ri b\u00f6lg\u0259l\u0259rd\u0259 d\u0259 se\u00e7kinin monitorinqind\u0259 i\u015ftirak ed\u0259c\u0259kl\u0259r.<\/p>\n<p>Sonra M\u0259rk\u0259zi Se\u00e7ki Komissiyas\u0131n\u0131n \u00fczv\u00fc Qabil Orucov \u201cSe\u00e7kinin mediada i\u015f\u0131qland\u0131r\u0131lmas\u0131: Az\u0259rbaycan qanunvericiliyi v\u0259 t\u0259cr\u00fcb\u0259si\u201d m\u00f6vzusunda m\u0259ruz\u0259 il\u0259 \u00e7\u0131x\u0131\u015f edib.<\/p>\n<p>T\u0259dbir \u00e7\u0259r\u00e7iv\u0259sind\u0259 \u201cSe\u00e7kinin mediada i\u015f\u0131qland\u0131r\u0131lmas\u0131na dair Avropa \u015euras\u0131 standartlar\u0131\u201d, \u201cSe\u00e7kinin mediada i\u015f\u0131qland\u0131r\u0131lmas\u0131na dair Az\u0259rbaycan qanunvericiliyi v\u0259 t\u0259cr\u00fcb\u0259si\u201d v\u0259 \u201cSe\u00e7kinin mediada i\u015f\u0131qland\u0131r\u0131lmas\u0131 gender b\u0259rab\u0259rliyi kontekstind\u0259\u201d m\u00f6vzular\u0131nda \u00e7\u0131x\u0131\u015flar olub.<\/p>\n<p>\u0130nformasiya sessiyas\u0131 m\u00fczakir\u0259l\u0259rl\u0259 davam edib.<\/p>\n<\/div>\n<\/div>\n<\/div>\n","protected":false},"excerpt":{"rendered":"<p>Yanvar\u0131n 16-da Avropa \u015euras\u0131 M\u0259rk\u0259zi Se\u00e7ki Komissiyas\u0131 il\u0259 birlikd\u0259 Bak\u0131da \u201cSe\u00e7kinin mediada i\u015f\u0131qland\u0131r\u0131lmas\u0131\u201d m\u00f6vzusunda informasiya sessiyas\u0131 t\u0259\u015fkil edib. T\u0259dbir Avropa&hellip;<\/p>\n","protected":false},"author":2,"featured_media":0,"comment_status":"closed","ping_status":"closed","sticky":false,"template":"","format":"standard","meta":{"om_disable_all_campaigns":false,"_monsterinsights_skip_tracking":false,"_uf_show_specific_survey":0,"_uf_disable_surveys":false,"footnotes":""},"categories":[23,2,7,5],"tags":[],"aioseo_notices":[],"_links":{"self":[{"href":"https:\/\/hakimiyyet.info.az\/index.php?rest_route=\/wp\/v2\/posts\/11504"}],"collection":[{"href":"https:\/\/hakimiyyet.info.az\/index.php?rest_route=\/wp\/v2\/posts"}],"about":[{"href":"https:\/\/hakimiyyet.info.az\/index.php?rest_route=\/wp\/v2\/types\/post"}],"author":[{"embeddable":true,"href":"https:\/\/hakimiyyet.info.az\/index.php?rest_route=\/wp\/v2\/users\/2"}],"replies":[{"embeddable":true,"href":"https:\/\/hakimiyyet.info.az\/index.php?rest_route=%2Fwp%2Fv2%2Fcomments&post=11504"}],"version-history":[{"count":1,"href":"https:\/\/hakimiyyet.info.az\/index.php?rest_route=\/wp\/v2\/posts\/11504\/revisions"}],"predecessor-version":[{"id":11505,"href":"https:\/\/hakimiyyet.info.az\/index.php?rest_route=\/wp\/v2\/posts\/11504\/revisions\/11505"}],"wp:attachment":[{"href":"https:\/\/hakimiyyet.info.az\/index.php?rest_route=%2Fwp%2Fv2%2Fmedia&parent=11504"}],"wp:term":[{"taxonomy":"category","embeddable":true,"href":"https:\/\/hakimiyyet.info.az\/index.php?rest_route=%2Fwp%2Fv2%2Fcategories&post=11504"},{"taxonomy":"post_tag","embeddable":true,"href":"https:\/\/hakimiyyet.info.az\/index.php?rest_route=%2Fwp%2Fv2%2Ftags&post=11504"}],"curies":[{"name":"wp","href":"https:\/\/api.w.org\/{rel}","templated":true}]}}