{"id":11506,"date":"2020-01-17T00:51:38","date_gmt":"2020-01-16T20:51:38","guid":{"rendered":"https:\/\/www.hakimiyyet.com\/?p=11506"},"modified":"2020-01-17T00:51:38","modified_gmt":"2020-01-16T20:51:38","slug":"bas-nazir-t%c9%99dbirl%c9%99r-planini-t%c9%99sdiql%c9%99yib","status":"publish","type":"post","link":"https:\/\/hakimiyyet.info.az\/?p=11506","title":{"rendered":"Ba\u015f Nazir  T\u0259dbirl\u0259r Plan\u0131n\u0131 t\u0259sdiql\u0259yib"},"content":{"rendered":"<p>Az\u0259rbaycan Respublikas\u0131n\u0131n Ba\u015f Naziri \u018fli \u018fs\u0259dov \u201cAz\u0259rbaycan Respublikas\u0131 Prezidentinin yan\u0131nda ke\u00e7iril\u0259n 2019-cu ilin yekunlar\u0131na h\u0259sr olunmu\u015f m\u00fc\u015favir\u0259d\u0259n ir\u0259li g\u0259l\u0259n tap\u015f\u0131r\u0131qlar\u0131n icras\u0131n\u0131n t\u0259min edilm\u0259si \u00fczr\u0259 T\u0259dbirl\u0259r Plan\u0131\u201dn\u0131n t\u0259sdiq edilm\u0259si bar\u0259d\u0259 S\u0259r\u0259ncam imzalay\u0131b.<\/p>\n<p>Bu bar\u0259d\u0259\u00a0<a class=\"azertac-link\" href=\"https:\/\/azertag.az\/\" target=\"_blank\" rel=\"noopener noreferrer\">AZ\u018fRTAC<\/a>-a Nazirl\u0259r Kabinetinin m\u0259tbuat xidm\u0259tind\u0259n m\u0259lumat verilib.<\/p>\n<p>S\u0259r\u0259ncama \u0259sas\u0259n, T\u0259dbirl\u0259r Plan\u0131nda n\u0259z\u0259rd\u0259 tutulan icra\u00e7\u0131lar m\u00fcvafiq t\u0259dbirl\u0259rin m\u00fc\u0259yy\u0259n olunmu\u015f icra m\u00fcdd\u0259tind\u0259 yerin\u0259 yetirilm\u0259sini t\u0259min etm\u0259li v\u0259 g\u00f6r\u00fclm\u00fc\u015f i\u015fl\u0259r bar\u0259d\u0259 Az\u0259rbaycan Respublikas\u0131n\u0131n Nazirl\u0259r Kabinetin\u0259 m\u0259lumat verm\u0259lidirl\u0259r.<\/p>\n<p>T\u0259dbirl\u0259r Plan\u0131nda maliyy\u0259-bank sektoruna, iqtisadi art\u0131m\u0131n dayan\u0131ql\u0131l\u0131\u011f\u0131na, beyn\u0259lxalq iqtisadi \u0259m\u0259kda\u015fl\u0131\u011fa, sosial t\u0259dbirl\u0259rin g\u00fccl\u0259ndirilm\u0259sin\u0259 v\u0259 g\u00f6mr\u00fck sah\u0259sin\u0259 dair m\u0259s\u0259l\u0259l\u0259r n\u0259z\u0259rd\u0259 tutulub.<\/p>\n","protected":false},"excerpt":{"rendered":"<p>Az\u0259rbaycan Respublikas\u0131n\u0131n Ba\u015f Naziri \u018fli \u018fs\u0259dov \u201cAz\u0259rbaycan Respublikas\u0131 Prezidentinin yan\u0131nda ke\u00e7iril\u0259n 2019-cu ilin yekunlar\u0131na h\u0259sr olunmu\u015f m\u00fc\u015favir\u0259d\u0259n ir\u0259li g\u0259l\u0259n tap\u015f\u0131r\u0131qlar\u0131n&hellip;<\/p>\n","protected":false},"author":2,"featured_media":0,"comment_status":"closed","ping_status":"closed","sticky":false,"template":"","format":"standard","meta":{"om_disable_all_campaigns":false,"_monsterinsights_skip_tracking":false,"_uf_show_specific_survey":0,"_uf_disable_surveys":false,"footnotes":""},"categories":[23,6,2,5],"tags":[],"aioseo_notices":[],"_links":{"self":[{"href":"https:\/\/hakimiyyet.info.az\/index.php?rest_route=\/wp\/v2\/posts\/11506"}],"collection":[{"href":"https:\/\/hakimiyyet.info.az\/index.php?rest_route=\/wp\/v2\/posts"}],"about":[{"href":"https:\/\/hakimiyyet.info.az\/index.php?rest_route=\/wp\/v2\/types\/post"}],"author":[{"embeddable":true,"href":"https:\/\/hakimiyyet.info.az\/index.php?rest_route=\/wp\/v2\/users\/2"}],"replies":[{"embeddable":true,"href":"https:\/\/hakimiyyet.info.az\/index.php?rest_route=%2Fwp%2Fv2%2Fcomments&post=11506"}],"version-history":[{"count":1,"href":"https:\/\/hakimiyyet.info.az\/index.php?rest_route=\/wp\/v2\/posts\/11506\/revisions"}],"predecessor-version":[{"id":11507,"href":"https:\/\/hakimiyyet.info.az\/index.php?rest_route=\/wp\/v2\/posts\/11506\/revisions\/11507"}],"wp:attachment":[{"href":"https:\/\/hakimiyyet.info.az\/index.php?rest_route=%2Fwp%2Fv2%2Fmedia&parent=11506"}],"wp:term":[{"taxonomy":"category","embeddable":true,"href":"https:\/\/hakimiyyet.info.az\/index.php?rest_route=%2Fwp%2Fv2%2Fcategories&post=11506"},{"taxonomy":"post_tag","embeddable":true,"href":"https:\/\/hakimiyyet.info.az\/index.php?rest_route=%2Fwp%2Fv2%2Ftags&post=11506"}],"curies":[{"name":"wp","href":"https:\/\/api.w.org\/{rel}","templated":true}]}}