{"id":11562,"date":"2020-01-17T13:49:00","date_gmt":"2020-01-17T09:49:00","guid":{"rendered":"https:\/\/www.amimb.net\/?p=11562"},"modified":"2020-01-17T13:49:00","modified_gmt":"2020-01-17T09:49:00","slug":"az%c9%99rbaycan-davos-forumunda-istirak-ed%c9%99c%c9%99k","status":"publish","type":"post","link":"https:\/\/hakimiyyet.info.az\/?p=11562","title":{"rendered":"Az\u0259rbaycan Davos Forumunda i\u015ftirak ed\u0259c\u0259k"},"content":{"rendered":"<p style=\"font-weight: 400;\"><span style=\"font-style: inherit; font-weight: inherit;\">\u201cDavos \u0130qtisadi Forumunda Az\u0259rbaycan \u00e7ox f\u0259al i\u015ftirak edir\u201d.<\/span><\/p>\n<p style=\"font-weight: 400;\"><span style=\"font-style: inherit; font-weight: inherit;\"><a href=\"https:\/\/apa.az\/\">APA<\/a>-n\u0131n m\u0259lumat\u0131na g\u00f6r\u0259, bunu Az\u0259rbaycan Respublikas\u0131 Prezidentinin k\u00f6m\u0259k\u00e7isi &#8211; Az\u0259rbaycan Respublikas\u0131 Prezidentinin Administrasiyas\u0131n\u0131n Xarici siyas\u0259t m\u0259s\u0259l\u0259l\u0259ri \u015f\u00f6b\u0259sinin m\u00fcdiri Hikm\u0259t Hac\u0131yev deyib.<\/span><\/p>\n<ol>\n<li style=\"font-weight: 400;\"><span style=\"font-style: inherit; font-weight: inherit;\"> Hac\u0131yev Az\u0259rbaycan\u0131n bu Forumda m\u00fct\u0259madi \u0259sasda d\u00f6vl\u0259t ba\u015f\u00e7\u0131s\u0131 s\u0259viyy\u0259sind\u0259 t\u0259msil olunaraq, m\u00fcxt\u0259lif seminar v\u0259 m\u00fczakir\u0259l\u0259rd\u0259, konfranslarda i\u015ftirak etdiyini bildirib.<\/span><\/li>\n<\/ol>\n<p style=\"font-weight: 400;\"><span style=\"font-style: inherit; font-weight: inherit;\">Onun s\u00f6zl\u0259rin\u0259 g\u00f6r\u0259, Davos Forumu \u00e7\u0259r\u00e7iv\u0259sind\u0259 ist\u0259r beyn\u0259lxalq biznes ictimaiyy\u0259ti, ist\u0259r dig\u0259r \u00f6lk\u0259l\u0259rin d\u00f6vl\u0259t v\u0259 h\u00f6kum\u0259t ba\u015f\u00e7\u0131lar\u0131, r\u0259smi \u015f\u0259xsl\u0259rl\u0259, beyn\u0259lxalq t\u0259\u015fkilatlar\u0131n r\u0259hb\u0259rl\u0259ri il\u0259 g\u00f6r\u00fc\u015fl\u0259r ke\u00e7irilir: \u201cDavos Forumunda apar\u0131lan m\u00fct\u0259madi v\u0259 ard\u0131c\u0131l i\u015fl\u0259rin n\u0259tic\u0259sidir ki, Az\u0259rbaycan h\u0259qiq\u0259tl\u0259ri ist\u0259r siyasi, ist\u0259r sosial-iqtisadi, ist\u0259rs\u0259 d\u0259 biznes inki\u015faf\u0131 bax\u0131m\u0131ndan m\u0259hz d\u00f6vl\u0259t ba\u015f\u00e7\u0131s\u0131 s\u0259viyy\u0259sind\u0259 bu formatda \u0259trafl\u0131 v\u0259 \u0259sasl\u0131 \u015f\u0259kild\u0259 t\u0259qdim edilir. Eyni zamanda, apar\u0131lan i\u015fl\u0259rin bilavasit\u0259 n\u0259tic\u0259si v\u0259 g\u00f6st\u0259ricisidir ki, bu Forum t\u0259r\u0259find\u0259n haz\u0131rlanan hesabatlarda Az\u0259rbaycan\u0131n inki\u015faf\u0131 \u0259sl h\u0259qiq\u0259t v\u0259 mahiyy\u0259ti \u00fczr\u0259 \u0259ksini tap\u0131r. Bundan sonra da Az\u0259rbaycan Davos Forumunda \u0259m\u0259kda\u015fl\u0131\u011f\u0131n\u0131 davam etdir\u0259c\u0259k. Qar\u015f\u0131dan g\u0259l\u0259n Davos Forumunda da Az\u0259rbaycan\u0131n f\u0259al sur\u0259td\u0259 i\u015ftirak\u0131 n\u0259z\u0259rd\u0259 tutulur\u201d.\u00a0<\/span><\/p>\n","protected":false},"excerpt":{"rendered":"<p>\u201cDavos \u0130qtisadi Forumunda Az\u0259rbaycan \u00e7ox f\u0259al i\u015ftirak edir\u201d. APA-n\u0131n m\u0259lumat\u0131na g\u00f6r\u0259, bunu Az\u0259rbaycan Respublikas\u0131 Prezidentinin k\u00f6m\u0259k\u00e7isi &#8211; Az\u0259rbaycan Respublikas\u0131 Prezidentinin&hellip;<\/p>\n","protected":false},"author":1,"featured_media":0,"comment_status":"closed","ping_status":"closed","sticky":false,"template":"","format":"standard","meta":{"om_disable_all_campaigns":false,"_monsterinsights_skip_tracking":false,"_uf_show_specific_survey":0,"_uf_disable_surveys":false,"footnotes":""},"categories":[23,7,5],"tags":[],"aioseo_notices":[],"_links":{"self":[{"href":"https:\/\/hakimiyyet.info.az\/index.php?rest_route=\/wp\/v2\/posts\/11562"}],"collection":[{"href":"https:\/\/hakimiyyet.info.az\/index.php?rest_route=\/wp\/v2\/posts"}],"about":[{"href":"https:\/\/hakimiyyet.info.az\/index.php?rest_route=\/wp\/v2\/types\/post"}],"author":[{"embeddable":true,"href":"https:\/\/hakimiyyet.info.az\/index.php?rest_route=\/wp\/v2\/users\/1"}],"replies":[{"embeddable":true,"href":"https:\/\/hakimiyyet.info.az\/index.php?rest_route=%2Fwp%2Fv2%2Fcomments&post=11562"}],"version-history":[{"count":1,"href":"https:\/\/hakimiyyet.info.az\/index.php?rest_route=\/wp\/v2\/posts\/11562\/revisions"}],"predecessor-version":[{"id":11563,"href":"https:\/\/hakimiyyet.info.az\/index.php?rest_route=\/wp\/v2\/posts\/11562\/revisions\/11563"}],"wp:attachment":[{"href":"https:\/\/hakimiyyet.info.az\/index.php?rest_route=%2Fwp%2Fv2%2Fmedia&parent=11562"}],"wp:term":[{"taxonomy":"category","embeddable":true,"href":"https:\/\/hakimiyyet.info.az\/index.php?rest_route=%2Fwp%2Fv2%2Fcategories&post=11562"},{"taxonomy":"post_tag","embeddable":true,"href":"https:\/\/hakimiyyet.info.az\/index.php?rest_route=%2Fwp%2Fv2%2Ftags&post=11562"}],"curies":[{"name":"wp","href":"https:\/\/api.w.org\/{rel}","templated":true}]}}