{"id":11575,"date":"2020-01-17T14:00:03","date_gmt":"2020-01-17T10:00:03","guid":{"rendered":"https:\/\/www.amimb.net\/?p=11575"},"modified":"2020-01-17T14:00:03","modified_gmt":"2020-01-17T10:00:03","slug":"20-yanvar-qan-yaddasimizda","status":"publish","type":"post","link":"https:\/\/hakimiyyet.info.az\/?p=11575","title":{"rendered":"20 Yanvar qan yadda\u015f\u0131m\u0131zda"},"content":{"rendered":"<p>Az\u0259rbaycan Milli Elml\u0259r Akademiyas\u0131n\u0131n H\u00fcseyn Cavidin ev-muzeyind\u0259 20 Yanvar faci\u0259sinin 30-cu ild\u00f6n\u00fcm\u00fcn\u0259 h\u0259sr olunmu\u015f \u201c20 Yanvar \u2013 tariximizin \u015f\u0259r\u0259f v\u0259 q\u0259hr\u0259manl\u0131q s\u0259hif\u0259si\u201d m\u00f6vzusunda t\u0259dbir ke\u00e7irilib.<\/p>\n<p>H\u00fcseyn Cavidin ev-muzeyind\u0259n\u00a0<a class=\"azertac-link\" href=\"https:\/\/azertag.az\/\" target=\"_blank\" rel=\"noopener noreferrer\">AZ\u018fRTAC<\/a>-a bildiribl\u0259r ki, t\u0259dbird\u0259 bu m\u00fc\u0259ssis\u0259nin direktoru, filologiya \u00fczr\u0259 elml\u0259r doktoru G\u00fclb\u0259niz Babaxanl\u0131 20 Yanvar gec\u0259sind\u0259 imperiya ordusu t\u0259r\u0259find\u0259n Bak\u0131da v\u0259 ayr\u0131-ayr\u0131 rayonlarda t\u00f6r\u0259dil\u0259n qanl\u0131 hadis\u0259l\u0259rd\u0259n dan\u0131\u015f\u0131b, bu d\u0259h\u015f\u0259tli faci\u0259nin he\u00e7 zaman xalq\u0131m\u0131z\u0131n qan yadda\u015f\u0131ndan silinm\u0259y\u0259c\u0259yini vur\u011fulay\u0131b.<\/p>\n<p>G.Babaxanl\u0131 \u00fcmummilli lider Heyd\u0259r \u018fliyevin faci\u0259nin ert\u0259si g\u00fcn\u00fc Moskvada Az\u0259rbaycan\u0131n daimi n\u00fcmay\u0259nd\u0259liyin\u0259 g\u0259l\u0259r\u0259k qanl\u0131 hadis\u0259ni t\u00f6r\u0259d\u0259nl\u0259ri pisl\u0259y\u0259n k\u0259skin b\u0259yanatla \u00e7\u0131x\u0131\u015f etdiyini xat\u0131rlad\u0131b.<\/p>\n<p>Dig\u0259r \u00e7\u0131x\u0131\u015f ed\u0259nl\u0259r d\u0259 20 Yanvar\u0131n tariximizin h\u0259m qanl\u0131, h\u0259m d\u0259 q\u0259hr\u0259manl\u0131q s\u0259hif\u0259si oldu\u011funu deyib, \u015f\u0259hidl\u0259rin xatir\u0259sinin h\u0259mi\u015f\u0259 \u0259ziz tutuldu\u011funu s\u00f6yl\u0259yibl\u0259r.<\/p>\n<p>Sonra \u201cQanl\u0131 Yanvar\u201d filmi n\u00fcmayi\u015f etdirilib.<\/p>\n","protected":false},"excerpt":{"rendered":"<p>Az\u0259rbaycan Milli Elml\u0259r Akademiyas\u0131n\u0131n H\u00fcseyn Cavidin ev-muzeyind\u0259 20 Yanvar faci\u0259sinin 30-cu ild\u00f6n\u00fcm\u00fcn\u0259 h\u0259sr olunmu\u015f \u201c20 Yanvar \u2013 tariximizin \u015f\u0259r\u0259f v\u0259&hellip;<\/p>\n","protected":false},"author":1,"featured_media":0,"comment_status":"closed","ping_status":"closed","sticky":false,"template":"","format":"standard","meta":{"om_disable_all_campaigns":false,"_monsterinsights_skip_tracking":false,"_uf_show_specific_survey":0,"_uf_disable_surveys":false,"footnotes":""},"categories":[8],"tags":[],"aioseo_notices":[],"_links":{"self":[{"href":"https:\/\/hakimiyyet.info.az\/index.php?rest_route=\/wp\/v2\/posts\/11575"}],"collection":[{"href":"https:\/\/hakimiyyet.info.az\/index.php?rest_route=\/wp\/v2\/posts"}],"about":[{"href":"https:\/\/hakimiyyet.info.az\/index.php?rest_route=\/wp\/v2\/types\/post"}],"author":[{"embeddable":true,"href":"https:\/\/hakimiyyet.info.az\/index.php?rest_route=\/wp\/v2\/users\/1"}],"replies":[{"embeddable":true,"href":"https:\/\/hakimiyyet.info.az\/index.php?rest_route=%2Fwp%2Fv2%2Fcomments&post=11575"}],"version-history":[{"count":1,"href":"https:\/\/hakimiyyet.info.az\/index.php?rest_route=\/wp\/v2\/posts\/11575\/revisions"}],"predecessor-version":[{"id":11576,"href":"https:\/\/hakimiyyet.info.az\/index.php?rest_route=\/wp\/v2\/posts\/11575\/revisions\/11576"}],"wp:attachment":[{"href":"https:\/\/hakimiyyet.info.az\/index.php?rest_route=%2Fwp%2Fv2%2Fmedia&parent=11575"}],"wp:term":[{"taxonomy":"category","embeddable":true,"href":"https:\/\/hakimiyyet.info.az\/index.php?rest_route=%2Fwp%2Fv2%2Fcategories&post=11575"},{"taxonomy":"post_tag","embeddable":true,"href":"https:\/\/hakimiyyet.info.az\/index.php?rest_route=%2Fwp%2Fv2%2Ftags&post=11575"}],"curies":[{"name":"wp","href":"https:\/\/api.w.org\/{rel}","templated":true}]}}