{"id":11588,"date":"2020-01-17T21:20:54","date_gmt":"2020-01-17T17:20:54","guid":{"rendered":"https:\/\/www.hakimiyyet.com\/?p=11588"},"modified":"2020-01-17T21:20:54","modified_gmt":"2020-01-17T17:20:54","slug":"az%c9%99rbaycan-dilq%c9%99m-%c9%99sg%c9%99rovun-v%c9%99-sahbaz-quliyevin-qanunsuz-h%c9%99bsi-il%c9%99-bagli-bmt-bas-katibin%c9%99-m%c9%99ktub-gond%c9%99rib","status":"publish","type":"post","link":"https:\/\/hakimiyyet.info.az\/?p=11588","title":{"rendered":"Az\u0259rbaycan Dilq\u0259m \u018fsg\u0259rovun v\u0259 \u015eahbaz Quliyevin qanunsuz h\u0259bsi il\u0259 ba\u011fl\u0131 BMT ba\u015f katibin\u0259 m\u0259ktub g\u00f6nd\u0259rib"},"content":{"rendered":"<p>Az\u0259rbaycan Respublikas\u0131n\u0131n BMT yan\u0131nda daimi n\u00fcmay\u0259nd\u0259liyinin r\u0259hb\u0259rinin az\u0259rbaycanl\u0131 m\u00fclki \u015f\u0259xsl\u0259r Dilq\u0259m \u018fsg\u0259rov v\u0259 \u015eahbaz Quliyevin Erm\u0259nistan t\u0259r\u0259find\u0259n qanunsuz h\u0259bs olunmas\u0131 il\u0259 ba\u011fl\u0131 BMT-nin Ba\u015f katibin\u0259 \u00fcnvanlad\u0131\u011f\u0131 m\u0259ktub BMT Ba\u015f Assambleyas\u0131n\u0131n v\u0259 T\u0259hl\u00fck\u0259sizlik \u015euras\u0131n\u0131n s\u0259n\u0259di kimi d\u0259rc edilib. Bu bar\u0259d\u0259\u00a0<a class=\"azertac-link\" href=\"https:\/\/azertag.az\/\" target=\"_blank\" rel=\"noopener noreferrer\">AZ\u018fRTAC<\/a>-a Xarici \u0130\u015fl\u0259r Nazirliyinin m\u0259tbuat xidm\u0259tind\u0259n m\u0259lumat verilib.<\/p>\n<p>S\u0259n\u0259dd\u0259 Erm\u0259nistan t\u0259r\u0259find\u0259n n\u0259zar\u0259t olunan, t\u0259cav\u00fcz\u00fcn, irqi ayr\u0131-se\u00e7kiliyin v\u0259 etnik t\u0259mizl\u0259m\u0259nin n\u0259tic\u0259sind\u0259n ba\u015fqa bir \u015fey olmayan qondarma rejimin qeyri-qanuniliyinin beyn\u0259lxalq s\u0259viyy\u0259d\u0259 d\u0259f\u0259l\u0259rl\u0259 b\u0259yan edildiyi \u00f6z \u0259ksini tap\u0131b. Bu x\u00fcsusda, 2015-ci ilin 16 iyun tarixind\u0259 q\u0259bul edilmi\u015f \u201c\u00c7\u0131raqov v\u0259 ba\u015fqalar\u0131 Erm\u0259nistana qar\u015f\u0131\u201d adl\u0131 Avropa \u0130nsan Haqlar\u0131 M\u0259hk\u0259m\u0259sinin B\u00f6y\u00fck Palatas\u0131n\u0131n q\u0259rar\u0131na istinad olunaraq qeyd edilir ki, Erm\u0259nistan Da\u011fl\u0131q Qaraba\u011f regionunda v\u0259 Az\u0259rbaycan\u0131n i\u015f\u011fal olunmu\u015f dig\u0259r \u0259razil\u0259rind\u0259 tam n\u0259zar\u0259ti h\u0259yata ke\u00e7irir.<\/p>\n<p>Eyni zamanda, s\u0259n\u0259dd\u0259 beyn\u0259lxalq ictimaiyy\u0259tin Erm\u0259nistan t\u0259r\u0259find\u0259n i\u015f\u011fal edilmi\u015f Da\u011fl\u0131q Qaraba\u011f regionu v\u0259 \u0259traf \u0259razil\u0259r d\u0259 daxil olmaqla Az\u0259rbaycan\u0131n \u0259razi b\u00fct\u00f6vl\u00fcy\u00fcn\u00fc v\u0259 suverenliyini davaml\u0131 \u015f\u0259kild\u0259 d\u0259st\u0259kl\u0259diyi, el\u0259c\u0259 d\u0259 Az\u0259rbaycan \u0259razil\u0259rinin i\u015f\u011fal\u0131n\u0131n pisl\u0259nildiyi qeyd olunur, i\u015f\u011fal edilmi\u015f \u0259razil\u0259rd\u0259n b\u00fct\u00fcn Erm\u0259nistan q\u00fcvv\u0259l\u0259rinin d\u0259rhal, tam v\u0259 qeyd-\u015f\u0259rtsiz \u00e7\u0131xar\u0131lmas\u0131n\u0131n t\u0259l\u0259b olundu\u011fu bildirilir.<\/p>\n<p>S\u0259n\u0259dd\u0259 2014-c\u00fc il 11 iyul tarixind\u0259 az\u0259rbaycanl\u0131 m\u00fclki \u015f\u0259xsl\u0259r Dilq\u0259m \u018fsg\u0259rov v\u0259 \u015eahbaz Quliyevin Az\u0259rbaycan\u0131n Erm\u0259nistan t\u0259r\u0259find\u0259n i\u015f\u011fal edilmi\u015f K\u0259lb\u0259c\u0259r rayonunda do\u011fma torpaqlar\u0131n\u0131 v\u0259 ata-analar\u0131n\u0131n m\u0259zarlar\u0131n\u0131 ziyar\u0259t ed\u0259rk\u0259n Erm\u0259nistan silahl\u0131 q\u00fcvv\u0259l\u0259ri t\u0259r\u0259find\u0259n girov g\u00f6t\u00fcr\u00fclm\u0259si v\u0259 dig\u0259r az\u0259rbaycanl\u0131 m\u00fclki \u015f\u0259xs H\u0259s\u0259n H\u0259s\u0259novun q\u0259ddarcas\u0131na q\u0259tl\u0259 yetirilm\u0259si fakt\u0131 \u00f6z \u0259ksini tap\u0131b.<\/p>\n<p>Erm\u0259ni t\u0259r\u0259finin uydurulmu\u015f iddialar \u0259sas\u0131nda qanunsuz olaraq D.\u018fsg\u0259rovu \u201c\u00f6m\u00fcrl\u00fck\u201d, \u015e.Quliyevi is\u0259 \u201c22 il m\u00fcdd\u0259tin\u0259 azadl\u0131qdan m\u0259hrum etdiyi\u201d s\u0259n\u0259dd\u0259 x\u00fcsusil\u0259 vur\u011fulan\u0131r. Eyni zamanda, H\u0259s\u0259n H\u0259s\u0259novun n\u0259\u015finin dem\u0259k olar ki, 3 aydan sonra, 2014-c\u00fc ilin 2 oktyabr tarixind\u0259 Beyn\u0259lxalq Q\u0131rm\u0131z\u0131 Xa\u00e7 C\u0259miyy\u0259tinin vasit\u0259\u00e7iliyi il\u0259 qaytar\u0131ld\u0131\u011f\u0131 qeyd olunur.<\/p>\n<p>2019-cu ilin 5-6 dekabr tarixl\u0259rind\u0259 Bratislavada AT\u018fT-in Nazirl\u0259r \u015euras\u0131n\u0131n 26-c\u0131 iclas\u0131nda Az\u0259rbaycan Respublikas\u0131n\u0131n Xarici \u0130\u015fl\u0259r naziri Elmar M\u0259mm\u0259dyarovun \u00e7\u0131x\u0131\u015f\u0131 zaman\u0131 x\u00fcsusil\u0259 D.\u018fsg\u0259rov v\u0259 \u015e.Quliyevin m\u0259s\u0259l\u0259sin\u0259 toxundu\u011fu, Erm\u0259nistan t\u0259r\u0259finin is\u0259 \u201cham\u0131n\u0131n ham\u0131ya\u201d prinsipi \u0259sas\u0131nda onlar\u0131n azad edilm\u0259sinin \u0259leyhin\u0259 oldu\u011fu s\u0259n\u0259dd\u0259 vur\u011fulan\u0131r.<\/p>\n<p>Bu x\u00fcsusda, Az\u0259rbaycan\u0131n BMT yan\u0131nda daimi n\u00fcmay\u0259nd\u0259si D.\u018fsg\u0259rov v\u0259 \u015e.Quliyevin qanunsuz h\u0259bsi il\u0259 \u0259laq\u0259dar BMT Ba\u015f katibin\u0259 \u00fcnvanlad\u0131\u011f\u0131 m\u0259ktubda Erm\u0259nistan\u0131n Az\u0259rbaycan\u0131n i\u015f\u011fal olunmu\u015f \u0259razil\u0259rind\u0259 yaratd\u0131\u011f\u0131 qondarma rejimin qanunsuz v\u0259 s\u0259lahiyy\u0259tsiz qurumu t\u0259r\u0259find\u0259n s\u00f6z\u00fcged\u0259n \u015f\u0259xsl\u0259rin uydurma ittihamlar \u0259sas\u0131nda qanunsuz olaraq h\u0259bs edildiyini, saxlan\u0131ld\u0131\u011f\u0131n\u0131, s\u00fcni \u201cm\u0259hk\u0259m\u0259\u201d il\u0259 \u00fczl\u0259\u015fdikl\u0259rini v\u0259 uzunm\u00fcdd\u0259tli azadl\u0131qdan m\u0259hrumetm\u0259 il\u0259 m\u0259hkum olunduqlar\u0131n\u0131 x\u00fcsusil\u0259 qeyd edib. Eyni zamanda, D.\u018fsg\u0259rov v\u0259 \u015e.Quliyev\u0259 qar\u015f\u0131 ir\u0259li s\u00fcr\u00fcl\u0259n ittihamlar bar\u0259d\u0259 onlara m\u0259lumat verilm\u0259diyi, el\u0259c\u0259 d\u0259 bir m\u00fcdd\u0259t yaz\u0131\u015fma v\u0259 \u00fcnsiyy\u0259t h\u00fcququndan m\u0259hrum etm\u0259kl\u0259 saxlan\u0131ld\u0131qlar\u0131 m\u0259ktubda diqq\u0259t\u0259 \u00e7atd\u0131r\u0131l\u0131r.<\/p>\n<p>S\u0259n\u0259dd\u0259 qondarma \u201cm\u0259hk\u0259m\u0259\u201dd\u0259n \u00f6nc\u0259 v\u0259 \u201cm\u0259hk\u0259m\u0259\u201d \u0259rzind\u0259 onlar\u0131n Erm\u0259nistan r\u0259smil\u0259ri t\u0259r\u0259find\u0259n s\u0259sl\u0259ndirilmi\u015f b\u0259yanatlarda \u201ct\u0259xribat\u00e7\u0131lar\u201d, \u201cqatill\u0259r\u201d v\u0259 \u201cmuzdlu cinay\u0259tkarlar\u201d kimi q\u0259l\u0259m\u0259 verildiyi diqq\u0259t\u0259 \u00e7atd\u0131r\u0131l\u0131r, el\u0259c\u0259 d\u0259 s\u00f6z\u00fcged\u0259n \u015f\u0259xsl\u0259r\u0259 qar\u015f\u0131 ir\u0259li s\u00fcr\u00fcl\u0259n ittihamlar\u0131n onlar\u0131n ba\u015fa d\u00fc\u015fd\u00fckl\u0259ri dild\u0259 izah olunmad\u0131\u011f\u0131, t\u0259rc\u00fcm\u0259\u00e7i vasit\u0259sil\u0259 onlara adekvat k\u00f6m\u0259yin g\u00f6st\u0259rilm\u0259diyi v\u0259 \u201cm\u0259hk\u0259m\u0259\u201dnin onlar\u0131n ba\u015fa d\u00fc\u015fm\u0259diyi erm\u0259ni dilind\u0259 apar\u0131ld\u0131\u011f\u0131 bildirilir.<\/p>\n<p>Haz\u0131rda D.\u018fsg\u0259rov v\u0259 \u015e.Quliyevin h\u0259bsxanada tam t\u0259crid v\u0259ziyy\u0259tind\u0259 saxlan\u0131ld\u0131\u011f\u0131 v\u0259 Beyn\u0259lxalq Q\u0131z\u0131l Xa\u00e7 Komit\u0259si t\u0259r\u0259find\u0259n s\u0259f\u0259rl\u0259r istisna olmaqla he\u00e7 bir \u0259laq\u0259l\u0259rinin olmad\u0131\u011f\u0131 s\u0259n\u0259dd\u0259 vur\u011fulan\u0131r. Burada, h\u0259m\u00e7inin D.\u018fsg\u0259rov v\u0259 \u015e.Quliyevin etnik m\u0259n\u015f\u0259yin\u0259 v\u0259 milli m\u0259nsubiyy\u0259tin\u0259 g\u00f6r\u0259 diskriminasiyaya m\u0259ruz qald\u0131\u011f\u0131 qeyd olunur v\u0259 onlar\u0131n h\u0259bsl\u0259rinin he\u00e7 bir h\u00fcquqi \u0259sas\u0131n\u0131n v\u0259 ya legitimliyinin olmad\u0131\u011f\u0131, el\u0259c\u0259 d\u0259 s\u00f6z\u00fcged\u0259n \u015f\u0259xsl\u0259rin h\u00fcquqlar\u0131n\u0131n pozulmas\u0131n\u0131n Avropa \u0130nsan H\u00fcquqlar\u0131 M\u0259hk\u0259m\u0259sind\u0259 \u015fikay\u0259t m\u00f6vzusu oldu\u011fu bildirilir.<\/p>\n<p>Sonda s\u0259n\u0259dd\u0259 Az\u0259rbaycan Respublikas\u0131n\u0131n BMT, el\u0259c\u0259 d\u0259 onun m\u00fcvafiq insan h\u00fcquqlar\u0131 mexanizml\u0259ri v\u0259 prosedurlar\u0131n\u0131n D.\u018fsg\u0259rov v\u0259 \u015e.Quliyevin taleyin\u0259 bigan\u0259 qalmayaca\u011f\u0131n\u0131, el\u0259c\u0259 d\u0259 onlar\u0131n d\u0259rhal v\u0259 qeyd-\u015f\u0259rtsiz azad olunmas\u0131 v\u0259 ail\u0259l\u0259ri il\u0259 bir araya g\u0259lm\u0259l\u0259rinin t\u0259min edilm\u0259si istiqam\u0259tind\u0259 s\u0259y g\u00f6st\u0259r\u0259c\u0259kl\u0259rini g\u00f6zl\u0259diyi qeyd olunur.<\/p>\n<p>BMT t\u0259r\u0259find\u0259n d\u0259rc edilmi\u015f s\u0259n\u0259dl\u0259 a\u015fa\u011f\u0131dak\u0131 ke\u00e7id vasit\u0259sil\u0259 tan\u0131\u015f olmaq m\u00fcmk\u00fcnd\u00fcr:\u00a0<a href=\"https:\/\/documents-dds-ny.un.org\/doc\/UNDOC\/GEN\/N19\/444\/89\/pdf\/N1944489.pdf\">https:\/\/documents-dds-ny.un.org\/doc\/UNDOC\/GEN\/N19\/444\/89\/pdf\/N1944489.pdf<\/a>\u00a0.<\/p>\n","protected":false},"excerpt":{"rendered":"<p>Az\u0259rbaycan Respublikas\u0131n\u0131n BMT yan\u0131nda daimi n\u00fcmay\u0259nd\u0259liyinin r\u0259hb\u0259rinin az\u0259rbaycanl\u0131 m\u00fclki \u015f\u0259xsl\u0259r Dilq\u0259m \u018fsg\u0259rov v\u0259 \u015eahbaz Quliyevin Erm\u0259nistan t\u0259r\u0259find\u0259n qanunsuz h\u0259bs olunmas\u0131&hellip;<\/p>\n","protected":false},"author":2,"featured_media":0,"comment_status":"closed","ping_status":"closed","sticky":false,"template":"","format":"standard","meta":{"om_disable_all_campaigns":false,"_monsterinsights_skip_tracking":false,"_uf_show_specific_survey":0,"_uf_disable_surveys":false,"footnotes":""},"categories":[23,2,7,5],"tags":[],"aioseo_notices":[],"_links":{"self":[{"href":"https:\/\/hakimiyyet.info.az\/index.php?rest_route=\/wp\/v2\/posts\/11588"}],"collection":[{"href":"https:\/\/hakimiyyet.info.az\/index.php?rest_route=\/wp\/v2\/posts"}],"about":[{"href":"https:\/\/hakimiyyet.info.az\/index.php?rest_route=\/wp\/v2\/types\/post"}],"author":[{"embeddable":true,"href":"https:\/\/hakimiyyet.info.az\/index.php?rest_route=\/wp\/v2\/users\/2"}],"replies":[{"embeddable":true,"href":"https:\/\/hakimiyyet.info.az\/index.php?rest_route=%2Fwp%2Fv2%2Fcomments&post=11588"}],"version-history":[{"count":1,"href":"https:\/\/hakimiyyet.info.az\/index.php?rest_route=\/wp\/v2\/posts\/11588\/revisions"}],"predecessor-version":[{"id":11589,"href":"https:\/\/hakimiyyet.info.az\/index.php?rest_route=\/wp\/v2\/posts\/11588\/revisions\/11589"}],"wp:attachment":[{"href":"https:\/\/hakimiyyet.info.az\/index.php?rest_route=%2Fwp%2Fv2%2Fmedia&parent=11588"}],"wp:term":[{"taxonomy":"category","embeddable":true,"href":"https:\/\/hakimiyyet.info.az\/index.php?rest_route=%2Fwp%2Fv2%2Fcategories&post=11588"},{"taxonomy":"post_tag","embeddable":true,"href":"https:\/\/hakimiyyet.info.az\/index.php?rest_route=%2Fwp%2Fv2%2Ftags&post=11588"}],"curies":[{"name":"wp","href":"https:\/\/api.w.org\/{rel}","templated":true}]}}