{"id":11590,"date":"2020-01-17T21:38:11","date_gmt":"2020-01-17T17:38:11","guid":{"rendered":"https:\/\/www.hakimiyyet.com\/?p=11590"},"modified":"2020-01-17T21:38:11","modified_gmt":"2020-01-17T17:38:11","slug":"qanli-yanvar-milli-m%c9%99fkur%c9%99mizin-azadliq-ist%c9%99yinin-oyanis-gunudur","status":"publish","type":"post","link":"https:\/\/hakimiyyet.info.az\/?p=11590","title":{"rendered":"Qanl\u0131 Yanvar milli m\u0259fkur\u0259mizin azadl\u0131q ist\u0259yinin oyan\u0131\u015f g\u00fcn\u00fcd\u00fcr"},"content":{"rendered":"<p>Az\u0259rbaycan Texniki Universitetind\u0259 (AzTU) 20 Yanvar faci\u0259sinin 30-cu ild\u00f6n\u00fcm\u00fc il\u0259 \u0259laq\u0259dar t\u0259dbir ke\u00e7irilib.<\/p>\n<p>AzTU-dan\u00a0<a class=\"azertac-link\" href=\"https:\/\/azertag.az\/\" target=\"_blank\" rel=\"noopener noreferrer\">AZ\u018fRTAC<\/a>-a bildirilib ki, t\u0259dbir i\u015ftirak\u00e7\u0131lar\u0131 \u0259vv\u0259lc\u0259 universitetin foyesind\u0259 faci\u0259 qurbanlar\u0131n\u0131n xatir\u0259sin\u0259 h\u0259sr olunan fotos\u0259rgiy\u0259 bax\u0131blar. Sonra Az\u0259rbaycan\u0131n m\u00fcst\u0259qilliyi, \u0259razi b\u00fct\u00f6vl\u00fcy\u00fc u\u011frunda h\u0259lak olmu\u015f V\u0259t\u0259n \u00f6vladlar\u0131n\u0131n xatir\u0259si bir d\u0259qiq\u0259lik s\u00fckutla yad edilib.<\/p>\n<p>T\u0259dbird\u0259 AzTU Televiziya Studiyas\u0131n\u0131n haz\u0131rlad\u0131\u011f\u0131 20 Yanvar \u015f\u0259hidi, universitetin t\u0259l\u0259b\u0259si \u0130lqar \u018fhm\u0259dova h\u0259sr olunmu\u015f \u201cAzadl\u0131q f\u0259daisi\u201d s\u0259n\u0259dli filmi n\u00fcmayi\u015f olunub. Filmd\u0259 \u015f\u0259hidin m\u00fc\u0259lliml\u0259ri v\u0259 qrup yolda\u015flar\u0131 onunla ba\u011fl\u0131 xatir\u0259l\u0259rini dan\u0131\u015f\u0131blar.<\/p>\n<p>AzTU-nun rektoru Vilay\u0259t V\u0259liyev bildirib ki, Qanl\u0131 Yanvar Az\u0259rbaycan tarixind\u0259 t\u0259kc\u0259 faci\u0259 deyil, h\u0259m d\u0259 milli m\u0259fkur\u0259mizin azadl\u0131q ist\u0259yinin oyan\u0131\u015f g\u00fcn\u00fcd\u00fcr.1990-c\u0131 il yanvar\u0131n 19-dan 20-n\u0259 ke\u00e7\u0259n gec\u0259 sovet ordusunun v\u0259 onun t\u0259rkibind\u0259 \u00e7oxluq t\u0259\u015fkil ed\u0259n erm\u0259ni silahl\u0131lar\u0131n\u0131n xalq\u0131m\u0131za qar\u015f\u0131 birg\u0259 h\u0259yata ke\u00e7irdiyi q\u0259tliam Az\u0259rbaycan\u0131n azadl\u0131\u011f\u0131 v\u0259 m\u00fcst\u0259qilliyi u\u011frunda ged\u0259n m\u00fcbariz\u0259 tarixin\u0259 q\u0259hr\u0259manl\u0131q s\u0259hif\u0259si kimi daxil olub. Bu faci\u0259y\u0259 ilk d\u0259f\u0259 h\u00fcquqi-siyasi qiym\u0259t ulu \u00f6nd\u0259r Heyd\u0259r \u018fliyevin hakimiyy\u0259t\u0259 qay\u0131d\u0131\u015f\u0131ndan sonra verilib. Ulu \u00d6nd\u0259rin siyasi kursunu u\u011furla davam etdir\u0259n Prezident \u0130lham \u018fliyev d\u0259 faci\u0259 qurbanlar\u0131n\u0131n \u0259ziz xatir\u0259sinin yad olunmas\u0131n\u0131 h\u0259r zaman diqq\u0259td\u0259 saxlay\u0131r, onlar\u0131n xatir\u0259sinin \u0259b\u0259dil\u0259\u015fdirilm\u0259si il\u0259 ba\u011fl\u0131 m\u00fcxt\u0259lif f\u0259rmanlar, s\u0259r\u0259ncamlar imzalay\u0131r.<\/p>\n<p>Daha sonra Az\u0259rbaycan Respublikas\u0131 Prezidentinin \u0130\u015fl\u0259r \u0130dar\u0259sinin Prezident Kitabxanas\u0131n\u0131n \u015f\u00f6b\u0259 m\u00fcdiri, D\u00f6vl\u0259t m\u00fckafat\u0131 laureat\u0131 Nazim Mustafa, AzTU-nun n\u0259zdind\u0259 Bak\u0131 Texniki Kollecin t\u0259dris i\u015fl\u0259ri \u00fczr\u0259 direktor m\u00fcavini \u0259v\u0259zi C\u0259lal Qarda\u015fov (\u015f\u0259hid \u0130lqar \u018fhm\u0259dovun t\u0259l\u0259b\u0259 yolda\u015f\u0131) v\u0259 dig\u0259rl\u0259ri bu hadis\u0259l\u0259r\u0259 z\u0259min yaradan tarixi faktlardan dan\u0131\u015f\u0131blar.<\/p>\n<p>An\u0131m m\u0259rasimi 20 Yanvar \u015f\u0259hidl\u0259rin\u0259 h\u0259sr olunmu\u015f \u0259d\u0259bi-b\u0259dii kompozisiya il\u0259 yekunla\u015f\u0131b.<\/p>\n","protected":false},"excerpt":{"rendered":"<p>Az\u0259rbaycan Texniki Universitetind\u0259 (AzTU) 20 Yanvar faci\u0259sinin 30-cu ild\u00f6n\u00fcm\u00fc il\u0259 \u0259laq\u0259dar t\u0259dbir ke\u00e7irilib. AzTU-dan\u00a0AZ\u018fRTAC-a bildirilib ki, t\u0259dbir i\u015ftirak\u00e7\u0131lar\u0131 \u0259vv\u0259lc\u0259 universitetin&hellip;<\/p>\n","protected":false},"author":2,"featured_media":0,"comment_status":"closed","ping_status":"closed","sticky":false,"template":"","format":"standard","meta":{"om_disable_all_campaigns":false,"_monsterinsights_skip_tracking":false,"_uf_show_specific_survey":0,"_uf_disable_surveys":false,"footnotes":""},"categories":[23,2,7,5],"tags":[],"aioseo_notices":[],"_links":{"self":[{"href":"https:\/\/hakimiyyet.info.az\/index.php?rest_route=\/wp\/v2\/posts\/11590"}],"collection":[{"href":"https:\/\/hakimiyyet.info.az\/index.php?rest_route=\/wp\/v2\/posts"}],"about":[{"href":"https:\/\/hakimiyyet.info.az\/index.php?rest_route=\/wp\/v2\/types\/post"}],"author":[{"embeddable":true,"href":"https:\/\/hakimiyyet.info.az\/index.php?rest_route=\/wp\/v2\/users\/2"}],"replies":[{"embeddable":true,"href":"https:\/\/hakimiyyet.info.az\/index.php?rest_route=%2Fwp%2Fv2%2Fcomments&post=11590"}],"version-history":[{"count":1,"href":"https:\/\/hakimiyyet.info.az\/index.php?rest_route=\/wp\/v2\/posts\/11590\/revisions"}],"predecessor-version":[{"id":11591,"href":"https:\/\/hakimiyyet.info.az\/index.php?rest_route=\/wp\/v2\/posts\/11590\/revisions\/11591"}],"wp:attachment":[{"href":"https:\/\/hakimiyyet.info.az\/index.php?rest_route=%2Fwp%2Fv2%2Fmedia&parent=11590"}],"wp:term":[{"taxonomy":"category","embeddable":true,"href":"https:\/\/hakimiyyet.info.az\/index.php?rest_route=%2Fwp%2Fv2%2Fcategories&post=11590"},{"taxonomy":"post_tag","embeddable":true,"href":"https:\/\/hakimiyyet.info.az\/index.php?rest_route=%2Fwp%2Fv2%2Ftags&post=11590"}],"curies":[{"name":"wp","href":"https:\/\/api.w.org\/{rel}","templated":true}]}}