{"id":11592,"date":"2020-01-17T21:41:17","date_gmt":"2020-01-17T17:41:17","guid":{"rendered":"https:\/\/www.hakimiyyet.com\/?p=11592"},"modified":"2020-01-17T21:41:17","modified_gmt":"2020-01-17T17:41:17","slug":"tacikistanin-faraj-q%c9%99zetind%c9%99-20-yanvar-faci%c9%99sinin-30-cu-ildonumun%c9%99-h%c9%99sr-olunan-m%c9%99qal%c9%99-d%c9%99rc-edilib","status":"publish","type":"post","link":"https:\/\/hakimiyyet.info.az\/?p=11592","title":{"rendered":"Tacikistan\u0131n \u201cFaraj\u201d q\u0259zetind\u0259 20 Yanvar faci\u0259sinin 30-cu ild\u00f6n\u00fcm\u00fcn\u0259 h\u0259sr olunan m\u0259qal\u0259 d\u0259rc edilib"},"content":{"rendered":"<p>Tacikistan\u0131n \u201cFaraj\u201d q\u0259zetind\u0259 v\u0259 eyniadl\u0131 saytda 20 Yanvar faci\u0259sinin 30-cu ild\u00f6n\u00fcm\u00fcn\u0259 h\u0259sr olunan \u201cAz\u0259rbaycan\u0131n m\u00fcst\u0259qilliyi, azadl\u0131\u011f\u0131 v\u0259 b\u00f6l\u00fcnm\u0259zliyi\u201d adl\u0131 m\u0259qal\u0259 d\u0259rc edilib.<\/p>\n<p>M\u0259qal\u0259d\u0259 20 Yanvar faci\u0259sinin tarixi, dig\u0259r postsovet \u00f6lk\u0259l\u0259rind\u0259 m\u00fcst\u0259qillik u\u011frunda m\u00fcbariz\u0259y\u0259 t\u0259siri bar\u0259d\u0259 m\u0259lumat verilir.<\/p>\n<p>M\u00fc\u0259llif 20 Yanvar faci\u0259sinin Az\u0259rbaycan tarixind\u0259ki yerind\u0259n b\u0259hs edir v\u0259 Az\u0259rbaycan xalq\u0131n\u0131n bu hadis\u0259 il\u0259 ba\u011fl\u0131 h\u0259m k\u0259d\u0259rl\u0259ndiyini, h\u0259m d\u0259 qurur hissi ke\u00e7irdiyini vur\u011fulay\u0131r. Yaz\u0131da 20 Yanvar hadis\u0259l\u0259ri Az\u0259rbaycan\u0131n m\u00fcst\u0259qillik u\u011frunda m\u00fcbariz\u0259sinin h\u0259lledici m\u0259rh\u0259l\u0259si kimi s\u0259ciyy\u0259l\u0259ndirilir, Az\u0259rbaycan xalq\u0131n\u0131n \u00f6lk\u0259nin azadl\u0131\u011f\u0131 u\u011frunda h\u0259yat\u0131n\u0131 f\u0259da etmi\u015f \u015f\u0259hidl\u0259rin xatir\u0259sini uca tutdu\u011fu v\u0259 bu g\u00fcnl\u0259rd\u0259 20 Yanvar \u015f\u0259hidl\u0259rinin d\u0259fn olundu\u011fu \u015e\u0259hidl\u0259r Xiyaban\u0131n\u0131 says\u0131z-hesabs\u0131z insan\u0131n ziyar\u0259t etdiyi vur\u011fulan\u0131r.<\/p>\n<p>Daha sonra m\u0259qal\u0259d\u0259 \u00fcmummilli lider Heyd\u0259r \u018fliyevin Az\u0259rbaycan\u0131n Moskvadak\u0131 daimi n\u00fcmay\u0259nd\u0259liyin\u0259 ged\u0259r\u0259k oradan bu amans\u0131z q\u0131r\u011f\u0131n\u0131 t\u0259nqid etdiyi, Bak\u0131da c\u0259r\u0259yan ed\u0259n hadis\u0259l\u0259r \u0259traf\u0131nda yaranm\u0131\u015f informasiya blokadas\u0131n\u0131 yard\u0131\u011f\u0131 v\u0259 ke\u00e7mi\u015f SSR\u0130 r\u0259hb\u0259rliyinin planlar\u0131n\u0131 alt-\u00fcst etdiyi vur\u011fulan\u0131r.<\/p>\n<p>Yaz\u0131da bildirilir ki, 20 Yanvar hadis\u0259l\u0259ri Az\u0259rbaycan xalq\u0131n\u0131n m\u00fcbariz\u0259 \u0259zmini q\u0131ra bilm\u0259yib, \u0259ksin\u0259, xalq\u0131 azadl\u0131q v\u0259 m\u00fcst\u0259qillik u\u011frunda daha s\u0131x birl\u0259\u015fdirib. Bu azadl\u0131q m\u00fcbariz\u0259si is\u0259 1991-ci ild\u0259 Az\u0259rbaycan\u0131n m\u00fcst\u0259qilliyini yenid\u0259n \u0259ld\u0259 etm\u0259si il\u0259 n\u0259tic\u0259l\u0259nib.<\/p>\n<p><em><strong>Qulu K\u0259ng\u0259rli<\/strong><\/em><\/p>\n<p><em><strong><a class=\"azertac-link\" href=\"https:\/\/azertag.az\/\" target=\"_blank\" rel=\"noopener noreferrer\">AZ\u018fRTAC<\/a>-\u0131n x\u00fcsusi m\u00fcxbiri<\/strong><\/em><\/p>\n<p><em><strong>D\u00fc\u015f\u0259nb\u0259<\/strong><\/em><\/p>\n","protected":false},"excerpt":{"rendered":"<p>Tacikistan\u0131n \u201cFaraj\u201d q\u0259zetind\u0259 v\u0259 eyniadl\u0131 saytda 20 Yanvar faci\u0259sinin 30-cu ild\u00f6n\u00fcm\u00fcn\u0259 h\u0259sr olunan \u201cAz\u0259rbaycan\u0131n m\u00fcst\u0259qilliyi, azadl\u0131\u011f\u0131 v\u0259 b\u00f6l\u00fcnm\u0259zliyi\u201d adl\u0131 m\u0259qal\u0259&hellip;<\/p>\n","protected":false},"author":2,"featured_media":0,"comment_status":"closed","ping_status":"closed","sticky":false,"template":"","format":"standard","meta":{"om_disable_all_campaigns":false,"_monsterinsights_skip_tracking":false,"_uf_show_specific_survey":0,"_uf_disable_surveys":false,"footnotes":""},"categories":[23,7,5],"tags":[],"aioseo_notices":[],"_links":{"self":[{"href":"https:\/\/hakimiyyet.info.az\/index.php?rest_route=\/wp\/v2\/posts\/11592"}],"collection":[{"href":"https:\/\/hakimiyyet.info.az\/index.php?rest_route=\/wp\/v2\/posts"}],"about":[{"href":"https:\/\/hakimiyyet.info.az\/index.php?rest_route=\/wp\/v2\/types\/post"}],"author":[{"embeddable":true,"href":"https:\/\/hakimiyyet.info.az\/index.php?rest_route=\/wp\/v2\/users\/2"}],"replies":[{"embeddable":true,"href":"https:\/\/hakimiyyet.info.az\/index.php?rest_route=%2Fwp%2Fv2%2Fcomments&post=11592"}],"version-history":[{"count":1,"href":"https:\/\/hakimiyyet.info.az\/index.php?rest_route=\/wp\/v2\/posts\/11592\/revisions"}],"predecessor-version":[{"id":11593,"href":"https:\/\/hakimiyyet.info.az\/index.php?rest_route=\/wp\/v2\/posts\/11592\/revisions\/11593"}],"wp:attachment":[{"href":"https:\/\/hakimiyyet.info.az\/index.php?rest_route=%2Fwp%2Fv2%2Fmedia&parent=11592"}],"wp:term":[{"taxonomy":"category","embeddable":true,"href":"https:\/\/hakimiyyet.info.az\/index.php?rest_route=%2Fwp%2Fv2%2Fcategories&post=11592"},{"taxonomy":"post_tag","embeddable":true,"href":"https:\/\/hakimiyyet.info.az\/index.php?rest_route=%2Fwp%2Fv2%2Ftags&post=11592"}],"curies":[{"name":"wp","href":"https:\/\/api.w.org\/{rel}","templated":true}]}}