{"id":11623,"date":"2020-01-18T14:27:41","date_gmt":"2020-01-18T10:27:41","guid":{"rendered":"https:\/\/www.amimb.net\/?p=11623"},"modified":"2020-01-18T14:27:41","modified_gmt":"2020-01-18T10:27:41","slug":"amfa-az%c9%99rbaycanda-mikrokredit-alanlarin-30-i-qadinlardir","status":"publish","type":"post","link":"https:\/\/hakimiyyet.info.az\/?p=11623","title":{"rendered":"AMFA: Az\u0259rbaycanda mikrokredit alanlar\u0131n 30%-i qad\u0131nlard\u0131r"},"content":{"rendered":"<p style=\"font-weight: 400;\">Haz\u0131rda Az\u0259rbaycanda 200 min\u0259 yax\u0131n insan mikromaliyy\u0259 xidm\u0259ti il\u0259 \u0259hat\u0259 olunub ki, bunun 30%-i qad\u0131nlard\u0131r.<\/p>\n<p style=\"font-weight: 400;\">\u201c<a href=\"https:\/\/apa.az\/\">APA<\/a>-Economics\u201d\u0259 bu bar\u0259d\u0259 Az\u0259rbaycan Mikromaliyy\u0259 Assosiasiyas\u0131n\u0131n (AMFA) \u00a0icra\u00e7\u0131 direktoru Jal\u0259 Hac\u0131yeva m\u0259lumat verib. Onun s\u00f6zl\u0259rin\u0259 g\u00f6r\u0259, devalvasiyadan \u00f6nc\u0259ki d\u00f6vrd\u0259 bu g\u00f6st\u0259rici 600 min n\u0259f\u0259rin 30%-i s\u0259viyy\u0259sind\u0259 olub.<\/p>\n<p style=\"font-weight: 400;\">\u201cAssosasiya \u00fczvl\u0259ri daha \u00e7ox k\u0259nd yerl\u0259rind\u0259 i\u015fl\u0259y\u0259nl\u0259r oldu\u011fu \u00fc\u00e7\u00fcn daha \u00e7ox 5 min manatad\u0259k m\u0259bl\u0259\u011fl\u0259r \u00fcst\u00fcnl\u00fck t\u0259\u015fkil edir. Bundan y\u00fcks\u0259k m\u0259bl\u0259\u011fl\u0259r\u0259 t\u0259sad\u00fcfi hallarda \u015f\u0259h\u0259r yerl\u0259rind\u0259 rast g\u0259linir. Qad\u0131nlara daha \u00e7ox 1-2 min aras\u0131 m\u0259bl\u0259\u011fl\u0259r laz\u0131m olur, \u00e7\u00fcnki onlar\u0131n biznesl\u0259ri \u00e7ox b\u00f6y\u00fck olmur v\u0259 h\u0259m d\u0259 y\u0131\u011f\u0131m y\u00f6n\u00fcml\u00fcd\u00fcrl\u0259r.\u201d,-dey\u0259 icra\u00e7\u0131 direktor qeyd edib.<\/p>\n<p style=\"font-weight: 400;\">J.Hac\u0131yeva h\u0259m\u00e7inin k\u0259nd t\u0259s\u0259rr\u00fcfat\u0131nda kooperativl\u0259rin t\u0259\u015fviq edilm\u0259si istiqam\u0259tind\u0259 i\u015fl\u0259m\u0259k ist\u0259dikl\u0259rini bildirib.<\/p>\n<p style=\"font-weight: 400;\">\u201cSahibkarlar aras\u0131nda kooperasiyan\u0131n inki\u015faf\u0131 istiq\u0259m\u0259tind\u0259 i\u015fl\u0259yirik. Haz\u0131rda kooperativ bar\u0259d\u0259 maarifl\u0259ndirm\u0259 t\u0259liml\u0259ri h\u0259yata ke\u00e7iririk. T\u0259limd\u0259 kooperativi qurma\u011f\u0131n \u0259saslar\u0131n\u0131 \u00f6yr\u0259dirik. 4-5 ay sonra hans\u0131 sah\u0259d\u0259 kooperativl\u0259rin yarad\u0131lmas\u0131n\u0131 m\u00fc\u015fahid\u0259 etm\u0259k \u00fc\u00e7\u00fcn monitorinq aparaca\u011f\u0131q. Biz h\u0259l\u0259lik ancaq t\u0259m\u0259l bir t\u0259lim verdik. Bu t\u0259lim kooperativl\u0259rin institutsional inki\u015faf\u0131na toxunmad\u0131, sad\u0259c\u0259, yarad\u0131lmas\u0131 il\u0259 ba\u011fl\u0131 oldu. Ancaq bu u\u011furlu olarsa, n\u00f6vb\u0259ti layih\u0259l\u0259rd\u0259 \u00f6lk\u0259d\u0259, x\u00fcsusil\u0259 d\u0259 k\u0259nd t\u0259s\u0259rr\u00fcfat\u0131nda, regionlarda kooperativin t\u0259\u015fviq edilm\u0259si istiqam\u0259tind\u0259 i\u015fl\u0259m\u0259k ist\u0259yirik. \u00c7\u00fcnki bu imkan verir ki, m\u00fcxt\u0259lif bacar\u0131ql\u0131 insanlar bir araya g\u0259lib v\u0259 m\u00fc\u0259yy\u0259n \u00fcmumi bir m\u0259qs\u0259d \u00fc\u00e7\u00fcn i\u015fl\u0259sinl\u0259r. M\u00fc\u015ft\u0259r\u0259k i\u015f d\u0259 daha u\u011furlu v\u0259 dayan\u0131ql\u0131 olur.\u201d,- dey\u0259 J. Hac\u0131yeva qeyd edib.<\/p>\n","protected":false},"excerpt":{"rendered":"<p>Haz\u0131rda Az\u0259rbaycanda 200 min\u0259 yax\u0131n insan mikromaliyy\u0259 xidm\u0259ti il\u0259 \u0259hat\u0259 olunub ki, bunun 30%-i qad\u0131nlard\u0131r. \u201cAPA-Economics\u201d\u0259 bu bar\u0259d\u0259 Az\u0259rbaycan Mikromaliyy\u0259&hellip;<\/p>\n","protected":false},"author":1,"featured_media":0,"comment_status":"closed","ping_status":"closed","sticky":false,"template":"","format":"standard","meta":{"om_disable_all_campaigns":false,"_monsterinsights_skip_tracking":false,"_uf_show_specific_survey":0,"_uf_disable_surveys":false,"footnotes":""},"categories":[6],"tags":[],"aioseo_notices":[],"_links":{"self":[{"href":"https:\/\/hakimiyyet.info.az\/index.php?rest_route=\/wp\/v2\/posts\/11623"}],"collection":[{"href":"https:\/\/hakimiyyet.info.az\/index.php?rest_route=\/wp\/v2\/posts"}],"about":[{"href":"https:\/\/hakimiyyet.info.az\/index.php?rest_route=\/wp\/v2\/types\/post"}],"author":[{"embeddable":true,"href":"https:\/\/hakimiyyet.info.az\/index.php?rest_route=\/wp\/v2\/users\/1"}],"replies":[{"embeddable":true,"href":"https:\/\/hakimiyyet.info.az\/index.php?rest_route=%2Fwp%2Fv2%2Fcomments&post=11623"}],"version-history":[{"count":1,"href":"https:\/\/hakimiyyet.info.az\/index.php?rest_route=\/wp\/v2\/posts\/11623\/revisions"}],"predecessor-version":[{"id":11624,"href":"https:\/\/hakimiyyet.info.az\/index.php?rest_route=\/wp\/v2\/posts\/11623\/revisions\/11624"}],"wp:attachment":[{"href":"https:\/\/hakimiyyet.info.az\/index.php?rest_route=%2Fwp%2Fv2%2Fmedia&parent=11623"}],"wp:term":[{"taxonomy":"category","embeddable":true,"href":"https:\/\/hakimiyyet.info.az\/index.php?rest_route=%2Fwp%2Fv2%2Fcategories&post=11623"},{"taxonomy":"post_tag","embeddable":true,"href":"https:\/\/hakimiyyet.info.az\/index.php?rest_route=%2Fwp%2Fv2%2Ftags&post=11623"}],"curies":[{"name":"wp","href":"https:\/\/api.w.org\/{rel}","templated":true}]}}