{"id":11652,"date":"2020-01-18T19:48:57","date_gmt":"2020-01-18T15:48:57","guid":{"rendered":"https:\/\/www.hakimiyyet.com\/?p=11652"},"modified":"2020-01-18T19:48:57","modified_gmt":"2020-01-18T15:48:57","slug":"ali-m%c9%99hk%c9%99m%c9%99-generalin-sikay%c9%99tini-t%c9%99min-etdi","status":"publish","type":"post","link":"https:\/\/hakimiyyet.info.az\/?p=11652","title":{"rendered":"Ali M\u0259hk\u0259m\u0259 general\u0131n \u015fikay\u0259tini t\u0259min etdi"},"content":{"rendered":"<p>Yanvar\u0131n 17-si Ali M\u0259hk\u0259m\u0259d\u0259 general-mayor Qabil M\u0259mm\u0259dovun \u015fikay\u0259tin\u0259 bax\u0131l\u0131b.<\/p>\n<p>Az\u0259rbaycan Ordusunun birl\u0259\u015fm\u0259 komandan\u0131 olmu\u015f Qabil M\u0259mm\u0259dov \u00f6z t\u0259\u015f\u0259bb\u00fcs\u00fc il\u0259 fevral\u0131n 9-da ke\u00e7iril\u0259c\u0259k parlament se\u00e7kisin\u0259 qat\u0131l\u0131b. O, namiz\u0259dliyini 73 sayl\u0131 L\u0259nk\u0259ran \u015f\u0259h\u0259r se\u00e7ki dair\u0259sind\u0259n verib. Lakin dair\u0259 se\u00e7ki komissiyas\u0131 onun namiz\u0259dliyini qeyd\u0259 almaqdan imtina edib. Dair\u0259 komissiyas\u0131 bunu bel\u0259 \u0259sasland\u0131r\u0131b ki, Qabil M\u0259mm\u0259dov komissiyaya \u0259mlak\u0131 bar\u0259d\u0259 d\u00fczg\u00fcn m\u0259lumat verm\u0259yib v\u0259 onun namiz\u0259dliyinin m\u00fcdafi\u0259si \u00fc\u00e7\u00fcn toplanm\u0131\u015f se\u00e7ici imzalar\u0131ndan 100-\u00fc \u015f\u00fcbh\u0259 do\u011furur.<\/p>\n<p>Qabil M\u0259mm\u0259dov dair\u0259 se\u00e7ki komissiyas\u0131n\u0131n q\u0259rar\u0131ndan M\u0259rk\u0259zi Se\u00e7ki Komissiyas\u0131na \u015fikay\u0259t edib. General bildirib ki, namiz\u0259dliyinin qeyd\u0259 al\u0131nmas\u0131na mane olmaq \u00fc\u00e7\u00fcn bar\u0259sind\u0259 saxta s\u0259n\u0259dl\u0259r haz\u0131rlay\u0131blar, ona m\u0259xsus olmayan \u0259mlaklar\u0131 (torpaq sah\u0259si v\u0259 avtomobill\u0259r) ad\u0131na yaz\u0131blar. Da\u015f\u0131nmaz \u018fmlak\u0131n D\u00f6vl\u0259t Reyestri Xidm\u0259tind\u0259n aray\u0131\u015f alan Qabil M\u0259mm\u0259dov iddia edil\u0259n \u0259mlaklar\u0131n ona m\u0259xsus olmad\u0131\u011f\u0131n\u0131 s\u00fcbuta yetirib.<\/p>\n<p>Yanvar\u0131n 9-da general\u0131n \u015fikay\u0259tin\u0259 baxan M\u0259rk\u0259zi Se\u00e7ki Komissiyas\u0131 bu s\u00fcbutu q\u0259bul edib. MSK q\u0259rara g\u0259lib ki, Qabil M\u0259mm\u0259dov h\u0259qiq\u0259t\u0259n d\u0259 dair\u0259 se\u00e7ki komissiyas\u0131na \u00f6z \u0259mlak\u0131 bar\u0259d\u0259 d\u00fczg\u00fcn m\u0259lumat veribmi\u015f.<\/p>\n<p>Lakin MSK da Qabil M\u0259mm\u0259dovun deputatl\u0131\u011fa namiz\u0259dliyini qeyd\u0259 almay\u0131b v\u0259 bunu bel\u0259 \u0259sasland\u0131r\u0131b ki, general\u0131n m\u00fcdafi\u0259si \u00fc\u00e7\u00fcn toplanm\u0131\u015f 496 se\u00e7ici imzas\u0131ndan 57-si etibars\u0131zd\u0131r.<\/p>\n<p>Deputatl\u0131\u011fa namiz\u0259din qeyd\u0259 al\u0131nmas\u0131 \u00fc\u00e7\u00fcn 450 se\u00e7ici imzas\u0131 olmal\u0131d\u0131r. 496-dan 57-ni \u00e7\u0131xanda is\u0259 439 edir. Bel\u0259likl\u0259, Qabil M\u0259mm\u0259dov \u00fc\u00e7\u00fcn toplanm\u0131\u015f imzalardan etibars\u0131z hesab edil\u0259n imzalar \u00e7\u0131x\u0131landa qalan imzalar onun namiz\u0259dliyinin qeyd\u0259 al\u0131nmas\u0131na \u00e7atm\u0131r. MSK bunu \u0259sas g\u00f6t\u00fcr\u0259r\u0259k general\u0131n namiz\u0259dliyini qeyd\u0259 almaqdan imtina edib.<\/p>\n<p>MSK-n\u0131n q\u0259rar\u0131n\u0131 \u0259sass\u0131z sayan general bu q\u0259rar\u0131n l\u0259\u011fv edilm\u0259si v\u0259 deputatl\u0131\u011fa namiz\u0259dliyinin qeyd\u0259 al\u0131nmas\u0131 \u00fc\u00e7\u00fcn Bak\u0131 Apellyasiya M\u0259hk\u0259m\u0259sin\u0259 \u00fcz tutub. M\u0259hk\u0259m\u0259 \u015fikay\u0259t\u0259 baxmaqdan imtina edib. \u0130mtina bel\u0259 izah olunub ki, Qabil M\u0259mm\u0259dov namiz\u0259dliyini L\u0259nk\u0259randan verdiyi \u00fc\u00e7\u00fcn \u015fikay\u0259t\u0259 \u015eirvan Apellyasiya M\u0259hk\u0259m\u0259sind\u0259 bax\u0131lmal\u0131d\u0131r. General-mayor is\u0259 bununla raz\u0131 deyil, o bildirir ki, m\u0259hk\u0259m\u0259y\u0259 dair\u0259 se\u00e7ki komissiyas\u0131n\u0131n yox, M\u0259rk\u0259zi Se\u00e7ki Komissiyas\u0131n\u0131n q\u0259rar\u0131ndan \u015fikay\u0259t edib, MSK is\u0259 Bak\u0131da yerl\u0259\u015fir.<\/p>\n<p>Kassasiya \u015fikay\u0259tind\u0259 Qabil M\u0259mm\u0259dov Ali M\u0259hk\u0259m\u0259d\u0259n onun apellyasiya \u015fikay\u0259tin\u0259 baxacaq m\u0259hk\u0259m\u0259 instansiyas\u0131n\u0131n m\u00fc\u0259yy\u0259nl\u0259\u015fdirilm\u0259sini, daha d\u0259qiqi, \u015fikay\u0259t\u0259 Bak\u0131 Apellyasiya M\u0259hk\u0259m\u0259sind\u0259 bax\u0131lmas\u0131 bar\u0259d\u0259 q\u0259rar verilm\u0259sini ist\u0259yib.<\/p>\n<p>Novator.az bildirir ki, yanvar\u0131n 17-d\u0259 Ali M\u0259hk\u0259m\u0259 general\u0131n ist\u0259yini t\u0259min edib, onun MSK-dan \u015fikay\u0259tin\u0259 Bak\u0131 Apellyasiya M\u0259hk\u0259m\u0259sind\u0259 bax\u0131lmal\u0131 oldu\u011fu haqda q\u0259rar \u00e7\u0131xar\u0131b.<\/p>\n<p>Qabil M\u0259mm\u0259dov 1965-ci ild\u0259 L\u0259nk\u0259randa do\u011fulub. C\u0259m\u015fid Nax\u00e7\u0131vanski ad\u0131na H\u0259rbi Liseyi v\u0259 Kiyev Ali \u00dcmumqo\u015fun Komandanl\u0131q M\u0259kt\u0259bini bitirib. Sovet Ordusunun zabiti kimi Qazax\u0131standa (1986-1987-ci ill\u0259r), \u018ffqan\u0131standa (1987-1988-ci ill\u0259r), Tacikistanda (1988-1989-cu ill\u0259r), Almaniyada (1989-1992-ci ill\u0259r) h\u0259rbi qulluq ke\u00e7ib.<\/p>\n<p>1992-1995-ci ill\u0259rd\u0259 Moskvada H\u0259rbi Akademiya t\u0259hsili al\u0131b.<\/p>\n<p>1995-ci ild\u0259n Az\u0259rbaycan Respublikas\u0131 Silahl\u0131 Q\u00fcvv\u0259l\u0259rind\u0259 xidm\u0259t edib. B\u0259rd\u0259 h\u0259rbi birl\u0259\u015fm\u0259sinin komandan\u0131, M\u00fcdafi\u0259 Nazirliyinin H\u0259rbi-Elmi M\u0259rk\u0259zinin \u015f\u00f6b\u0259 r\u0259isi, Az\u0259rbaycan\u0131n Qazax\u0131standak\u0131 s\u0259firliyind\u0259 h\u0259rbi atta\u015fe olub.<\/p>\n<p>2002-ci ilin yanvar\u0131nda general-mayor r\u00fctb\u0259si al\u0131b.<\/p>\n<p>2009-cu ild\u0259 \u00f6z \u0259riz\u0259si il\u0259 ehtiyata burax\u0131l\u0131b.<\/p>\n<p>\u201cAz\u0259rbaycan Bayra\u011f\u0131\u201d ordeni kavaleridir.<\/p>\n","protected":false},"excerpt":{"rendered":"<p>Yanvar\u0131n 17-si Ali M\u0259hk\u0259m\u0259d\u0259 general-mayor Qabil M\u0259mm\u0259dovun \u015fikay\u0259tin\u0259 bax\u0131l\u0131b. Az\u0259rbaycan Ordusunun birl\u0259\u015fm\u0259 komandan\u0131 olmu\u015f Qabil M\u0259mm\u0259dov \u00f6z t\u0259\u015f\u0259bb\u00fcs\u00fc il\u0259 fevral\u0131n&hellip;<\/p>\n","protected":false},"author":2,"featured_media":0,"comment_status":"closed","ping_status":"closed","sticky":false,"template":"","format":"standard","meta":{"om_disable_all_campaigns":false,"_monsterinsights_skip_tracking":false,"_uf_show_specific_survey":0,"_uf_disable_surveys":false,"footnotes":""},"categories":[23,2,5],"tags":[],"aioseo_notices":[],"_links":{"self":[{"href":"https:\/\/hakimiyyet.info.az\/index.php?rest_route=\/wp\/v2\/posts\/11652"}],"collection":[{"href":"https:\/\/hakimiyyet.info.az\/index.php?rest_route=\/wp\/v2\/posts"}],"about":[{"href":"https:\/\/hakimiyyet.info.az\/index.php?rest_route=\/wp\/v2\/types\/post"}],"author":[{"embeddable":true,"href":"https:\/\/hakimiyyet.info.az\/index.php?rest_route=\/wp\/v2\/users\/2"}],"replies":[{"embeddable":true,"href":"https:\/\/hakimiyyet.info.az\/index.php?rest_route=%2Fwp%2Fv2%2Fcomments&post=11652"}],"version-history":[{"count":1,"href":"https:\/\/hakimiyyet.info.az\/index.php?rest_route=\/wp\/v2\/posts\/11652\/revisions"}],"predecessor-version":[{"id":11653,"href":"https:\/\/hakimiyyet.info.az\/index.php?rest_route=\/wp\/v2\/posts\/11652\/revisions\/11653"}],"wp:attachment":[{"href":"https:\/\/hakimiyyet.info.az\/index.php?rest_route=%2Fwp%2Fv2%2Fmedia&parent=11652"}],"wp:term":[{"taxonomy":"category","embeddable":true,"href":"https:\/\/hakimiyyet.info.az\/index.php?rest_route=%2Fwp%2Fv2%2Fcategories&post=11652"},{"taxonomy":"post_tag","embeddable":true,"href":"https:\/\/hakimiyyet.info.az\/index.php?rest_route=%2Fwp%2Fv2%2Ftags&post=11652"}],"curies":[{"name":"wp","href":"https:\/\/api.w.org\/{rel}","templated":true}]}}