{"id":11679,"date":"2020-01-19T11:46:18","date_gmt":"2020-01-19T07:46:18","guid":{"rendered":"https:\/\/www.hakimiyyet.com\/?p=11679"},"modified":"2020-01-19T11:46:18","modified_gmt":"2020-01-19T07:46:18","slug":"qazaxistanli-jurnalist-almati-tbilisi-v%c9%99-bakida-bas-ver%c9%99nl%c9%99r-qorxunc-bir-z%c9%99ncirin-halqalari-idi","status":"publish","type":"post","link":"https:\/\/hakimiyyet.info.az\/?p=11679","title":{"rendered":"Qazax\u0131stanl\u0131 jurnalist: Almat\u0131, Tbilisi v\u0259 Bak\u0131da ba\u015f ver\u0259nl\u0259r qorxunc bir z\u0259ncirin halqalar\u0131 idi"},"content":{"rendered":"<p>Bu g\u00fcn qazaxlar da Az\u0259rbaycan xalq\u0131 il\u0259 birg\u0259 30 il \u00f6nc\u0259, 1990-c\u0131 il yanvar\u0131n 20-d\u0259 v\u0259t\u0259nin azadl\u0131\u011f\u0131 yolunda canlar\u0131n\u0131 f\u0259da ed\u0259n insanlar\u0131 yad edir. O zaman sovet h\u0259rbi r\u0259hb\u0259rliyinin \u0259mri il\u0259 Bak\u0131ya qo\u015fun yeridilmi\u015fdi. Bu d\u0259h\u015f\u0259tli v\u0259 yanl\u0131\u015f add\u0131m sovet m\u0259rk\u0259zi r\u0259hb\u0259rliyinin milli respublikalara olan m\u00fcnasib\u0259tini g\u00f6st\u0259rirdi.<\/p>\n<p><a class=\"azertac-link\" href=\"https:\/\/azertag.az\/\" target=\"_blank\" rel=\"noopener noreferrer\">AZ\u018fRTAC<\/a>\u00a0x\u0259b\u0259r verir ki, bu fikirl\u0259ri Qazax\u0131stan\u0131n \u201ce-history.kz\u201d portalinin ba\u015f redaktoru Arman Suleymenov bildirib. O qeyd edib ki, biz ham\u0131m\u0131z 1986-c\u0131 ilin dekabr ay\u0131nda Qazaxstan\u0131n Almat\u0131 \u015f\u0259h\u0259rind\u0259 ba\u015f ver\u0259n hadis\u0259l\u0259ri d\u0259 yax\u015f\u0131 xat\u0131rlay\u0131r\u0131q. Almat\u0131, Tbilisi v\u0259 Bak\u0131da, el\u0259c\u0259 d\u0259 Baltikyan\u0131 \u00f6lk\u0259l\u0259rd\u0259 ard\u0131c\u0131l \u015f\u0259kild\u0259 ba\u015f ver\u0259nl\u0259r qorxunc z\u0259ncirin halqalar\u0131 idi.<\/p>\n<p>\u201cBak\u0131da ba\u015f ver\u0259nl\u0259r onunla f\u0259rql\u0259nirdi ki, xalq Da\u011fl\u0131q Qaraba\u011fda c\u0259r\u0259yan ed\u0259n hadis\u0259l\u0259r\u0259, ittifaqa daxil olan ba\u015fqa bir d\u00f6vl\u0259tin t\u0259cav\u00fcz\u00fcn\u0259 etiraz edirdi. D\u00fc\u015f\u00fcn\u00fcr\u0259m ki, zaman g\u0259l\u0259c\u0259k tarix bu hadis\u0259l\u0259r\u0259 qiym\u0259t ver\u0259c\u0259k v\u0259 g\u00fcnahkarlar gec-tez c\u0259zaland\u0131r\u0131lacaq\u201d, &#8211; dey\u0259 Arman Suleymenov vur\u011fulay\u0131b.<\/p>\n","protected":false},"excerpt":{"rendered":"<p>Bu g\u00fcn qazaxlar da Az\u0259rbaycan xalq\u0131 il\u0259 birg\u0259 30 il \u00f6nc\u0259, 1990-c\u0131 il yanvar\u0131n 20-d\u0259 v\u0259t\u0259nin azadl\u0131\u011f\u0131 yolunda canlar\u0131n\u0131 f\u0259da&hellip;<\/p>\n","protected":false},"author":2,"featured_media":0,"comment_status":"closed","ping_status":"closed","sticky":false,"template":"","format":"standard","meta":{"om_disable_all_campaigns":false,"_monsterinsights_skip_tracking":false,"_uf_show_specific_survey":0,"_uf_disable_surveys":false,"footnotes":""},"categories":[23,2,7],"tags":[],"aioseo_notices":[],"_links":{"self":[{"href":"https:\/\/hakimiyyet.info.az\/index.php?rest_route=\/wp\/v2\/posts\/11679"}],"collection":[{"href":"https:\/\/hakimiyyet.info.az\/index.php?rest_route=\/wp\/v2\/posts"}],"about":[{"href":"https:\/\/hakimiyyet.info.az\/index.php?rest_route=\/wp\/v2\/types\/post"}],"author":[{"embeddable":true,"href":"https:\/\/hakimiyyet.info.az\/index.php?rest_route=\/wp\/v2\/users\/2"}],"replies":[{"embeddable":true,"href":"https:\/\/hakimiyyet.info.az\/index.php?rest_route=%2Fwp%2Fv2%2Fcomments&post=11679"}],"version-history":[{"count":1,"href":"https:\/\/hakimiyyet.info.az\/index.php?rest_route=\/wp\/v2\/posts\/11679\/revisions"}],"predecessor-version":[{"id":11680,"href":"https:\/\/hakimiyyet.info.az\/index.php?rest_route=\/wp\/v2\/posts\/11679\/revisions\/11680"}],"wp:attachment":[{"href":"https:\/\/hakimiyyet.info.az\/index.php?rest_route=%2Fwp%2Fv2%2Fmedia&parent=11679"}],"wp:term":[{"taxonomy":"category","embeddable":true,"href":"https:\/\/hakimiyyet.info.az\/index.php?rest_route=%2Fwp%2Fv2%2Fcategories&post=11679"},{"taxonomy":"post_tag","embeddable":true,"href":"https:\/\/hakimiyyet.info.az\/index.php?rest_route=%2Fwp%2Fv2%2Ftags&post=11679"}],"curies":[{"name":"wp","href":"https:\/\/api.w.org\/{rel}","templated":true}]}}