{"id":11693,"date":"2020-01-19T19:10:17","date_gmt":"2020-01-19T15:10:17","guid":{"rendered":"https:\/\/www.hakimiyyet.com\/?p=11693"},"modified":"2020-01-19T19:10:17","modified_gmt":"2020-01-19T15:10:17","slug":"az%c9%99rbaycan-diasporunun-numay%c9%99nd%c9%99l%c9%99ri-dask%c9%99ndd%c9%99-20-yanvar-faci%c9%99sinin-30-cu-ildonumunu-qeyd-edibl%c9%99r","status":"publish","type":"post","link":"https:\/\/hakimiyyet.info.az\/?p=11693","title":{"rendered":"Az\u0259rbaycan diasporunun n\u00fcmay\u0259nd\u0259l\u0259ri Da\u015fk\u0259ndd\u0259 20 Yanvar faci\u0259sinin 30-cu ild\u00f6n\u00fcm\u00fcn\u00fc qeyd edibl\u0259r"},"content":{"rendered":"<p>Da\u015fk\u0259ndd\u0259 Respublika Az\u0259rbaycan Milli M\u0259d\u0259niyy\u0259t M\u0259rk\u0259zi 20 Yanvar faci\u0259sinin 30-cu ild\u00f6n\u00fcm\u00fc il\u0259 \u0259laq\u0259dar an\u0131m m\u0259rasimi ke\u00e7irib.<\/p>\n<p><a class=\"azertac-link\" href=\"https:\/\/azertag.az\/\" target=\"_blank\" rel=\"noopener noreferrer\">AZ\u018fRTAC<\/a>\u00a0x\u0259b\u0259r verir ki, t\u0259dbird\u0259 diasporumuzun n\u00fcmay\u0259nd\u0259l\u0259ri, qarda\u015f \u00f6zb\u0259k xalq\u0131n\u0131n n\u00fcmay\u0259nd\u0259l\u0259ri, jurnalistl\u0259r i\u015ftirak edibl\u0259r.<\/p>\n<p>T\u0259dbird\u0259 M\u0259rk\u0259zin s\u0259dri Firdovsi H\u00fcseynov 30 il bundan \u0259vv\u0259l ke\u00e7mi\u015f sovet ordusunun \u0259sg\u0259rl\u0259ri t\u0259r\u0259find\u0259n Bak\u0131 k\u00fc\u00e7\u0259l\u0259rind\u0259 t\u00f6r\u0259dilmi\u015f v\u0259h\u015filikl\u0259r haqq\u0131nda m\u0259lumat verilib. O, 20 Yanvar faci\u0259sinin xalq\u0131m\u0131z\u0131n yadda\u015f\u0131ndan he\u00e7 vaxt silinm\u0259y\u0259c\u0259yini qeyd edib. Bildirilib ki, o vaxt Moskvada ya\u015fayan Heyd\u0259r \u018fliyev Az\u0259rbaycan n\u00fcmay\u0259nd\u0259liyin\u0259 ged\u0259r\u0259k m\u0259tbuat konfrans\u0131 ke\u00e7irib, Mixail Qorba\u00e7ov ba\u015fda olmaqla bu faci\u0259ni t\u00f6r\u0259d\u0259n ke\u00e7mi\u015f SSR\u0130 r\u0259hb\u0259rliyini ittiham edib.<\/p>\n<p>Soyda\u015flar\u0131m\u0131zdan Yusif \u018fliyev, Mobil M\u0259mm\u0259dov, \u0130smay\u0131l M\u0259mm\u0259dov v\u0259 ba\u015fqalar\u0131 xalq\u0131m\u0131z\u0131n azadl\u0131q v\u0259 m\u00fcst\u0259qillik u\u011frunda apard\u0131\u011f\u0131 q\u0259hr\u0259manl\u0131q m\u00fcbariz\u0259sind\u0259n dan\u0131\u015f\u0131b, erm\u0259nil\u0259rin q\u0259sbkarl\u0131q siyas\u0259tin\u0259 etiraz ed\u0259n dinc \u0259haliy\u0259 sovet rejimi t\u0259r\u0259f\u0131nd\u0259n qanl\u0131 divan tutulmas\u0131n\u0131, qocalara, qad\u0131nlara, u\u015faqlara aman verilm\u0259m\u0259sini pisl\u0259yibl\u0259r.<\/p>\n<p>Sonra 20 Yanvar faci\u0259si qurbanlar\u0131n\u0131n xatir\u0259sin\u0259 ehsan verilib.<\/p>\n<p><em><strong>Qulu K\u0259ng\u0259rli<\/strong><\/em><\/p>\n<p><em><strong><a class=\"azertac-link\" href=\"https:\/\/azertag.az\/\" target=\"_blank\" rel=\"noopener noreferrer\">AZ\u018fRTAC<\/a>-\u0131n x\u00fcsusi m\u00fcxbiri<\/strong><\/em><\/p>\n<p><em><strong>Da\u015fk\u0259nd<\/strong><\/em><\/p>\n","protected":false},"excerpt":{"rendered":"<p>Da\u015fk\u0259ndd\u0259 Respublika Az\u0259rbaycan Milli M\u0259d\u0259niyy\u0259t M\u0259rk\u0259zi 20 Yanvar faci\u0259sinin 30-cu ild\u00f6n\u00fcm\u00fc il\u0259 \u0259laq\u0259dar an\u0131m m\u0259rasimi ke\u00e7irib. AZ\u018fRTAC\u00a0x\u0259b\u0259r verir ki, t\u0259dbird\u0259&hellip;<\/p>\n","protected":false},"author":2,"featured_media":0,"comment_status":"closed","ping_status":"closed","sticky":false,"template":"","format":"standard","meta":{"om_disable_all_campaigns":false,"_monsterinsights_skip_tracking":false,"_uf_show_specific_survey":0,"_uf_disable_surveys":false,"footnotes":""},"categories":[23,7],"tags":[],"aioseo_notices":[],"_links":{"self":[{"href":"https:\/\/hakimiyyet.info.az\/index.php?rest_route=\/wp\/v2\/posts\/11693"}],"collection":[{"href":"https:\/\/hakimiyyet.info.az\/index.php?rest_route=\/wp\/v2\/posts"}],"about":[{"href":"https:\/\/hakimiyyet.info.az\/index.php?rest_route=\/wp\/v2\/types\/post"}],"author":[{"embeddable":true,"href":"https:\/\/hakimiyyet.info.az\/index.php?rest_route=\/wp\/v2\/users\/2"}],"replies":[{"embeddable":true,"href":"https:\/\/hakimiyyet.info.az\/index.php?rest_route=%2Fwp%2Fv2%2Fcomments&post=11693"}],"version-history":[{"count":1,"href":"https:\/\/hakimiyyet.info.az\/index.php?rest_route=\/wp\/v2\/posts\/11693\/revisions"}],"predecessor-version":[{"id":11694,"href":"https:\/\/hakimiyyet.info.az\/index.php?rest_route=\/wp\/v2\/posts\/11693\/revisions\/11694"}],"wp:attachment":[{"href":"https:\/\/hakimiyyet.info.az\/index.php?rest_route=%2Fwp%2Fv2%2Fmedia&parent=11693"}],"wp:term":[{"taxonomy":"category","embeddable":true,"href":"https:\/\/hakimiyyet.info.az\/index.php?rest_route=%2Fwp%2Fv2%2Fcategories&post=11693"},{"taxonomy":"post_tag","embeddable":true,"href":"https:\/\/hakimiyyet.info.az\/index.php?rest_route=%2Fwp%2Fv2%2Ftags&post=11693"}],"curies":[{"name":"wp","href":"https:\/\/api.w.org\/{rel}","templated":true}]}}