{"id":11695,"date":"2020-01-19T19:15:19","date_gmt":"2020-01-19T15:15:19","guid":{"rendered":"https:\/\/www.hakimiyyet.com\/?p=11695"},"modified":"2020-01-19T19:15:19","modified_gmt":"2020-01-19T15:15:19","slug":"berlind%c9%99-liviya-bohrani-uzr%c9%99-beyn%c9%99lxalq-konfrans-baslayib","status":"publish","type":"post","link":"https:\/\/hakimiyyet.info.az\/?p=11695","title":{"rendered":"Berlind\u0259 Liviya b\u00f6hran\u0131 \u00fczr\u0259 beyn\u0259lxalq konfrans ba\u015flay\u0131b"},"content":{"rendered":"<p style=\"font-weight: 400;\"><span style=\"font-style: inherit; font-weight: inherit;\">Berlind\u0259 Liviya b\u00f6hran\u0131 il\u0259 ba\u011fl\u0131 beyn\u0259lxalq konfrans ba\u015flay\u0131b.<\/span><\/p>\n<p style=\"font-weight: 400;\"><span style=\"font-style: inherit; font-weight: inherit;\"><a href=\"https:\/\/apa.az\/\">APA<\/a>-n\u0131n TASS agentliyin\u0259 istinad\u0259n verdiyi m\u0259lumata g\u00f6r\u0259, konfransda 10 d\u00f6vl\u0259t v\u0259 h\u00f6kum\u0259t ba\u015f\u00e7\u0131s\u0131 i\u015ftirak edir.<\/span><\/p>\n<p style=\"font-weight: 400;\"><span style=\"font-style: inherit; font-weight: inherit;\">Konfransda BMT Ba\u015f Katibi Antoniu Quterri\u015f, T\u00fcrkiy\u0259 Prezidenti R\u0259c\u0259b Tayyib \u018frdo\u011fan, Rusiya Prezidenti Vladimir Putin, Fransa Prezidenti Emmanuel Makron\u00d6 B\u00f6y\u00fck Britaniyan\u0131n Ba\u015f Naziri Bris Conson, AB\u015e D\u00f6vl\u0259t katibi Maykl Pompeo, \u018flc\u0259zair, Misir, Birl\u0259\u015fmi\u015f \u018fr\u0259b \u018fmirlikl\u0259ri, \u00c7in n\u00fcmay\u0259nd\u0259l\u0259ri i\u015ftirak edirl\u0259r. Berlin\u0259 Liviya Milli Raz\u0131l\u0131q H\u00f6kum\u0259tinin Ba\u015f Naziri Faiz S\u0259rrac, Liviya Milli Ordusunun komandan\u0131 X\u0259lif\u0259 Haftar\u00a0\u00a0d\u0259v\u0259t edilib.<\/span><\/p>\n<p style=\"font-weight: 400;\"><span style=\"font-style: inherit; font-weight: inherit;\">\u018fsas raz\u0131la\u015fma konfrans\u0131n yekun s\u0259n\u0259dind\u0259 \u0259ksini tapacaq. M\u0259tbuata s\u0131zan layih\u0259y\u0259 \u0259sas\u0259n, at\u0259\u015fk\u0259sin t\u0259min edilm\u0259si il\u0259 ba\u011fl\u0131 n\u0259zar\u0259t mexanizmi yarad\u0131lacaq, Liviyaya silah sat\u0131\u015f\u0131 qada\u011fan olunacaq, \u00f6lk\u0259d\u0259 siyasi proses ba\u015flayacaq, ordunun \u00f6lk\u0259y\u0259 n\u0259zar\u0259ti t\u0259min edil\u0259c\u0259k, iqtisadi islahatlar h\u0259yata ke\u00e7iril\u0259c\u0259k, humanitar yard\u0131m h\u00fcququna riay\u0259t edil\u0259c\u0259k.<\/span><span style=\"font-style: inherit; font-weight: inherit;\">\u00a0<\/span><\/p>\n","protected":false},"excerpt":{"rendered":"<p>Berlind\u0259 Liviya b\u00f6hran\u0131 il\u0259 ba\u011fl\u0131 beyn\u0259lxalq konfrans ba\u015flay\u0131b. APA-n\u0131n TASS agentliyin\u0259 istinad\u0259n verdiyi m\u0259lumata g\u00f6r\u0259, konfransda 10 d\u00f6vl\u0259t v\u0259 h\u00f6kum\u0259t&hellip;<\/p>\n","protected":false},"author":2,"featured_media":0,"comment_status":"closed","ping_status":"closed","sticky":false,"template":"","format":"standard","meta":{"om_disable_all_campaigns":false,"_monsterinsights_skip_tracking":false,"_uf_show_specific_survey":0,"_uf_disable_surveys":false,"footnotes":""},"categories":[23,7],"tags":[],"aioseo_notices":[],"_links":{"self":[{"href":"https:\/\/hakimiyyet.info.az\/index.php?rest_route=\/wp\/v2\/posts\/11695"}],"collection":[{"href":"https:\/\/hakimiyyet.info.az\/index.php?rest_route=\/wp\/v2\/posts"}],"about":[{"href":"https:\/\/hakimiyyet.info.az\/index.php?rest_route=\/wp\/v2\/types\/post"}],"author":[{"embeddable":true,"href":"https:\/\/hakimiyyet.info.az\/index.php?rest_route=\/wp\/v2\/users\/2"}],"replies":[{"embeddable":true,"href":"https:\/\/hakimiyyet.info.az\/index.php?rest_route=%2Fwp%2Fv2%2Fcomments&post=11695"}],"version-history":[{"count":1,"href":"https:\/\/hakimiyyet.info.az\/index.php?rest_route=\/wp\/v2\/posts\/11695\/revisions"}],"predecessor-version":[{"id":11696,"href":"https:\/\/hakimiyyet.info.az\/index.php?rest_route=\/wp\/v2\/posts\/11695\/revisions\/11696"}],"wp:attachment":[{"href":"https:\/\/hakimiyyet.info.az\/index.php?rest_route=%2Fwp%2Fv2%2Fmedia&parent=11695"}],"wp:term":[{"taxonomy":"category","embeddable":true,"href":"https:\/\/hakimiyyet.info.az\/index.php?rest_route=%2Fwp%2Fv2%2Fcategories&post=11695"},{"taxonomy":"post_tag","embeddable":true,"href":"https:\/\/hakimiyyet.info.az\/index.php?rest_route=%2Fwp%2Fv2%2Ftags&post=11695"}],"curies":[{"name":"wp","href":"https:\/\/api.w.org\/{rel}","templated":true}]}}