{"id":11886,"date":"2020-01-23T10:04:12","date_gmt":"2020-01-23T06:04:12","guid":{"rendered":"https:\/\/www.hakimiyyet.com\/?p=11886"},"modified":"2020-01-23T10:04:12","modified_gmt":"2020-01-23T06:04:12","slug":"bu-s%c9%99h%c9%99r-baki-metrosunda-n%c9%99-bas-verib-r%c9%99smi-aciqlama","status":"publish","type":"post","link":"https:\/\/hakimiyyet.info.az\/?p=11886","title":{"rendered":"Bu s\u0259h\u0259r Bak\u0131 metrosunda n\u0259 ba\u015f verib? &#8211; R\u018fSM\u0130 A\u00c7IQLAMA"},"content":{"rendered":"<p>Bu g\u00fcn s\u0259h\u0259r saatlar\u0131nda Bak\u0131 metrosundan istifad\u0259 ed\u0259n s\u0259rni\u015finl\u0259r probleml\u0259r ya\u015fay\u0131blar.<\/p>\n<p>Bu bar\u0259d\u0259 Day.Az baku.ws-\u0259 istinad\u0259n x\u0259b\u0259r verir.<\/p>\n<p>Metronun &#8220;Elml\u0259r Akademiyas\u0131&#8221;, &#8220;Nizami&#8221;, &#8220;28 may&#8221; stansiyalar\u0131nda qatarlar tuneld\u0259 dayan\u0131b.<\/p>\n<p>\u018fn \u00e7ox yubanma is\u0259 &#8220;Nizami&#8221; stansiyas\u0131 il\u0259 &#8220;28 may&#8221; aras\u0131nda dayan\u0131b.<\/p>\n<p>Bundan ba\u015fqa, dig\u0259r stansiyalarda da s\u0259rni\u015fin s\u0131xl\u0131\u011f\u0131 m\u00fc\u015fahid\u0259 edilib.<br \/>\nM\u0259s\u0259l\u0259 il\u0259 \u0259laq\u0259dar &#8220;Bak\u0131 Metropoliteni&#8221; QSC il\u0259 \u0259laq\u0259 saxlad\u0131q.<\/p>\n<p>Qurumun m\u0259tbuat xidm\u0259tinin r\u0259hb\u0259ri B\u0259xtiyar M\u0259mm\u0259dov BAKU.WS-\u0259 bildirib ki, bu g\u00fcn Bak\u0131 metrosunda he\u00e7 bir nasazl\u0131q v\u0259 problem m\u00fc\u015fahid\u0259 olunmay\u0131b.<\/p>\n<p>Qatarlar\u0131n yubanmas\u0131 is\u0259 s\u0259rni\u015fin s\u0131xl\u0131\u011f\u0131na g\u00f6r\u0259 ola bil\u0259r. &#8220;Y\u0259ni adi g\u00fcnl\u0259rd\u0259 oldu\u011fu kimi metroda s\u0131xl\u0131q ya\u015fan\u0131r. S\u0259rni\u015finl\u0259r vaqonun qap\u0131lar\u0131n\u0131 tuturlar. Bu s\u0259b\u0259bd\u0259n d\u0259, qatarlar 5-20 saniy\u0259 yuban\u0131r.<\/p>\n<p>Bu da \u00fcmumi intervala t\u0259sir g\u00f6st\u0259r\u0259 bil\u0259r.<\/p>\n<p>Haz\u0131rda Bak\u0131 metrosu adi rejimd\u0259 i\u015fl\u0259yir&#8221;, &#8211; dey\u0259 B\u0259xtiyar M\u0259mm\u0259dov bildirib.<\/p>\n","protected":false},"excerpt":{"rendered":"<p>Bu g\u00fcn s\u0259h\u0259r saatlar\u0131nda Bak\u0131 metrosundan istifad\u0259 ed\u0259n s\u0259rni\u015finl\u0259r probleml\u0259r ya\u015fay\u0131blar. Bu bar\u0259d\u0259 Day.Az baku.ws-\u0259 istinad\u0259n x\u0259b\u0259r verir. Metronun &#8220;Elml\u0259r&hellip;<\/p>\n","protected":false},"author":2,"featured_media":0,"comment_status":"closed","ping_status":"closed","sticky":false,"template":"","format":"standard","meta":{"om_disable_all_campaigns":false,"_monsterinsights_skip_tracking":false,"_uf_show_specific_survey":0,"_uf_disable_surveys":false,"footnotes":""},"categories":[23,15,2],"tags":[],"aioseo_notices":[],"_links":{"self":[{"href":"https:\/\/hakimiyyet.info.az\/index.php?rest_route=\/wp\/v2\/posts\/11886"}],"collection":[{"href":"https:\/\/hakimiyyet.info.az\/index.php?rest_route=\/wp\/v2\/posts"}],"about":[{"href":"https:\/\/hakimiyyet.info.az\/index.php?rest_route=\/wp\/v2\/types\/post"}],"author":[{"embeddable":true,"href":"https:\/\/hakimiyyet.info.az\/index.php?rest_route=\/wp\/v2\/users\/2"}],"replies":[{"embeddable":true,"href":"https:\/\/hakimiyyet.info.az\/index.php?rest_route=%2Fwp%2Fv2%2Fcomments&post=11886"}],"version-history":[{"count":1,"href":"https:\/\/hakimiyyet.info.az\/index.php?rest_route=\/wp\/v2\/posts\/11886\/revisions"}],"predecessor-version":[{"id":11887,"href":"https:\/\/hakimiyyet.info.az\/index.php?rest_route=\/wp\/v2\/posts\/11886\/revisions\/11887"}],"wp:attachment":[{"href":"https:\/\/hakimiyyet.info.az\/index.php?rest_route=%2Fwp%2Fv2%2Fmedia&parent=11886"}],"wp:term":[{"taxonomy":"category","embeddable":true,"href":"https:\/\/hakimiyyet.info.az\/index.php?rest_route=%2Fwp%2Fv2%2Fcategories&post=11886"},{"taxonomy":"post_tag","embeddable":true,"href":"https:\/\/hakimiyyet.info.az\/index.php?rest_route=%2Fwp%2Fv2%2Ftags&post=11886"}],"curies":[{"name":"wp","href":"https:\/\/api.w.org\/{rel}","templated":true}]}}