{"id":11890,"date":"2020-01-23T10:10:05","date_gmt":"2020-01-23T06:10:05","guid":{"rendered":"https:\/\/www.hakimiyyet.com\/?p=11890"},"modified":"2020-01-23T10:10:05","modified_gmt":"2020-01-23T06:10:05","slug":"strasburqda-stalinl%c9%99-ixtilaf-xatir%c9%99l%c9%99ri-kitabinin-fransizdilli-oxucular-ucun-t%c9%99qdimati-olacaq","status":"publish","type":"post","link":"https:\/\/hakimiyyet.info.az\/?p=11890","title":{"rendered":"Strasburqda \u201cStalinl\u0259 ixtilaf xatir\u0259l\u0259ri\u201d kitab\u0131n\u0131n frans\u0131zdilli oxucular \u00fc\u00e7\u00fcn t\u0259qdimat\u0131 olacaq"},"content":{"rendered":"<p>Yanvar\u0131n 29-da Strasburqun \u201cLibrairie Kleber\u201d m\u00f6t\u0259b\u0259r kitab ma\u011fazas\u0131nda bu \u015f\u0259h\u0259rd\u0259 f\u0259aliyy\u0259t g\u00f6st\u0259r\u0259n v\u0259 Fransada Az\u0259rbaycan \u0259d\u0259biyyat\u0131n\u0131 t\u0259\u015fviq ed\u0259n n\u0259\u015friyyat evi \u201cK\u0259p\u0259z\u201din \u00e7ap etdiyi M.\u018f.R\u0259sulzad\u0259nin \u201cStalinl\u0259 ixtilaf xatir\u0259l\u0259ri\u201d kitab\u0131n\u0131n t\u0259qdimat\u0131 ke\u00e7iril\u0259c\u0259k.\u00a0Strasburq Universitetinin m\u00fc\u0259llimi, Strasburq V\u0259kill\u0259r Kollegiyas\u0131n\u0131n \u00fczv\u00fc Tyeri Edmond t\u0259qdimata moderatorluq ed\u0259c\u0259k. T\u0259qdimat m\u0259rasimind\u0259 Strasburq Universitetinin professoru v\u0259 kitaba \u201c\u00d6n s\u00f6z\u201d yazm\u0131\u015f Stefan De Tapia v\u0259 Strasburqun ba\u015f ravini, Avropa \u0130nstitutlar\u0131n\u0131n n\u00fcmay\u0259nd\u0259si Mendel Samama t\u0259qdimatda \u00e7\u0131x\u0131\u015f ed\u0259c\u0259kl\u0259r.<\/p>\n<p>Qeyd ed\u0259k ki, \u201cK\u0259p\u0259z\u201d n\u0259\u015friyyat evinin \u0259sas m\u0259qs\u0259di \u00f6lk\u0259mizin z\u0259ngin m\u0259d\u0259niyy\u0259tini, \u0259d\u0259biyyat\u0131n\u0131, yaz\u0131\u00e7\u0131lar\u0131n\u0131 frans\u0131zdilli oxuculara \u00e7atd\u0131rmaq, onu t\u0259\u015fviq etm\u0259kdir.<\/p>\n<p><em><strong>\u015e\u0259hla A\u011falarova<\/strong><\/em><\/p>\n<p><em><strong><a class=\"azertac-link\" href=\"https:\/\/azertag.az\/\" target=\"_blank\" rel=\"noopener noreferrer\">AZ\u018fRTAC<\/a>-\u0131n x\u00fcsusi m\u00fcxbiri<\/strong><\/em><\/p>\n<p><em><strong>Strasburq<\/strong><\/em><\/p>\n","protected":false},"excerpt":{"rendered":"<p>Yanvar\u0131n 29-da Strasburqun \u201cLibrairie Kleber\u201d m\u00f6t\u0259b\u0259r kitab ma\u011fazas\u0131nda bu \u015f\u0259h\u0259rd\u0259 f\u0259aliyy\u0259t g\u00f6st\u0259r\u0259n v\u0259 Fransada Az\u0259rbaycan \u0259d\u0259biyyat\u0131n\u0131 t\u0259\u015fviq ed\u0259n n\u0259\u015friyyat evi&hellip;<\/p>\n","protected":false},"author":2,"featured_media":0,"comment_status":"closed","ping_status":"closed","sticky":false,"template":"","format":"standard","meta":{"om_disable_all_campaigns":false,"_monsterinsights_skip_tracking":false,"_uf_show_specific_survey":0,"_uf_disable_surveys":false,"footnotes":""},"categories":[23,7],"tags":[],"aioseo_notices":[],"_links":{"self":[{"href":"https:\/\/hakimiyyet.info.az\/index.php?rest_route=\/wp\/v2\/posts\/11890"}],"collection":[{"href":"https:\/\/hakimiyyet.info.az\/index.php?rest_route=\/wp\/v2\/posts"}],"about":[{"href":"https:\/\/hakimiyyet.info.az\/index.php?rest_route=\/wp\/v2\/types\/post"}],"author":[{"embeddable":true,"href":"https:\/\/hakimiyyet.info.az\/index.php?rest_route=\/wp\/v2\/users\/2"}],"replies":[{"embeddable":true,"href":"https:\/\/hakimiyyet.info.az\/index.php?rest_route=%2Fwp%2Fv2%2Fcomments&post=11890"}],"version-history":[{"count":1,"href":"https:\/\/hakimiyyet.info.az\/index.php?rest_route=\/wp\/v2\/posts\/11890\/revisions"}],"predecessor-version":[{"id":11891,"href":"https:\/\/hakimiyyet.info.az\/index.php?rest_route=\/wp\/v2\/posts\/11890\/revisions\/11891"}],"wp:attachment":[{"href":"https:\/\/hakimiyyet.info.az\/index.php?rest_route=%2Fwp%2Fv2%2Fmedia&parent=11890"}],"wp:term":[{"taxonomy":"category","embeddable":true,"href":"https:\/\/hakimiyyet.info.az\/index.php?rest_route=%2Fwp%2Fv2%2Fcategories&post=11890"},{"taxonomy":"post_tag","embeddable":true,"href":"https:\/\/hakimiyyet.info.az\/index.php?rest_route=%2Fwp%2Fv2%2Ftags&post=11890"}],"curies":[{"name":"wp","href":"https:\/\/api.w.org\/{rel}","templated":true}]}}