{"id":11892,"date":"2020-01-23T10:14:44","date_gmt":"2020-01-23T06:14:44","guid":{"rendered":"https:\/\/www.hakimiyyet.com\/?p=11892"},"modified":"2020-01-23T10:14:44","modified_gmt":"2020-01-23T06:14:44","slug":"qarli-firtina-norvecin-simalini-iflic-edib","status":"publish","type":"post","link":"https:\/\/hakimiyyet.info.az\/?p=11892","title":{"rendered":"Qarl\u0131 f\u0131rt\u0131na Norve\u00e7in \u015fimal\u0131n\u0131 iflic edib"},"content":{"rendered":"<p>Qarl\u0131 f\u0131rt\u0131na n\u0259tic\u0259sind\u0259 yaranm\u0131\u015f k\u00fcl\u0259kli v\u0259 buzlu hava \u015f\u0259raiti Norve\u00e7in \u015fimal\u0131nda bir s\u0131ra \u0259yal\u0259tl\u0259ri iflic edib.<\/p>\n<p><a class=\"azertac-link\" href=\"https:\/\/azertag.az\/\" target=\"_blank\" rel=\"noopener noreferrer\">AZ\u018fRTAC<\/a>\u00a0x\u0259b\u0259r verir ki, \u015fidd\u0259tli qar f\u0131rt\u0131nalar\u0131 krall\u0131\u011f\u0131n b\u0259zi ya\u015fay\u0131\u015f m\u0259nt\u0259q\u0259l\u0259ri il\u0259 \u0259laq\u0259nin k\u0259silm\u0259sin\u0259 s\u0259b\u0259b olmaqla yana\u015f\u0131, yollar\u0131n ba\u011flanmas\u0131, adalararas\u0131 b\u0259r\u0259 gedi\u015fl\u0259rin v\u0259 t\u0259yyar\u0259 u\u00e7u\u015flar\u0131n dayand\u0131r\u0131lmas\u0131na s\u0259b\u0259b olub.<\/p>\n<p>Bel\u0259 ki, Norve\u00e7in uzaq \u015fimal\u0131nda yerl\u0259\u015f\u0259n Finnmark b\u0259l\u0259diyy\u0259sind\u0259 yerli v\u0259 \u015f\u0259h\u0259rl\u0259raras\u0131 \u0259h\u0259miyy\u0259t\u0259 malik 30-a yax\u0131n yolda h\u0259r\u0259k\u0259t qar s\u0259b\u0259bind\u0259n tamamil\u0259 dayand\u0131r\u0131l\u0131b. Bildirilir ki, n\u0259tic\u0259d\u0259 regionda yerl\u0259\u015f\u0259n bir ne\u00e7\u0259 ya\u015fay\u0131\u015f m\u0259nt\u0259q\u0259si il\u0259 \u0259laq\u0259 tam k\u0259silib, bu m\u0259nt\u0259q\u0259l\u0259r\u0259, h\u0259tta t\u0259cili yard\u0131m v\u0259 yan\u011f\u0131ndan m\u00fchafiz\u0259 ma\u015f\u0131nlar\u0131n\u0131n \u0259lveri\u015fsiz hava \u015f\u0259raiti v\u0259 yollar\u0131n ke\u00e7irilm\u0259z hala d\u00fc\u015fm\u0259si s\u0259b\u0259bind\u0259n f\u0259aliyy\u0259t g\u00f6st\u0259r\u0259 bilmir. Eyni zamanda f\u0131rt\u0131na n\u0259tic\u0259sind\u0259 yanm\u0131\u015f k\u00fcl\u0259yin d\u0259 bir ne\u00e7\u0259 yerd\u0259 da\u011f\u0131nt\u0131lara s\u0259b\u0259b olmas\u0131 v\u0259 \u00f6lk\u0259d\u0259ki hava \u015f\u0259raiti il\u0259 \u0259laq\u0259dar rekord sayda yol q\u0259zalar\u0131 qeyd\u0259 al\u0131nmas\u0131 \u00f6z n\u00f6vb\u0259sind\u0259 v\u0259ziyy\u0259ti daha da \u00e7\u0259tinl\u0259\u015fdirir.<\/p>\n<p>Qeyd ed\u0259k ki, Norve\u00e7d\u0259 b\u00f6y\u00fck \u0259h\u0259miyy\u0259t\u0259 malik hava n\u0259qliyyat\u0131n\u0131n k\u0259skin hava \u015f\u0259raiti s\u0259b\u0259bind\u0259n gecikm\u0259l\u0259rl\u0259 i\u015fl\u0259diyi, habel\u0259 Tr\u00f6ms\u00f6, Buda v\u0259 Trondhaym \u015f\u0259h\u0259rl\u0259rind\u0259 u\u00e7u\u015flar\u0131n m\u00fcv\u0259qq\u0259ti dayand\u0131r\u0131ld\u0131\u011f\u0131 bildirilir.<\/p>\n<p><em><strong>Rauf \u018fliyev<\/strong><\/em><\/p>\n<p><em><strong><a class=\"azertac-link\" href=\"https:\/\/azertag.az\/\" target=\"_blank\" rel=\"noopener noreferrer\">AZ\u018fRTAC<\/a>-\u0131n x\u00fcsusi m\u00fcxbiri<\/strong><\/em><\/p>\n<p><em><strong>Oslo<\/strong><\/em><\/p>\n","protected":false},"excerpt":{"rendered":"<p>Qarl\u0131 f\u0131rt\u0131na n\u0259tic\u0259sind\u0259 yaranm\u0131\u015f k\u00fcl\u0259kli v\u0259 buzlu hava \u015f\u0259raiti Norve\u00e7in \u015fimal\u0131nda bir s\u0131ra \u0259yal\u0259tl\u0259ri iflic edib. AZ\u018fRTAC\u00a0x\u0259b\u0259r verir ki, \u015fidd\u0259tli&hellip;<\/p>\n","protected":false},"author":2,"featured_media":0,"comment_status":"closed","ping_status":"closed","sticky":false,"template":"","format":"standard","meta":{"om_disable_all_campaigns":false,"_monsterinsights_skip_tracking":false,"_uf_show_specific_survey":0,"_uf_disable_surveys":false,"footnotes":""},"categories":[5],"tags":[],"aioseo_notices":[],"_links":{"self":[{"href":"https:\/\/hakimiyyet.info.az\/index.php?rest_route=\/wp\/v2\/posts\/11892"}],"collection":[{"href":"https:\/\/hakimiyyet.info.az\/index.php?rest_route=\/wp\/v2\/posts"}],"about":[{"href":"https:\/\/hakimiyyet.info.az\/index.php?rest_route=\/wp\/v2\/types\/post"}],"author":[{"embeddable":true,"href":"https:\/\/hakimiyyet.info.az\/index.php?rest_route=\/wp\/v2\/users\/2"}],"replies":[{"embeddable":true,"href":"https:\/\/hakimiyyet.info.az\/index.php?rest_route=%2Fwp%2Fv2%2Fcomments&post=11892"}],"version-history":[{"count":1,"href":"https:\/\/hakimiyyet.info.az\/index.php?rest_route=\/wp\/v2\/posts\/11892\/revisions"}],"predecessor-version":[{"id":11893,"href":"https:\/\/hakimiyyet.info.az\/index.php?rest_route=\/wp\/v2\/posts\/11892\/revisions\/11893"}],"wp:attachment":[{"href":"https:\/\/hakimiyyet.info.az\/index.php?rest_route=%2Fwp%2Fv2%2Fmedia&parent=11892"}],"wp:term":[{"taxonomy":"category","embeddable":true,"href":"https:\/\/hakimiyyet.info.az\/index.php?rest_route=%2Fwp%2Fv2%2Fcategories&post=11892"},{"taxonomy":"post_tag","embeddable":true,"href":"https:\/\/hakimiyyet.info.az\/index.php?rest_route=%2Fwp%2Fv2%2Ftags&post=11892"}],"curies":[{"name":"wp","href":"https:\/\/api.w.org\/{rel}","templated":true}]}}