{"id":11983,"date":"2020-01-25T09:57:18","date_gmt":"2020-01-25T05:57:18","guid":{"rendered":"https:\/\/www.amimb.net\/?p=11983"},"modified":"2020-01-25T09:57:18","modified_gmt":"2020-01-25T05:57:18","slug":"prezident-ilham-%c9%99liyevin-davos-aciqlamalari-dunyanin-diqq%c9%99t-m%c9%99rk%c9%99zind%c9%99","status":"publish","type":"post","link":"https:\/\/hakimiyyet.info.az\/?p=11983","title":{"rendered":"Prezident \u0130lham \u018fliyevin \u201cDavos a\u00e7\u0131qlamalar\u0131\u201d d\u00fcnyan\u0131n diqq\u0259t m\u0259rk\u0259zind\u0259"},"content":{"rendered":"<p>Yanvar\u0131n 22-d\u0259 Az\u0259rbaycan Prezidenti \u0130lham \u018fliyev Davos D\u00fcnya \u0130qtisadi Forumu \u00e7\u0259r\u00e7iv\u0259sind\u0259 \u201cStrateji bax\u0131\u015f: Avrasiya\u201d m\u00f6vzusunda ke\u00e7iril\u0259n panel iclas\u0131nda i\u015ftirak edib. \u00d6lk\u0259 r\u0259hb\u0259ri\u00a0 panelin moderatorunun suallar\u0131n\u0131 cavabland\u0131r\u0131b.<\/p>\n<p>Prezident \u018fliyevin \u00e7\u0131x\u0131\u015f\u0131nda Az\u0259rbaycan\u0131n xarici siyas\u0259ti, \u00f6lk\u0259d\u0259 apar\u0131lan islahatlar\u0131n \u00f6n\u0259mi v\u0259 \u00f6lk\u0259nin beyn\u0259lxalq layih\u0259l\u0259rd\u0259 i\u015ftirak\u0131 m\u0259s\u0259l\u0259sin\u0259 toxunulub.<\/p>\n<p>D\u00f6vl\u0259t ba\u015f\u00e7\u0131s\u0131 bir \u00e7ox \u00f6n\u0259mli mesajlar verib.<\/p>\n<div id=\"AdviadNativeVideo0\" class=\"AdviadNativeVideo\"><\/div>\n<p>\u00d6lk\u0259 r\u0259hb\u0259ri r\u0259smi Bak\u0131n\u0131n balans diplomatiyas\u0131na \u00fcst\u00fcnl\u00fck verdiyini x\u00fcsusil\u0259 vur\u011fulay\u0131b. Moderatorun \u201c&#8230;Avrasiyada indi b\u00f6y\u00fck q\u00fcvv\u0259l\u0259r yerl\u0259\u015fib, bir t\u0259r\u0259fd\u0259n Rusiya, o biri t\u0259r\u0259fd\u0259n \u00c7in. Az\u0259rbaycan\u0131n Prezidenti kimi Siz birinci n\u00f6vb\u0259d\u0259 kim\u0259 z\u0259ng ed\u0259rsiniz \u2013 Moskvaya, yoxsa Pekin\u0259?\u201d sual\u0131na \u00f6lk\u0259 ba\u015f\u00e7\u0131s\u0131n\u0131n cavab\u0131 konkret olub: \u201dBak\u0131ya&#8230;\u201d.<\/p>\n<p>Prezident \u018fliyev onu da qeyd edib ki, Az\u0259rbaycan b\u00fct\u00fcn qon\u015fular\u0131 il\u0259 m\u00fcnasib\u0259td\u0259 xo\u015fniyy\u0259tli kurs yeridir: \u201c&#8230;lakin eyni zamanda, milli maraqlar\u0131m\u0131z h\u0259mi\u015f\u0259 birinci yerd\u0259dir. Buna g\u00f6r\u0259 d\u0259\u00a0 m\u00fcst\u0259qillik ill\u0259ri \u0259rzind\u0259 \u0259ld\u0259 etdiyimiz b\u00fct\u00fcn nailiyy\u0259tl\u0259r xalq\u0131m\u0131z\u0131n m\u00fcst\u0259qilliyimiz\u0259 sadiq olmas\u0131na, siyasi v\u0259 iqtisadi sah\u0259l\u0259rd\u0259 \u00e7ox ciddi islahatlar\u0131 h\u0259yata ke\u00e7irdiyimiz\u0259 g\u00f6r\u0259 \u0259ld\u0259 olunmu\u015fdur. Bizim\u00a0 nailiyy\u0259tl\u0259r Davos D\u00fcnya \u0130qtisadi Forumunun illik qiym\u0259tl\u0259ndirm\u0259l\u0259rind\u0259 d\u0259 \u00f6z \u0259ksini tapm\u0131\u015fd\u0131r. \u0130nfrastruktur sah\u0259si \u00e7ox y\u00fcks\u0259k s\u0259viyy\u0259d\u0259\u00a0 inki\u015faf edib. Yollar\u0131n in\u015fas\u0131 v\u0259 keyfiyy\u0259tin\u0259 g\u0259ldikd\u0259, biz d\u00fcnyada\u00a0 iyirmi yeddinci yerd\u0259 q\u0259rarla\u015fm\u0131\u015f\u0131q\u201d.<\/p>\n<p>Prezident \u018fliyev regionda c\u0259r\u0259yan ed\u0259n prosesl\u0259rl\u0259 ba\u011fl\u0131 v\u0259ziyy\u0259ti \u015f\u0259rh edib: \u201cD\u00fc\u015f\u00fcn\u00fcr\u0259m ki, x\u00fcsus\u0259n regional v\u0259ziyy\u0259ti v\u0259 yeni yaranmaqda olan m\u00fcnaqi\u015f\u0259 zonalar\u0131n\u0131 n\u0259z\u0259r\u0259 alaraq haz\u0131rda \u0259n vacib olan m\u0259s\u0259l\u0259 regional sabitlikdir. \u00d6lk\u0259d\u0259 bizim daxili riskl\u0259rimiz yoxdur, ist\u0259r siyasi riskl\u0259r olsun, ist\u0259r iqtisadi. \u00d6lk\u0259 sabitdir, inki\u015faf davaml\u0131d\u0131r\u201d.<\/p>\n<p>Az\u0259rbaycan Prezidenti \u201cbizim h\u0259yata ke\u00e7irilm\u0259kd\u0259 olan v\u0259 xalq\u0131m\u0131z \u00fc\u00e7\u00fcn b\u00f6y\u00fck imkanlar yaradan \u00e7ox geni\u015f islahatlar g\u00fcnd\u0259liyimiz var\u201d, &#8211; dey\u0259 \u0259lav\u0259 edib.<\/p>\n<p>\u00d6lk\u0259 ba\u015f\u00e7\u0131s\u0131 qeyd edib ki, \u0259n b\u00f6y\u00fck narahatl\u0131q v\u0259 \u0259sas potensial kabus s\u0259rh\u0259dl\u0259rimizin xaricind\u0259 g\u0259rginliyin artmas\u0131 olard\u0131: \u201cBunun \u00fc\u00e7\u00fcn biz m\u0259suliyy\u0259t da\u015f\u0131m\u0131r\u0131q. T\u0259\u0259ss\u00fcf ki, biz bu proses\u0259 tam\u00a0 olaraq t\u0259sir ed\u0259 bilm\u0259rik. M\u0259suliyy\u0259ti bu k\u00f6vr\u0259k sabitliyin daha da sars\u0131lmamas\u0131 \u00fc\u00e7\u00fcn \u00f6z aralar\u0131nda m\u00fc\u0259yy\u0259n m\u0259s\u0259l\u0259l\u0259rl\u0259 ba\u011fl\u0131 raz\u0131l\u0131\u011fa g\u0259lm\u0259li olan super q\u00fcvv\u0259l\u0259r, super g\u00fccl\u0259r da\u015f\u0131yacaq\u201d.<\/p>\n<p>D\u00f6vl\u0259t ba\u015f\u00e7\u0131s\u0131 bildirib ki, bu g\u0259rginlikl\u0259ri s\u0259rh\u0259dl\u0259rimizin yax\u0131nl\u0131\u011f\u0131nda g\u00f6r\u00fcr\u00fck: \u201cBiz \u018ffqan\u0131standa g\u0259rginlikl\u0259ri g\u00f6r\u00fcr\u00fck, biz orada h\u0259ll edilm\u0259mi\u015f v\u0259ziyy\u0259ti g\u00f6r\u00fcr\u00fck. Biz\u00a0 \u00f6z\u00fcm\u00fcz Erm\u0259nistan t\u0259r\u0259find\u0259n i\u015f\u011fala m\u0259ruz qalm\u0131\u015f\u0131q v\u0259 bu, daimi t\u0259hdid m\u0259nb\u0259yidir.\u00a0 \u018frazil\u0259rimizin dem\u0259k olar ki, 20 faizi beyn\u0259lxalq h\u00fcquq normalar\u0131 v\u0259 BMT T\u0259hl\u00fck\u0259sizlik \u015euras\u0131n\u0131n q\u0259tnam\u0259l\u0259rin\u0259 zidd olaraq Erm\u0259nistan\u0131n i\u015f\u011fal\u0131 alt\u0131ndad\u0131r. Biz\u00a0 AB\u015e &#8211; \u0130ran m\u00fcnasib\u0259tl\u0259rind\u0259 g\u0259rginliyin k\u0259skinl\u0259\u015fm\u0259sinin \u015fahidi oluruq. Regionda art\u0131q ba\u015f qald\u0131rmaqda olan bir \u00e7ox qaynar n\u00f6qt\u0259l\u0259r potensial t\u0259hdidl\u0259rdir. Ona g\u00f6r\u0259 d\u0259 biz s\u0259rh\u0259dl\u0259rimizin xaricind\u0259 t\u0259hl\u00fck\u0259sizliyin v\u0259 m\u00fc\u0259yy\u0259nliyin olmas\u0131nda \u00e7ox maraql\u0131y\u0131q. \u00c7\u00fcnki h\u0259tta Az\u0259rbaycandan k\u0259narda olan iqtisadi\u00a0 \u00e7\u0259tinlikl\u0259r bizim iqtisadi v\u0259 sosial v\u0259ziyy\u0259timiz\u0259 t\u0259sir ed\u0259 bil\u0259r. Buna g\u00f6r\u0259 d\u0259 d\u00fc\u015f\u00fcn\u00fcr\u0259m ki, regionda sabitlikl\u0259 ba\u011fl\u0131 v\u0259ziyy\u0259t bizi narahat ed\u0259n \u0259sas m\u0259s\u0259l\u0259dir v\u0259 bel\u0259 dey\u0259 bil\u0259r\u0259ms\u0259, regionda qeyri-sabitlik \u0259sas kabusdur\u201d.<\/p>\n<p>Az\u0259rbaycanda 9 fevralda ke\u00e7iril\u0259c\u0259k parlament se\u00e7kil\u0259rin\u0259 m\u00fcnasib\u0259t bildir\u0259n Prezident \u018fliyev vur\u011fulay\u0131b ki, bu se\u00e7kil\u0259rin m\u0259qs\u0259di insanlara etimad g\u00f6st\u0259rdikl\u0259ri namiz\u0259dl\u0259ri se\u00e7m\u0259k \u00fc\u00e7\u00fcn imkan verm\u0259k idi: \u201c\u018fmin\u0259m ki, se\u00e7kil\u0259rd\u0259n sonra parlament d\u0259 islahatlar\u0131n davam\u0131n\u0131n m\u00fch\u00fcm hiss\u0259si olacaq&#8221;.<\/p>\n<p>\u00d6lk\u0259 r\u0259hb\u0259ri onu da vur\u011fulay\u0131b ki, parlament se\u00e7kil\u0259ri \u0259haliy\u0259 etimad etdikl\u0259ri \u015f\u0259xsl\u0259ri se\u00e7m\u0259k \u00fc\u00e7\u00fcn imkan verir: \u201cSe\u00e7kil\u0259rd\u0259n sonra is\u0259 parlament islahatlar\u0131n vacib hiss\u0259si olacaq\u201d.<\/p>\n<p>G\u00f6r\u00fcnd\u00fcy\u00fc kimi, \u00f6lk\u0259 r\u0259hb\u0259ri qar\u015f\u0131dan g\u0259l\u0259n parlament se\u00e7kil\u0259rinin demokratik olaca\u011f\u0131n\u0131 v\u0259 \u00f6lk\u0259d\u0259 apar\u0131lan islahatlara xidm\u0259t ed\u0259c\u0259yini x\u00fcsusil\u0259 qeyd edib.<\/p>\n<p>Prezident \u0130lham \u0259lav\u0259 edib ki, h\u0259yata ke\u00e7iril\u0259n islahatlar \u00e7\u0259r\u00e7iv\u0259sind\u0259 h\u00f6kum\u0259tin t\u0259rkibi yenil\u0259nib: \u201cH\u00f6kum\u0259td\u0259 yeni adamlar var. Onlar y\u00fcks\u0259k s\u0259viyy\u0259d\u0259 t\u0259hsil alm\u0131\u015f v\u0259 m\u00fcasir d\u00fcnyag\u00f6r\u00fc\u015fl\u0259ri olan g\u0259ncl\u0259rdir. M\u0259n d\u0259f\u0259l\u0259rl\u0259 demi\u015f\u0259m ki, XXI \u0259srd\u0259\u00a0 u\u011fur qazanmaq yaln\u0131z XX \u0259srin bax\u0131\u015flar\u0131na riay\u0259t etm\u0259d\u0259n m\u00fcmk\u00fcnd\u00fcr. Bu s\u0259b\u0259bd\u0259n, n\u0259inki h\u00f6kum\u0259td\u0259, h\u0259m d\u0259 Prezident Administrasiyas\u0131nda yeni adamlar laz\u0131md\u0131r. Burada\u00a0 da b\u00f6y\u00fck d\u0259yi\u015fiklikl\u0259r ba\u015f verib\u201d.<\/p>\n<p>\u00d6lk\u0259 r\u0259hb\u0259ri infrastruktur islahatlar\u0131 bar\u0259d\u0259 d\u0259 geni\u015f m\u0259lumat verib: \u201dHesab edir\u0259m ki, \u0259vv\u0259ll\u0259r biz \u0259sas\u0259n infrastruktur layih\u0259l\u0259rin\u0259 s\u0259rmay\u0259 yat\u0131rm\u0131\u015f\u0131q. Buna g\u00f6r\u0259 yen\u0259 d\u0259 Davos Forumuna \u0259sas\u0259n Az\u0259rbaycan bu g\u00fcn elektrik enerjisin\u0259 \u00e7\u0131x\u0131\u015f imkan\u0131na g\u00f6r\u0259 ikinci yerd\u0259dir. Az\u0259rbaycanda qazla\u015fd\u0131rma s\u0259viyy\u0259si 96 faiz t\u0259\u015fkil edir. Biz 16 min kilometr yol, 3 mind\u0259n \u00e7ox m\u0259kt\u0259b v\u0259 700 x\u0259st\u0259xana in\u015fa etmi\u015fik. Lakin bunlar d\u00f6vl\u0259t s\u0259rmay\u0259sinin bir hiss\u0259si idi. \u0130ndi biz\u0259 n\u0259 laz\u0131md\u0131r? Bizd\u0259n yax\u015f\u0131 idar\u0259\u00e7ilikd\u0259, \u015f\u0259ffafl\u0131qda, hesabatl\u0131l\u0131qda, h\u0259yat v\u0259 ya\u015fay\u0131\u015f standartlar\u0131 il\u0259 ba\u011fl\u0131 meyarlar\u0131n Avropa \u0130ttifaq\u0131n\u0131n standartlar\u0131na daha da yax\u0131nla\u015fmas\u0131 \u00fc\u00e7\u00fcn yeni yana\u015fma t\u0259l\u0259b olunur. Hesab edir\u0259m ki, bu, m\u00fcmk\u00fcnd\u00fcr. Buna nail olmaq olar, \u00e7\u00fcnki bizim g\u00fccl\u00fc siyasi d\u0259st\u0259yimiz var. Yen\u0259 d\u0259 m\u0259n Az\u0259rbaycan h\u00f6kum\u0259tinin strateji bax\u0131\u015f\u0131n\u0131 10-cu yer\u0259, h\u00f6kum\u0259tin sabitlik t\u0259min etm\u0259k bacar\u0131\u011f\u0131n\u0131 is\u0259 d\u00fcnyada 11-ci yer\u0259 layiq g\u00f6r\u0259n Davos Forumunun qiym\u0259tl\u0259ndirm\u0259sin\u0259 toxunmaq ist\u0259yir\u0259m. Bel\u0259likl\u0259, yeni h\u00f6kum\u0259t \u0259sas diqq\u0259tini artan \u0259halid\u0259n ibar\u0259t olan b\u00f6y\u00fck \u00e7a\u011f\u0131r\u0131\u015f \u00fcz\u0259rin\u0259 y\u00f6n\u0259ld\u0259c\u0259k. Buna g\u00f6r\u0259 d\u0259 bizim iqtisadi art\u0131m\u0131m\u0131z \u0259halinin art\u0131m\u0131na uy\u011fun g\u0259lm\u0259lidir. M\u00fcst\u0259qillik ill\u0259rind\u0259 \u0259halimizin say\u0131 7 milyondan 10 milyona q\u0259d\u0259r artd\u0131. Bel\u0259likl\u0259, \u0259haliy\u0259 \u0259lav\u0259 infrastruktur, \u0259lav\u0259 \u0259rzaq t\u0259minat\u0131 t\u0259l\u0259b olunur. Bizim \u0259halimiz h\u0259r il 100 mind\u0259n \u00e7ox art\u0131r. Bu is\u0259 o dem\u0259kdir ki, biz\u0259 \u0259n az\u0131ndan ild\u0259 100 min i\u015f yeri laz\u0131md\u0131r. Bu, asan deyil. Buna g\u00f6r\u0259 d\u0259 h\u00f6kum\u0259t bu m\u0259s\u0259l\u0259 il\u0259 m\u0259\u015f\u011ful olacaq. Biz yoxsullu\u011fu bug\u00fcnk\u00fc s\u0259viyy\u0259d\u0259 &#8211; 5 faizd\u0259n a\u015fa\u011f\u0131 s\u0259viyy\u0259d\u0259 saxlama\u011fa \u00e7al\u0131\u015faca\u011f\u0131q. H\u0259m\u00e7inin bizim birba\u015fa xarici borcun azald\u0131lmas\u0131 il\u0259 ba\u011fl\u0131 uzunm\u00fcdd\u0259tli strategiyam\u0131z var. Bu g\u00fcn bu borc \u00e7ox a\u015fa\u011f\u0131d\u0131r, \u00fcmumi daxili m\u0259hsulun 17 faizini t\u0259\u015fkil edir. Lakin bizim h\u0259d\u0259fimiz onu \u00fcmumi daxili m\u0259hsulun 10 faizin\u0259 q\u0259d\u0259r endirm\u0259kdir. \u018flb\u0259tt\u0259 ki, inflyasiyan\u0131n ke\u00e7\u0259n il oldu\u011fu kimi 2,5 faiz s\u0259viyy\u0259sind\u0259, a\u015fa\u011f\u0131 s\u0259viyy\u0259d\u0259 saxlan\u0131lmas\u0131 m\u0259s\u0259l\u0259si \u00fcz\u0259rind\u0259 d\u0259 i\u015fl\u0259y\u0259c\u0259yik. \u0130nsanlar\u0131n g\u0259liri h\u0259mi\u015f\u0259 inflyasiyan\u0131 \u00fcst\u0259l\u0259m\u0259lidir, habel\u0259 i\u015f yerl\u0259rinin yarad\u0131lmas\u0131 da demoqrafik art\u0131mdan daha \u00e7ox olmal\u0131d\u0131r\u201d.<\/p>\n<p>\u201cStrateji bax\u0131\u015f: Avrasiya\u201d m\u00f6vzusunda ke\u00e7iril\u0259n panel iclas\u0131nda Prezident \u018fliyev hakimiyy\u0259tin g\u0259ncl\u0259rl\u0259 ba\u011fl\u0131 siyas\u0259tin\u0259 d\u0259 toxunub.<\/p>\n<p>Moderatorun \u201cM\u0259n oxumu\u015fam ki, indi M\u0259rk\u0259zi Asiya \u0259halisinin \u00fc\u00e7d\u0259bir hiss\u0259sinin ya\u015f\u0131 15-d\u0259n a\u015fa\u011f\u0131d\u0131r. Y\u0259ni, \u0259halinin \u00fc\u00e7d\u0259bir hiss\u0259sinin 15 ya\u015f\u0131 tamam olmay\u0131b. D\u00fcnyan\u0131n dig\u0259r h\u0259r bir qit\u0259sind\u0259 g\u0259ncl\u0259r\u0259 n\u0259z\u0259r salsaq, biz onlar\u0131 k\u00fc\u00e7\u0259l\u0259rd\u0259 g\u00f6rm\u00fc\u015f olar\u0131q, onlar \u00f6z s\u0259sl\u0259rinin daha \u00e7ox e\u015fidilm\u0259sini t\u0259l\u0259b edirl\u0259r, onlar daha \u00e7ox s\u0259s\u0259 malik olduqlar\u0131na \u00f6yr\u0259\u015fibl\u0259r. Siz d\u0259 indi qeyd etdiniz ki, \u00f6lk\u0259nizd\u0259 g\u0259ncl\u0259rin say\u0131 \u00e7oxdur. B\u0259s, onlar k\u00fc\u00e7\u0259y\u0259 \u00e7\u0131xsa v\u0259 daha \u00e7ox s\u0259s t\u0259l\u0259b ets\u0259, Siz onlara n\u0259 dey\u0259rdiniz?\u201d sual\u0131na \u00f6lk\u0259 ba\u015f\u00e7\u0131s\u0131n\u0131n sual\u0131 b\u00f6y\u00fck maraq do\u011furub: \u201cBiz onlar\u0131n n\u0259 ist\u0259dikl\u0259rini dinl\u0259y\u0259rdik. Lakin fakt ondan ibar\u0259tdir ki, Az\u0259rbaycan g\u0259ncl\u0259ri k\u00fc\u00e7\u0259l\u0259rd\u0259 deyil, g\u0259ncl\u0259r universitetl\u0259rd\u0259, m\u0259kt\u0259bl\u0259rd\u0259dir, g\u0259ncl\u0259r startap biznesind\u0259dir, g\u0259ncl\u0259r h\u00f6kum\u0259t m\u0259s\u0259l\u0259l\u0259rin\u0259 f\u0259al c\u0259lb olunublar. Biz \u00e7ox n\u0259h\u0259ng k\u00f6n\u00fcll\u00fcl\u0259r h\u0259r\u0259kat\u0131na ba\u015flam\u0131\u015f\u0131q v\u0259 on minl\u0259rl\u0259 insan ictimai xidm\u0259tl\u0259r sektorunda k\u00f6n\u00fcll\u00fcl\u0259r qismind\u0259 t\u0259liml\u0259rd\u0259 i\u015ftirak edib. Sonra da biz yax\u015f\u0131 n\u0259tic\u0259l\u0259r g\u00f6st\u0259r\u0259nl\u0259ri h\u00f6kum\u0259t t\u0259\u015fkilatlar\u0131na i\u015f\u0259 g\u00f6t\u00fcr\u00fcr\u00fck. S\u0259mimi dan\u0131\u015fsaq, d\u00fcnyan\u0131n m\u00fcxt\u0259lif yerl\u0259rind\u0259 g\u0259ncl\u0259rin k\u00fc\u00e7\u0259l\u0259rd\u0259 olmas\u0131 onlar\u0131 n\u0259yins\u0259 qane etm\u0259diyin\u0259 g\u00f6r\u0259 ba\u015f verir. Onlar\u0131 h\u0259yat qane etmir, onlar\u0131n h\u00f6kum\u0259t\u0259 olan etimad\u0131 itib. H\u00f6kum\u0259t hakimiyy\u0259t\u0259 g\u0259lm\u0259k \u00fc\u00e7\u00fcn populist \u015f\u00fcarlardan istifad\u0259 etmi\u015f, lakin sonra v\u0259d etdikl\u0259rini yerin\u0259 yetir\u0259 bilm\u0259mi\u015fdir. \u018fslind\u0259, onlar yalan dan\u0131\u015f\u0131blar. Bunun \u0259sas s\u0259b\u0259bi is\u0259 siyas\u0259t\u00e7il\u0259rin m\u0259suliyy\u0259tsizliyidir. \u00c7\u00fcnki biz t\u0259kc\u0259 Avropada yox, bir \u00e7ox \u00f6lk\u0259l\u0259rd\u0259 onu m\u00fc\u015fahid\u0259 edirik ki, h\u00f6kum\u0259t hakimiyy\u0259t\u0259 g\u0259lir v\u0259 d\u0259rhal h\u00f6kum\u0259tin r\u0259hb\u0259ri t\u0259zyiq alt\u0131nda olur. \u0130nsanlar onu se\u00e7ir, lakin bir ild\u0259n sonra o, ona g\u00f6st\u0259ril\u0259n etimad\u0131 itirir. \u00c7\u00fcnki yerin\u0259 yetirilm\u0259si m\u00fcmk\u00fcn olmayan v\u0259dl\u0259r verilmi\u015fdir. Az\u0259rbaycanda biz h\u0259mi\u015f\u0259 s\u00f6z\u00fcm\u00fcz\u0259 \u0259m\u0259l edirik. Biz he\u00e7 vaxt yerin\u0259 yetir\u0259 bilm\u0259y\u0259c\u0259yimiz m\u0259s\u0259l\u0259l\u0259ri dilimiz\u0259 g\u0259tirmirik v\u0259 insanlar\u0131m\u0131z\u0131n h\u0259yat standartlar\u0131 ild\u0259n-il\u0259 daha da yax\u015f\u0131la\u015f\u0131r\u201d.<\/p>\n<p>Moderatorun \u201cPrezident \u018fliyev. Siz nec\u0259 d\u00fc\u015f\u00fcn\u00fcrs\u00fcn\u00fcz, Az\u0259rbaycandak\u0131 g\u0259ncl\u0259r bu bax\u0131\u015f\u0131, regional t\u0259\u015fkilat\u0131n bir hiss\u0259si olmaq v\u0259 h\u0259min regional t\u0259\u015fkilata suverenliyi h\u0259val\u0259 etm\u0259k ist\u0259yini b\u00f6l\u00fc\u015f\u00fcrl\u0259rmi? Az\u0259rbaycanda bu ideya yerli s\u0259viyy\u0259d\u0259 d\u0259st\u0259kl\u0259nirmi?\u201d sual\u0131na d\u00f6vl\u0259t ba\u015f\u00e7\u0131s\u0131 bel\u0259 cavab verib: \u201cXeyr, m\u0259n bel\u0259 d\u00fc\u015f\u00fcnm\u00fcr\u0259m. D\u00fc\u015f\u00fcn\u00fcr\u0259m ki, Az\u0259rbaycan\u0131n, o c\u00fcml\u0259d\u0259n g\u0259nc n\u0259slin \u0259sas ideyas\u0131 v\u0259 ideologiyas\u0131 suverenlik, m\u00fcst\u0259qillik v\u0259 \u00f6z ehtiyatlar\u0131m\u0131za g\u00fcv\u0259nm\u0259kdir. Prezident olaraq m\u0259nim h\u0259d\u0259fl\u0259rimd\u0259n biri Az\u0259rbaycan\u0131 \u00f6z\u00fc-\u00f6z\u00fcn\u00fc t\u0259min ed\u0259n, he\u00e7 kimd\u0259n as\u0131l\u0131 olmayan \u00f6lk\u0259y\u0259 \u00e7evirm\u0259k idi. Ba\u015fqa s\u00f6zl\u0259, iqtisadi m\u00fcst\u0259qillik \u0259sas prioritet idi, \u00e7\u00fcnki bu, siyasi m\u00fcst\u0259qillik \u00fc\u00e7\u00fcn b\u00fcn\u00f6vr\u0259dir. S\u00f6zs\u00fcz ki, m\u00fcxt\u0259lif \u00f6lk\u0259l\u0259rin m\u00fcxt\u0259lif g\u00fcnd\u0259ml\u0259ri var. M\u00fcxt\u0259lif \u00f6lk\u0259l\u0259rin iqtisadiyyatlar\u0131 dig\u0259rl\u0259rininkind\u0259n daha h\u0259ssasd\u0131r. Az\u0259rbaycana g\u0259ldikd\u0259, bir daha qeyd edir\u0259m ki, bizim co\u011frafi m\u00f6vqeyimiz \u00e7ox \u0259lveri\u015flidir. Bundan \u0259lav\u0259, biz m\u00fcasir infrastrukturun yarad\u0131lmas\u0131na \u00e7oxlu investisiya yat\u0131rm\u0131\u015f\u0131q. \u0130kincisi, qeyd etdiyiniz kimi, bizim n\u0259sil \u00e7ox g\u0259ncdir. Bizim \u0259lav\u0259 v\u0259 \u00e7ox kreativ \u0259m\u0259k ehtiyatlar\u0131m\u0131z var. \u018flb\u0259tt\u0259 ki, biz t\u0259bii ehtiyatlarla \u2013 neft v\u0259 qazla z\u0259nginik, bu da bizim \u00fc\u00e7\u00fcn enerji t\u0259hl\u00fck\u0259sizliyi yarad\u0131r. Ona g\u00f6r\u0259 d\u0259 bizim qon\u015fu \u00f6lk\u0259l\u0259r v\u0259 \u00e7ox sayda t\u0259r\u0259fda\u015flar\u0131m\u0131zla m\u00fcnasib\u0259tl\u0259rimiz qar\u015f\u0131l\u0131ql\u0131 maraqlara \u0259saslan\u0131r. Bundan \u0259lav\u0259, biz bu v\u0259 ya dig\u0259r beyn\u0259lxalq qurumda t\u0259msil\u00e7iliyimizl\u0259 ba\u011fl\u0131 h\u0259r bir m\u0259s\u0259l\u0259y\u0259 praqmatik yana\u015f\u0131r\u0131q. Bu, biz\u0259 n\u0259 ver\u0259c\u0259k? \u018fg\u0259r, bu, biz\u0259 daha \u00e7ox iqtisadi stimul, biznes \u00fc\u00e7\u00fcn daha \u00e7ox imkanlar, daha \u00e7ox sabitlik v\u0259 daha \u00e7ox t\u0259hl\u00fck\u0259sizlik ver\u0259c\u0259ks\u0259, \u0259lb\u0259tt\u0259 ki, biz bunu n\u0259z\u0259r\u0259 al\u0131r\u0131q. Biz bir s\u0131ra beyn\u0259lxalq institutlar\u0131n \u00fczv\u00fcy\u00fck. Onlardan biri Qo\u015fulmama H\u0259r\u0259kat\u0131d\u0131r\u201d.<\/p>\n<p>Qeyd ed\u0259k ki, Prezident \u0130lham \u018fliyevin \u201cDavos a\u00e7\u0131qlamalar\u0131\u201d d\u00fcnyan\u0131n apar\u0131c\u0131 media orqanlar\u0131 t\u0259r\u0259find\u0259n geni\u015f i\u015f\u0131qland\u0131r\u0131l\u0131b v\u0259 Az\u0259rbaycanda apar\u0131lan islahatlar\u0131n b\u00f6lg\u0259 \u00fc\u00e7\u00fcn \u00f6n\u0259mi geni\u015f \u015f\u0259rh edilib.<\/p>\n","protected":false},"excerpt":{"rendered":"<p>Yanvar\u0131n 22-d\u0259 Az\u0259rbaycan Prezidenti \u0130lham \u018fliyev Davos D\u00fcnya \u0130qtisadi Forumu \u00e7\u0259r\u00e7iv\u0259sind\u0259 \u201cStrateji bax\u0131\u015f: Avrasiya\u201d m\u00f6vzusunda ke\u00e7iril\u0259n panel iclas\u0131nda i\u015ftirak edib.&hellip;<\/p>\n","protected":false},"author":1,"featured_media":0,"comment_status":"closed","ping_status":"closed","sticky":false,"template":"","format":"standard","meta":{"om_disable_all_campaigns":false,"_monsterinsights_skip_tracking":false,"_uf_show_specific_survey":0,"_uf_disable_surveys":false,"footnotes":""},"categories":[5],"tags":[],"aioseo_notices":[],"_links":{"self":[{"href":"https:\/\/hakimiyyet.info.az\/index.php?rest_route=\/wp\/v2\/posts\/11983"}],"collection":[{"href":"https:\/\/hakimiyyet.info.az\/index.php?rest_route=\/wp\/v2\/posts"}],"about":[{"href":"https:\/\/hakimiyyet.info.az\/index.php?rest_route=\/wp\/v2\/types\/post"}],"author":[{"embeddable":true,"href":"https:\/\/hakimiyyet.info.az\/index.php?rest_route=\/wp\/v2\/users\/1"}],"replies":[{"embeddable":true,"href":"https:\/\/hakimiyyet.info.az\/index.php?rest_route=%2Fwp%2Fv2%2Fcomments&post=11983"}],"version-history":[{"count":1,"href":"https:\/\/hakimiyyet.info.az\/index.php?rest_route=\/wp\/v2\/posts\/11983\/revisions"}],"predecessor-version":[{"id":11984,"href":"https:\/\/hakimiyyet.info.az\/index.php?rest_route=\/wp\/v2\/posts\/11983\/revisions\/11984"}],"wp:attachment":[{"href":"https:\/\/hakimiyyet.info.az\/index.php?rest_route=%2Fwp%2Fv2%2Fmedia&parent=11983"}],"wp:term":[{"taxonomy":"category","embeddable":true,"href":"https:\/\/hakimiyyet.info.az\/index.php?rest_route=%2Fwp%2Fv2%2Fcategories&post=11983"},{"taxonomy":"post_tag","embeddable":true,"href":"https:\/\/hakimiyyet.info.az\/index.php?rest_route=%2Fwp%2Fv2%2Ftags&post=11983"}],"curies":[{"name":"wp","href":"https:\/\/api.w.org\/{rel}","templated":true}]}}