{"id":11994,"date":"2020-01-25T10:01:18","date_gmt":"2020-01-25T06:01:18","guid":{"rendered":"https:\/\/www.amimb.net\/?p=11994"},"modified":"2020-01-25T10:01:18","modified_gmt":"2020-01-25T06:01:18","slug":"unec-d%c9%99-aciq-d%c9%99rs-son-onilliyin-radikal-yenilikl%c9%99ri","status":"publish","type":"post","link":"https:\/\/hakimiyyet.info.az\/?p=11994","title":{"rendered":"UNEC-d\u0259 a\u00e7\u0131q d\u0259rs: son onilliyin radikal yenilikl\u0259ri"},"content":{"rendered":"<p>Az\u0259rbaycan D\u00f6vl\u0259t \u0130qtisad Universitetinin (UNEC) n\u0259zdind\u0259ki \u0130qtisadi Ara\u015fd\u0131rmalar Elmi-T\u0259dqiqat \u0130nstitutunun (\u0130AET\u0130) 10 illik yubileyi m\u00fcnasib\u0259til\u0259 t\u0259dbir ke\u00e7irilib.<\/p>\n<p>Universitetd\u0259n\u00a0<a class=\"azertac-link\" href=\"https:\/\/azertag.az\/\" target=\"_blank\" rel=\"noopener noreferrer\">AZ\u018fRTAC<\/a>-a bildirilib ki, t\u0259dbird\u0259 t\u0259dris v\u0259 t\u0259lim texnologiyalar\u0131 \u00fczr\u0259 prorektor, dosent Anar Rzayev \u0130AET\u0130-nin \u0259m\u0259kda\u015flar\u0131n\u0131 yubiley m\u00fcnasib\u0259til\u0259 t\u0259brik ed\u0259r\u0259k, onlara f\u0259aliyy\u0259tl\u0259rind\u0259 u\u011furlar arzulay\u0131b. Prorektor institutun f\u0259aliyy\u0259ti d\u00f6vr\u00fcnd\u0259 \u0259ld\u0259 etdiyi nailiyy\u0259tl\u0259rd\u0259n v\u0259 \u201cUNEC-100 \u0130nki\u015faf Strategiya\u201ds\u0131 \u00e7\u0259r\u00e7iv\u0259sind\u0259 qar\u015f\u0131da duran v\u0259zif\u0259l\u0259rd\u0259n dan\u0131\u015f\u0131b.<\/p>\n<p>\u0130AET\u0130-nin direktoru, professor Yadulla H\u0259s\u0259nli bildirib ki, 10 illik yubiley t\u0259dbiri universitetin rektoru, professor \u018fdal\u0259t Muradovun imzalad\u0131\u011f\u0131 t\u0259dbirl\u0259r plan\u0131na \u0259sas\u0259n t\u0259\u015fkil olunub. Professor yubileyl\u0259 ba\u011fl\u0131 silsil\u0259 t\u0259dbirl\u0259rin ke\u00e7iril\u0259c\u0259yinin n\u0259z\u0259rd\u0259 tutuldu\u011funu diqq\u0259t\u0259 \u00e7atd\u0131r\u0131b.<\/p>\n<p>Sonra \u0130AET\u0130-nin qeyri-neft sektorunun inki\u015faf\u0131 \u015f\u00f6b\u0259sinin m\u00fcdiri, dosent Murad Ba\u011f\u0131rzad\u0259 \u201cVeril\u0259nl\u0259r elmi: son onilliyin radikal yenilikl\u0259ri (t\u0259lim v\u0259 t\u0259dqiqatlarda nec\u0259 t\u0259tbiq etm\u0259li?)\u201d m\u00f6vzusunda a\u00e7\u0131q d\u0259rs ke\u00e7ib. M.Ba\u011f\u0131rzad\u0259 yeni sah\u0259 kimi \u201cData Science\u201d elminin \u0259sas anlay\u0131\u015flar\u0131ndan dan\u0131\u015f\u0131b. H\u0259m\u00e7inin elmi t\u0259dqiqatlarda v\u0259 t\u0259drisd\u0259 onun t\u0259tbiqi perspektivl\u0259rini a\u00e7\u0131qlay\u0131b.<\/p>\n<p>M\u0259ruz\u0259nin yekununda m\u00fczakir\u0259l\u0259r apar\u0131l\u0131b.<\/p>\n<p>Universitetin \u0130qtisadiyyat fak\u00fclt\u0259sinin dekan\u0131, dosent Asiman Quliyev sah\u0259 \u00fczr\u0259 yeni m\u00fct\u0259x\u0259ssisl\u0259rin haz\u0131rlanmas\u0131 \u00fc\u00e7\u00fcn \u0130AET\u0130 il\u0259 \u0259m\u0259kda\u015fl\u0131q etm\u0259k t\u0259klifi ir\u0259li s\u00fcr\u00fcb. UNEC-in Biznes M\u0259rk\u0259zinin direktoru As\u0259f \u018fs\u0259dov is\u0259 intellektual texnologiyalar\u0131n \u00f6lk\u0259nin vergi sistemind\u0259 t\u0259tbiqi perspektivind\u0259n dan\u0131\u015faraq, \u0130AET\u0130-nin m\u00fct\u0259x\u0259ssisl\u0259rini bu istiqam\u0259td\u0259 \u0259m\u0259kda\u015fl\u0131\u011fa d\u0259v\u0259t edib.<\/p>\n","protected":false},"excerpt":{"rendered":"<p>Az\u0259rbaycan D\u00f6vl\u0259t \u0130qtisad Universitetinin (UNEC) n\u0259zdind\u0259ki \u0130qtisadi Ara\u015fd\u0131rmalar Elmi-T\u0259dqiqat \u0130nstitutunun (\u0130AET\u0130) 10 illik yubileyi m\u00fcnasib\u0259til\u0259 t\u0259dbir ke\u00e7irilib. Universitetd\u0259n\u00a0AZ\u018fRTAC-a bildirilib ki,&hellip;<\/p>\n","protected":false},"author":1,"featured_media":0,"comment_status":"closed","ping_status":"closed","sticky":false,"template":"","format":"standard","meta":{"om_disable_all_campaigns":false,"_monsterinsights_skip_tracking":false,"_uf_show_specific_survey":0,"_uf_disable_surveys":false,"footnotes":""},"categories":[8],"tags":[],"aioseo_notices":[],"_links":{"self":[{"href":"https:\/\/hakimiyyet.info.az\/index.php?rest_route=\/wp\/v2\/posts\/11994"}],"collection":[{"href":"https:\/\/hakimiyyet.info.az\/index.php?rest_route=\/wp\/v2\/posts"}],"about":[{"href":"https:\/\/hakimiyyet.info.az\/index.php?rest_route=\/wp\/v2\/types\/post"}],"author":[{"embeddable":true,"href":"https:\/\/hakimiyyet.info.az\/index.php?rest_route=\/wp\/v2\/users\/1"}],"replies":[{"embeddable":true,"href":"https:\/\/hakimiyyet.info.az\/index.php?rest_route=%2Fwp%2Fv2%2Fcomments&post=11994"}],"version-history":[{"count":1,"href":"https:\/\/hakimiyyet.info.az\/index.php?rest_route=\/wp\/v2\/posts\/11994\/revisions"}],"predecessor-version":[{"id":11995,"href":"https:\/\/hakimiyyet.info.az\/index.php?rest_route=\/wp\/v2\/posts\/11994\/revisions\/11995"}],"wp:attachment":[{"href":"https:\/\/hakimiyyet.info.az\/index.php?rest_route=%2Fwp%2Fv2%2Fmedia&parent=11994"}],"wp:term":[{"taxonomy":"category","embeddable":true,"href":"https:\/\/hakimiyyet.info.az\/index.php?rest_route=%2Fwp%2Fv2%2Fcategories&post=11994"},{"taxonomy":"post_tag","embeddable":true,"href":"https:\/\/hakimiyyet.info.az\/index.php?rest_route=%2Fwp%2Fv2%2Ftags&post=11994"}],"curies":[{"name":"wp","href":"https:\/\/api.w.org\/{rel}","templated":true}]}}