{"id":12097,"date":"2020-01-26T23:49:29","date_gmt":"2020-01-26T19:49:29","guid":{"rendered":"https:\/\/www.hakimiyyet.com\/?p=12097"},"modified":"2020-01-26T23:49:29","modified_gmt":"2020-01-26T19:49:29","slug":"h%c9%99zi-aslanovun-omur-yolu-h%c9%99r-bir-az%c9%99rbaycan-g%c9%99nci-ucun-orn%c9%99kdir","status":"publish","type":"post","link":"https:\/\/hakimiyyet.info.az\/?p=12097","title":{"rendered":"H\u0259zi Aslanovun \u00f6m\u00fcr yolu h\u0259r bir Az\u0259rbaycan g\u0259nci \u00fc\u00e7\u00fcn \u00f6rn\u0259kdir"},"content":{"rendered":"<p><img decoding=\"async\" loading=\"lazy\" class=\"alignleft\" src=\"https:\/\/azertag.az\/files\/galleryphoto\/2020\/1\/1000x669\/15800630785504125752_1000x669.jpg\" width=\"410\" height=\"273\" \/><\/p>\n<p><img decoding=\"async\" loading=\"lazy\" class=\"alignleft\" src=\"https:\/\/azertag.az\/files\/galleryphoto\/2020\/1\/1000x669\/15800630783383455120_1000x669.jpg\" width=\"410\" height=\"273\" \/><\/p>\n<p><img decoding=\"async\" loading=\"lazy\" class=\"alignleft\" src=\"https:\/\/azertag.az\/files\/galleryphoto\/2020\/1\/1000x669\/15800630784720744529_1000x669.jpg\" width=\"410\" height=\"273\" \/><\/p>\n<p>H\u0259zi Aslanovun 110 illiyinin qeyd edilm\u0259si haqq\u0131nda Az\u0259rbaycan Respublikas\u0131 Prezidentinin S\u0259r\u0259ncam\u0131na m\u00fcvafiq olaraq L\u0259nk\u0259ran \u015f\u0259h\u0259rind\u0259ki Heyd\u0259r \u018fliyev M\u0259rk\u0259zind\u0259 \u201cQ\u0259hr\u0259manl\u0131qla dolu h\u0259yat yolu\u201d m\u00f6vzusunda t\u0259dbir ke\u00e7irilib.<\/p>\n<p><a class=\"azertac-link\" href=\"https:\/\/azertag.az\/\" target=\"_blank\" rel=\"noopener noreferrer\">AZ\u018fRTAC<\/a>-\u0131n b\u00f6lg\u0259 m\u00fcxbiri x\u0259b\u0259r verir ki, t\u0259dbir i\u015ftirak\u00e7\u0131lar\u0131 \u0259vv\u0259lc\u0259 iki d\u0259f\u0259 Sovet \u0130ttifaq\u0131 Q\u0259hr\u0259man\u0131, tank qo\u015funlar\u0131 qvardiya general-mayoru H\u0259zi Aslanovun ev-muzeyind\u0259 g\u00f6rk\u0259mli s\u0259rk\u0259rd\u0259nin abid\u0259si \u00f6n\u00fcn\u0259 g\u00fcl d\u0259st\u0259l\u0259ri d\u00fcz\u0259r\u0259k xatir\u0259sini ehtiramla yad edibl\u0259r.<\/p>\n<p>Heyd\u0259r \u018fliyev M\u0259rk\u0259zind\u0259 davam ed\u0259n t\u0259dbir Az\u0259rbaycan Respublikas\u0131n\u0131n D\u00f6vl\u0259t Himninin s\u0259sl\u0259ndirilm\u0259si il\u0259 ba\u015flan\u0131b.<\/p>\n<p>Toplant\u0131da \u00e7\u0131x\u0131\u015f ed\u0259n m\u0259rk\u0259zin direktoru Reyhan\u0259 Sad\u0131xova q\u0259hr\u0259man\u0131n \u015f\u0259r\u0259fli v\u0259 m\u0259nal\u0131 h\u0259yat yolundan, d\u00f6y\u00fc\u015f zaman\u0131 g\u00f6st\u0259rdiyi \u015f\u00fcca\u0259tind\u0259n dan\u0131\u015f\u0131b.<\/p>\n<p>Qeyd olunub ki, \u00fcmummilli lider Heyd\u0259r \u018fliyev general H\u0259zi Aslanovun h\u0259rb tariximizd\u0259 m\u00fcst\u0259sna rol oynad\u0131\u011f\u0131n\u0131 d\u0259f\u0259l\u0259rl\u0259 qeyd edib v\u0259 q\u0259hr\u0259man\u0131n ad\u0131n\u0131n \u0259b\u0259dil\u0259\u015fdirilm\u0259si \u00fc\u00e7\u00fcn bir \u00e7ox s\u0259r\u0259ncamlar imzalay\u0131b. Bu g\u00fcn bu diqq\u0259t Prezidenti \u0130lham \u018fliyev t\u0259r\u0259find\u0259n u\u011furla davam etdirilir. H\u0259zi Aslanovun 110 illiyinin qeyd edilm\u0259si haqq\u0131nda Az\u0259rbaycan Respublikas\u0131 Prezidentinin S\u0259r\u0259ncam\u0131 bunun bariz n\u00fcmun\u0259sidir. H\u0259zi Aslanovun \u00f6m\u00fcr yolu h\u0259r bir Az\u0259rbaycan g\u0259nci \u00fc\u00e7\u00fcn \u00f6rn\u0259kdir.<\/p>\n<p>L\u0259nk\u0259ran \u015f\u0259h\u0259r 3 n\u00f6mr\u0259li tam orta m\u0259kt\u0259bin direktoru Aqil Sadiyev, H\u0259zi Aslanov ev-muzeyinin ba\u015f m\u00fchafizi H\u0259c\u0259r N\u0259sirova \u00e7\u0131x\u0131\u015flar\u0131nda bel\u0259 t\u0259dbirl\u0259rin g\u0259nc n\u0259slin h\u0259rbi-v\u0259t\u0259np\u0259rv\u0259rlik t\u0259rbiy\u0259sind\u0259 m\u00fch\u00fcm \u0259h\u0259miyy\u0259t k\u0259sb etdiyini vur\u011fulay\u0131blar.<\/p>\n<p>T\u0259dbirin sonunda H\u0259zi Aslanovun \u015f\u0259r\u0259fli h\u0259yat yolundan b\u0259hs ed\u0259n s\u0259n\u0259dli film n\u00fcmayi\u015f etdirilib.<\/p>\n<p>&nbsp;<\/p>\n","protected":false},"excerpt":{"rendered":"<p>H\u0259zi Aslanovun 110 illiyinin qeyd edilm\u0259si haqq\u0131nda Az\u0259rbaycan Respublikas\u0131 Prezidentinin S\u0259r\u0259ncam\u0131na m\u00fcvafiq olaraq L\u0259nk\u0259ran \u015f\u0259h\u0259rind\u0259ki Heyd\u0259r \u018fliyev M\u0259rk\u0259zind\u0259 \u201cQ\u0259hr\u0259manl\u0131qla dolu&hellip;<\/p>\n","protected":false},"author":2,"featured_media":0,"comment_status":"closed","ping_status":"closed","sticky":false,"template":"","format":"standard","meta":{"om_disable_all_campaigns":false,"_monsterinsights_skip_tracking":false,"_uf_show_specific_survey":0,"_uf_disable_surveys":false,"footnotes":""},"categories":[23,12,2],"tags":[],"aioseo_notices":[],"_links":{"self":[{"href":"https:\/\/hakimiyyet.info.az\/index.php?rest_route=\/wp\/v2\/posts\/12097"}],"collection":[{"href":"https:\/\/hakimiyyet.info.az\/index.php?rest_route=\/wp\/v2\/posts"}],"about":[{"href":"https:\/\/hakimiyyet.info.az\/index.php?rest_route=\/wp\/v2\/types\/post"}],"author":[{"embeddable":true,"href":"https:\/\/hakimiyyet.info.az\/index.php?rest_route=\/wp\/v2\/users\/2"}],"replies":[{"embeddable":true,"href":"https:\/\/hakimiyyet.info.az\/index.php?rest_route=%2Fwp%2Fv2%2Fcomments&post=12097"}],"version-history":[{"count":1,"href":"https:\/\/hakimiyyet.info.az\/index.php?rest_route=\/wp\/v2\/posts\/12097\/revisions"}],"predecessor-version":[{"id":12098,"href":"https:\/\/hakimiyyet.info.az\/index.php?rest_route=\/wp\/v2\/posts\/12097\/revisions\/12098"}],"wp:attachment":[{"href":"https:\/\/hakimiyyet.info.az\/index.php?rest_route=%2Fwp%2Fv2%2Fmedia&parent=12097"}],"wp:term":[{"taxonomy":"category","embeddable":true,"href":"https:\/\/hakimiyyet.info.az\/index.php?rest_route=%2Fwp%2Fv2%2Fcategories&post=12097"},{"taxonomy":"post_tag","embeddable":true,"href":"https:\/\/hakimiyyet.info.az\/index.php?rest_route=%2Fwp%2Fv2%2Ftags&post=12097"}],"curies":[{"name":"wp","href":"https:\/\/api.w.org\/{rel}","templated":true}]}}