{"id":12107,"date":"2020-01-27T09:54:10","date_gmt":"2020-01-27T05:54:10","guid":{"rendered":"https:\/\/www.hakimiyyet.com\/?p=12107"},"modified":"2020-01-27T10:14:07","modified_gmt":"2020-01-27T06:14:07","slug":"perunun-r%c9%99smi-el-peruano-q%c9%99zetind%c9%99-qara-yanvarin-30-illiyinin-animi-s%c9%99rlovh%c9%99li-m%c9%99qal%c9%99-d%c9%99rc-edilib","status":"publish","type":"post","link":"https:\/\/hakimiyyet.info.az\/?p=12107","title":{"rendered":"R\u0259smi \u201cEl Peruano\u201d  \u201cQara Yanvar\u0131n 30 illiyinin an\u0131m\u0131\u201d adl\u0131 m\u0259qal\u0259 d\u0259rc edib"},"content":{"rendered":"<p>20 Yanvar hadis\u0259l\u0259rinin 30-cu ild\u00f6n\u00fcm\u00fcn\u0259 h\u0259sr olunmu\u015f m\u0259qal\u0259d\u0259 m\u00fcasir Az\u0259rbaycan\u0131n \u0259n faci\u0259li v\u0259 eyni zamanda q\u0259hr\u0259manl\u0131q s\u0259hif\u0259si kimi yadda\u015f\u0131m\u0131zda qalm\u0131\u015f qanl\u0131 yanvar hadis\u0259l\u0259rind\u0259n b\u0259hs edilir. \u00d6z h\u00fcququnu t\u0259l\u0259b ed\u0259n, azadl\u0131q, m\u00fcst\u0259qillik v\u0259 \u0259razi b\u00fct\u00f6vl\u00fcy\u00fc u\u011frunda m\u00fcbariz\u0259 aparan Az\u0259rbaycan xalq\u0131na qar\u015f\u0131 y\u00f6n\u0259lmi\u015f ke\u00e7mi\u015f SSR\u0130 r\u0259hb\u0259rliyinin d\u0259h\u015f\u0259tli, q\u0259sd\u0259n d\u00fc\u015f\u00fcn\u00fclm\u00fc\u015f v\u0259 planla\u015fd\u0131r\u0131lm\u0131\u015f zorak\u0131l\u0131q akt\u0131 bar\u0259d\u0259 m\u0259lumat verilir.<\/p>\n<p>Bu qanl\u0131 hadis\u0259l\u0259rin t\u0259\u015fkilat\u00e7\u0131lar\u0131n\u0131n \u0259sas m\u0259qs\u0259dl\u0259rind\u0259n biri azadl\u0131\u011fa v\u0259 suverenliy\u0259 demokratik yolla nail olmaq ist\u0259y\u0259n, \u0259dal\u0259tli t\u0259l\u0259bl\u0259rini ir\u0259li s\u00fcr\u0259n Az\u0259rbaycan xalq\u0131n\u0131n irad\u0259sini q\u0131rmaq v\u0259 m\u00fcst\u0259qillik arzular\u0131n\u0131 tanklar alt\u0131nda \u0259zm\u0259k ist\u0259yi oldu\u011fu bildirilir.<\/p>\n<p><a class=\"azertac-link\" href=\"https:\/\/azertag.az\/\" target=\"_blank\" rel=\"noopener noreferrer\">AZ\u018fRTAC<\/a>\u00a0x\u0259b\u0259r verir ki, m\u0259qal\u0259d\u0259, 20 Yanvar faci\u0259sinin Az\u0259rbaycan\u0131n tarixind\u0259 d\u00f6n\u00fc\u015f n\u00f6qt\u0259si oldu\u011fu, sovet imperiyas\u0131n\u0131n t\u0259zyiql\u0259rin\u0259 v\u0259 dig\u0259r \u00e7\u0259tinlikl\u0259r\u0259 baxmayaraq Az\u0259rbaycan xalq\u0131n\u0131n m\u00fcst\u0259qillik u\u011frunda m\u00fcbariz\u0259sini davam etdiyi v\u0259 n\u0259tic\u0259d\u0259 1991-ci ild\u0259 \u00f6z m\u00fcst\u0259qilliyini b\u0259rpa etdiyi vur\u011fulan\u0131r.<\/p>\n<p>Sonda &#8220;Qara Yanvar&#8221; faci\u0259si zamani V\u0259t\u0259n u\u011frunda h\u0259lak olmu\u015f igid o\u011ful v\u0259 q\u0131zlar\u0131n d\u0259fn edildiyi \u015e\u0259hidl\u0259r xiyaban\u0131n\u0131n xalq\u0131m\u0131z \u00fc\u00e7\u00fcn azadl\u0131q, m\u00fcst\u0259qillik u\u011frunda sars\u0131lmaz irad\u0259nin, m\u00fcbariz\u0259nin v\u0259 milli birliyin r\u0259mzi kimi m\u00fcq\u0259dd\u0259s bir m\u0259kana \u00e7evrildiyi, g\u0259l\u0259c\u0259k n\u0259sill\u0259r \u00fc\u00e7\u00fcn daima q\u00fcrur hissi do\u011furaca\u011f\u0131 x\u00fcsusi olaraq qeyd edilir.<\/p>\n<p><img decoding=\"async\" src=\"https:\/\/azertag.az\/files\/galleryphoto\/2020\/1\/1000x669\/15800789742603442288_1000x669.jpg\" \/><\/p>\n<p><strong><a class=\"azertac-link\" href=\"https:\/\/azertag.az\/\" target=\"_blank\" rel=\"noopener noreferrer\">AZ\u018fRTAC<\/a>-\u0131n Va\u015finqton b\u00fcrosu\u00a0Va\u015finqton\u00a0<\/strong><\/p>\n","protected":false},"excerpt":{"rendered":"<p>20 Yanvar hadis\u0259l\u0259rinin 30-cu ild\u00f6n\u00fcm\u00fcn\u0259 h\u0259sr olunmu\u015f m\u0259qal\u0259d\u0259 m\u00fcasir Az\u0259rbaycan\u0131n \u0259n faci\u0259li v\u0259 eyni zamanda q\u0259hr\u0259manl\u0131q s\u0259hif\u0259si kimi yadda\u015f\u0131m\u0131zda qalm\u0131\u015f&hellip;<\/p>\n","protected":false},"author":2,"featured_media":0,"comment_status":"closed","ping_status":"closed","sticky":false,"template":"","format":"standard","meta":{"om_disable_all_campaigns":false,"_monsterinsights_skip_tracking":false,"_uf_show_specific_survey":0,"_uf_disable_surveys":false,"footnotes":""},"categories":[2],"tags":[],"aioseo_notices":[],"_links":{"self":[{"href":"https:\/\/hakimiyyet.info.az\/index.php?rest_route=\/wp\/v2\/posts\/12107"}],"collection":[{"href":"https:\/\/hakimiyyet.info.az\/index.php?rest_route=\/wp\/v2\/posts"}],"about":[{"href":"https:\/\/hakimiyyet.info.az\/index.php?rest_route=\/wp\/v2\/types\/post"}],"author":[{"embeddable":true,"href":"https:\/\/hakimiyyet.info.az\/index.php?rest_route=\/wp\/v2\/users\/2"}],"replies":[{"embeddable":true,"href":"https:\/\/hakimiyyet.info.az\/index.php?rest_route=%2Fwp%2Fv2%2Fcomments&post=12107"}],"version-history":[{"count":4,"href":"https:\/\/hakimiyyet.info.az\/index.php?rest_route=\/wp\/v2\/posts\/12107\/revisions"}],"predecessor-version":[{"id":12117,"href":"https:\/\/hakimiyyet.info.az\/index.php?rest_route=\/wp\/v2\/posts\/12107\/revisions\/12117"}],"wp:attachment":[{"href":"https:\/\/hakimiyyet.info.az\/index.php?rest_route=%2Fwp%2Fv2%2Fmedia&parent=12107"}],"wp:term":[{"taxonomy":"category","embeddable":true,"href":"https:\/\/hakimiyyet.info.az\/index.php?rest_route=%2Fwp%2Fv2%2Fcategories&post=12107"},{"taxonomy":"post_tag","embeddable":true,"href":"https:\/\/hakimiyyet.info.az\/index.php?rest_route=%2Fwp%2Fv2%2Ftags&post=12107"}],"curies":[{"name":"wp","href":"https:\/\/api.w.org\/{rel}","templated":true}]}}