{"id":12120,"date":"2020-01-27T14:52:57","date_gmt":"2020-01-27T10:52:57","guid":{"rendered":"https:\/\/www.amimb.net\/?p=12120"},"modified":"2020-01-27T14:53:41","modified_gmt":"2020-01-27T10:53:41","slug":"barselona-uduzduguna-gor%c9%99-qardasini-oldurdu","status":"publish","type":"post","link":"https:\/\/hakimiyyet.info.az\/?p=12120","title":{"rendered":"\u201cBarselona\u201d uduzdu\u011funa g\u00f6r\u0259 qarda\u015f\u0131n\u0131 \u00f6ld\u00fcrd\u00fc"},"content":{"rendered":"<p>\u018ffqan\u0131stan\u0131n Kapisa vilay\u0259tind\u0259 H\u0259\u015fm\u0259tullah adl\u0131 30 ya\u015fl\u0131 ki\u015fi \u201cBarselona\u201d il\u0259 \u201cValensiya\u201d aras\u0131ndak\u0131 qar\u015f\u0131la\u015fma s\u0259b\u0259bind\u0259n ba\u015flayan m\u00fcbahis\u0259 zaman\u0131 ki\u00e7ik qarda\u015f\u0131 Emini \u0259vv\u0259lc\u0259 b\u0131\u00e7aqlay\u0131b, daha sonra ov t\u00fcf\u0259ngi il\u0259 vurub.<\/p>\n<p>Bu bar\u0259d\u0259 \u018ffqan\u0131stan\u0131n \u201cAriana TV\u201d telekanal\u0131 informasiya yay\u0131b.<\/p>\n<div id=\"AdviadNativeVideo0\" class=\"AdviadNativeVideo\"><\/div>\n<p>\u201c\u00d6t\u0259n gec\u0259 H\u0259\u015fm\u0259t adl\u0131\u00a0g\u0259nc \u201cBarselona\u201dn\u0131n \u201cValensiya\u201dya uduzmas\u0131na g\u00f6r\u0259 iki qarda\u015f aras\u0131nda ba\u015flam\u0131\u015f m\u00fcbahis\u0259 zaman\u0131 ki\u00e7ik qarda\u015f\u0131n\u0131 b\u0131\u00e7aqlay\u0131b, sonra is\u0259 ov t\u00fcf\u0259ngi il\u0259 vurub. X\u0259st\u0259xanaya \u00e7atd\u0131r\u0131lan Emin, t\u0259\u0259ss\u00fcf ki, xilas edil\u0259 bilm\u0259yib\u201d, &#8211; vilay\u0259t polisind\u0259n bildirilib.<\/p>\n<p>Polis\u00a0qatil qarda\u015f\u0131n axtar\u0131\u015flar\u0131n\u0131n davam etdiyini qeyd edib.<\/p>\n<p>Xat\u0131rladaq ki, \u0130spaniya La Liqas\u0131nda \u201cBarselona\u201d s\u0259f\u0259rd\u0259 \u201cValensiya\u201dya 2-0 hesab\u0131 il\u0259 m\u0259\u011flub olub.<\/p>\n","protected":false},"excerpt":{"rendered":"<p>\u018ffqan\u0131stan\u0131n Kapisa vilay\u0259tind\u0259 H\u0259\u015fm\u0259tullah adl\u0131 30 ya\u015fl\u0131 ki\u015fi \u201cBarselona\u201d il\u0259 \u201cValensiya\u201d aras\u0131ndak\u0131 qar\u015f\u0131la\u015fma s\u0259b\u0259bind\u0259n ba\u015flayan m\u00fcbahis\u0259 zaman\u0131 ki\u00e7ik qarda\u015f\u0131 Emini&hellip;<\/p>\n","protected":false},"author":1,"featured_media":0,"comment_status":"closed","ping_status":"closed","sticky":false,"template":"","format":"standard","meta":{"om_disable_all_campaigns":false,"_monsterinsights_skip_tracking":false,"_uf_show_specific_survey":0,"_uf_disable_surveys":false,"footnotes":""},"categories":[13],"tags":[],"aioseo_notices":[],"_links":{"self":[{"href":"https:\/\/hakimiyyet.info.az\/index.php?rest_route=\/wp\/v2\/posts\/12120"}],"collection":[{"href":"https:\/\/hakimiyyet.info.az\/index.php?rest_route=\/wp\/v2\/posts"}],"about":[{"href":"https:\/\/hakimiyyet.info.az\/index.php?rest_route=\/wp\/v2\/types\/post"}],"author":[{"embeddable":true,"href":"https:\/\/hakimiyyet.info.az\/index.php?rest_route=\/wp\/v2\/users\/1"}],"replies":[{"embeddable":true,"href":"https:\/\/hakimiyyet.info.az\/index.php?rest_route=%2Fwp%2Fv2%2Fcomments&post=12120"}],"version-history":[{"count":1,"href":"https:\/\/hakimiyyet.info.az\/index.php?rest_route=\/wp\/v2\/posts\/12120\/revisions"}],"predecessor-version":[{"id":12121,"href":"https:\/\/hakimiyyet.info.az\/index.php?rest_route=\/wp\/v2\/posts\/12120\/revisions\/12121"}],"wp:attachment":[{"href":"https:\/\/hakimiyyet.info.az\/index.php?rest_route=%2Fwp%2Fv2%2Fmedia&parent=12120"}],"wp:term":[{"taxonomy":"category","embeddable":true,"href":"https:\/\/hakimiyyet.info.az\/index.php?rest_route=%2Fwp%2Fv2%2Fcategories&post=12120"},{"taxonomy":"post_tag","embeddable":true,"href":"https:\/\/hakimiyyet.info.az\/index.php?rest_route=%2Fwp%2Fv2%2Ftags&post=12120"}],"curies":[{"name":"wp","href":"https:\/\/api.w.org\/{rel}","templated":true}]}}