{"id":12200,"date":"2020-01-28T10:09:49","date_gmt":"2020-01-28T06:09:49","guid":{"rendered":"https:\/\/www.amimb.net\/?p=12200"},"modified":"2020-01-28T10:09:49","modified_gmt":"2020-01-28T06:09:49","slug":"tramp-%c9%99rdoganla-liviyada-at%c9%99sk%c9%99si-v%c9%99-suriyada-zorakiligin-dayandirilmasini-muzakir%c9%99-edib","status":"publish","type":"post","link":"https:\/\/hakimiyyet.info.az\/?p=12200","title":{"rendered":"Tramp \u018frdo\u011fanla Liviyada at\u0259\u015fk\u0259si v\u0259 Suriyada zorak\u0131l\u0131\u011f\u0131n dayand\u0131r\u0131lmas\u0131n\u0131 m\u00fczakir\u0259 edib"},"content":{"rendered":"<p style=\"font-weight: 400;\"><span style=\"font-style: inherit; font-weight: inherit;\">\u00d6t\u0259n g\u00fcn T<\/span><span style=\"font-style: inherit; font-weight: inherit;\">\u00fcrkiy\u0259<\/span><span style=\"font-style: inherit; font-weight: inherit;\">\u00a0Prezidenti<\/span>\u00a0<span style=\"font-style: inherit; font-weight: inherit;\">R\u0259c\u0259b\u00a0<\/span><span style=\"font-style: inherit; font-weight: inherit;\">Tayyib \u018frdo\u011fan\u00a0<\/span><span style=\"font-style: inherit; font-weight: inherit;\">v\u0259\u00a0<\/span><span style=\"font-style: inherit; font-weight: inherit;\">AB\u015e\u00a0<\/span><span style=\"font-style: inherit; font-weight: inherit;\">P<\/span><span style=\"font-style: inherit; font-weight: inherit;\">rezidenti Donald Tr<\/span><span style=\"font-style: inherit; font-weight: inherit;\">a<\/span><span style=\"font-style: inherit; font-weight: inherit;\">mp\u00a0<\/span><span style=\"font-style: inherit; font-weight: inherit;\">aras\u0131nda telefon ba\u011flant\u0131s\u0131 olub. Liderl\u0259r Liviyada at\u0259\u015fk\u0259sin v\u0259 Suriyadak\u0131 zorak\u0131l\u0131qlar\u0131n dayand\u0131r\u0131lmas\u0131n\u0131n vacibliyini m\u00fczakir\u0259 edibl\u0259r.<\/span><\/p>\n<p style=\"font-weight: 400;\"><span style=\"font-style: inherit; font-weight: inherit;\"><a href=\"https:\/\/apa.az\/\">APA<\/a>\u00a0x\u0259b\u0259r verir ki, bu bar\u0259d\u0259 A\u011f Evin m\u0259tbuat katibinin m\u00fcavini Cad Dir \u00f6z\u00fcn\u00fcn \u201cTwitter\u201d s\u0259hif\u0259sind\u0259 m\u0259lumat payla\u015f\u0131b.<\/span><\/p>\n<p style=\"font-weight: 400;\"><span style=\"font-style: inherit; font-weight: inherit;\">\u201cBu g\u00fcn (bazar ert\u0259si) Prezident Tramp T\u00fcrkiy\u0259 Prezidenti R\u0259c\u0259b Tayyib \u018frdo\u011fanla telefon dan\u0131\u015f\u0131\u011f\u0131 edib. \u0130ki lider xarici m\u00fcdaxil\u0259ni aradan qald\u0131rma\u011f\u0131n v\u0259 Liviyada at\u0259\u015fk\u0259s rejimininin qorunmas\u0131n\u0131n vacib oldu\u011funu m\u00fczakir\u0259 edibl\u0259r. Liderl\u0259r \u0130dlib (Suriya) vilay\u0259tind\u0259 t\u00f6r\u0259dil\u0259n zorak\u0131l\u0131q aktlar\u0131n\u0131n dayand\u0131r\u0131lmal\u0131 oldu\u011fu bar\u0259d\u0259 ortaq fikr\u0259 g\u0259libl\u0259r. Prezident Tramp T\u00fcrkiy\u0259 il\u0259 Yunan\u0131stan\u0131n \u015f\u0259rqi Aral\u0131q d\u0259nizind\u0259ki fikir ayr\u0131l\u0131qlar\u0131n\u0131 h\u0259ll etm\u0259l\u0259rinin vacibliyini d\u0259 vur\u011fulay\u0131b\u201d, &#8211; m\u0259lumatda bel\u0259 deyilir.<\/span><\/p>\n","protected":false},"excerpt":{"rendered":"<p>\u00d6t\u0259n g\u00fcn T\u00fcrkiy\u0259\u00a0Prezidenti\u00a0R\u0259c\u0259b\u00a0Tayyib \u018frdo\u011fan\u00a0v\u0259\u00a0AB\u015e\u00a0Prezidenti Donald Tramp\u00a0aras\u0131nda telefon ba\u011flant\u0131s\u0131 olub. Liderl\u0259r Liviyada at\u0259\u015fk\u0259sin v\u0259 Suriyadak\u0131 zorak\u0131l\u0131qlar\u0131n dayand\u0131r\u0131lmas\u0131n\u0131n vacibliyini m\u00fczakir\u0259 edibl\u0259r. APA\u00a0x\u0259b\u0259r&hellip;<\/p>\n","protected":false},"author":1,"featured_media":0,"comment_status":"closed","ping_status":"closed","sticky":false,"template":"","format":"standard","meta":{"om_disable_all_campaigns":false,"_monsterinsights_skip_tracking":false,"_uf_show_specific_survey":0,"_uf_disable_surveys":false,"footnotes":""},"categories":[5],"tags":[],"aioseo_notices":[],"_links":{"self":[{"href":"https:\/\/hakimiyyet.info.az\/index.php?rest_route=\/wp\/v2\/posts\/12200"}],"collection":[{"href":"https:\/\/hakimiyyet.info.az\/index.php?rest_route=\/wp\/v2\/posts"}],"about":[{"href":"https:\/\/hakimiyyet.info.az\/index.php?rest_route=\/wp\/v2\/types\/post"}],"author":[{"embeddable":true,"href":"https:\/\/hakimiyyet.info.az\/index.php?rest_route=\/wp\/v2\/users\/1"}],"replies":[{"embeddable":true,"href":"https:\/\/hakimiyyet.info.az\/index.php?rest_route=%2Fwp%2Fv2%2Fcomments&post=12200"}],"version-history":[{"count":1,"href":"https:\/\/hakimiyyet.info.az\/index.php?rest_route=\/wp\/v2\/posts\/12200\/revisions"}],"predecessor-version":[{"id":12201,"href":"https:\/\/hakimiyyet.info.az\/index.php?rest_route=\/wp\/v2\/posts\/12200\/revisions\/12201"}],"wp:attachment":[{"href":"https:\/\/hakimiyyet.info.az\/index.php?rest_route=%2Fwp%2Fv2%2Fmedia&parent=12200"}],"wp:term":[{"taxonomy":"category","embeddable":true,"href":"https:\/\/hakimiyyet.info.az\/index.php?rest_route=%2Fwp%2Fv2%2Fcategories&post=12200"},{"taxonomy":"post_tag","embeddable":true,"href":"https:\/\/hakimiyyet.info.az\/index.php?rest_route=%2Fwp%2Fv2%2Ftags&post=12200"}],"curies":[{"name":"wp","href":"https:\/\/api.w.org\/{rel}","templated":true}]}}