{"id":12229,"date":"2020-01-29T21:26:52","date_gmt":"2020-01-29T17:26:52","guid":{"rendered":"https:\/\/www.amimb.net\/?p=12229"},"modified":"2020-01-30T01:16:05","modified_gmt":"2020-01-29T21:16:05","slug":"mill%c9%99t-v%c9%99kill%c9%99rinin-yuks%c9%99k-v%c9%99zif%c9%99d%c9%99-isl%c9%99y%c9%99n-ovladlari-nazir-muavini-gomruk-s%c9%99dri-fond-r%c9%99hb%c9%99ri-siyahi","status":"publish","type":"post","link":"https:\/\/hakimiyyet.info.az\/?p=12229","title":{"rendered":"Mill\u0259t v\u0259kill\u0259rinin y\u00fcks\u0259k v\u0259zif\u0259d\u0259 i\u015fl\u0259y\u0259n \u00f6vladlar\u0131: Nazir m\u00fcavini, G\u00f6mr\u00fck s\u0259dri, Fond r\u0259hb\u0259ri (S\u0130YAHI)"},"content":{"rendered":"<div>12 g\u00fcnd\u0259n sonra &#8211; fevral ay\u0131n\u0131n 9-da \u00f6lk\u0259d\u0259 n\u00f6vb\u0259d\u0259nk\u0259nar parlament se\u00e7kil\u0259ri ke\u00e7iril\u0259c\u0259k. Bu, h\u0259m d\u0259 o dem\u0259kdir ki, yax\u0131n g\u00fcnl\u0259rd\u0259 haz\u0131rk\u0131 mill\u0259t v\u0259kill\u0259rinin s\u0259lahiyy\u0259t m\u00fcdd\u0259ti ba\u015fa \u00e7atacaq.<\/div>\n<div><b>\u00a0<\/b><\/div>\n<div><b>Qaynarinfo<\/b>\u00a0x\u0259b\u0259r verir ki, Az\u0259rbaycan\u0131n tarixind\u0259 ilk d\u0259f\u0259 olaraq Milli M\u0259clisin burax\u0131lmas\u0131 haqq\u0131nda q\u0259rar q\u0259bul ed\u0259n haz\u0131rk\u0131 mill\u0259t v\u0259kill\u0259rinin bir-\u00e7oxunun\u00a0 \u00f6vladlar\u0131 v\u0259 yax\u0131n qohumlar\u0131 m\u00fcxt\u0259lif sah\u0259l\u0259rd\u0259 y\u00fcks\u0259k v\u0259zif\u0259 tutmalar\u0131 il\u0259 yadda qal\u0131b.<\/div>\n<div><\/div>\n<div>Yax\u0131n g\u00fcnl\u0259rd\u0259 mill\u0259t v\u0259kili statusunu itir\u0259c\u0259k deputatlar\u0131n y\u00fcks\u0259k v\u0259zif\u0259l\u0259rd\u0259 i\u015fl\u0259y\u0259n \u00f6vladlar\u0131n\u0131n v\u0259 yax\u0131nlar\u0131n\u0131n siyah\u0131s\u0131n\u0131 t\u0259qdim edirik:<\/div>\n<div>&#8211; Mill\u0259t v\u0259kili, AMEA-n\u0131n vitse-prezidenti\u00a0<b>\u0130sa H\u0259bibb\u0259ylinin<\/b> o\u011flanlar\u0131ndan biri &#8211; \u018fr\u0259st\u00fcn H\u0259bibb\u0259yli Ba\u015f nazirin Katibliyinin r\u0259isi, dig\u0259r o\u011flu S\u0259h\u0259t H\u0259bibb\u0259yli is\u0259 Nax\u00e7\u0131van Muxtar Respublikas\u0131 D\u00f6vl\u0259t G\u00f6mr\u00fck Komit\u0259sinin s\u0259dridir.<\/div>\n<div>&#8211; Milli M\u0259clisin \u00fczv\u00fc, Az\u0259rbaycan H\u0259mkarlar \u0130ttifaq\u0131 Konfederasiyas\u0131n\u0131n r\u0259hb\u0259ri olan\u00a0<b>S\u0259ttar M\u00f6hbal\u0131yevin<\/b>\u00a0o\u011flu v\u0259 eyni zamanda da bu yax\u0131nlarda v\u0259zif\u0259d\u0259n azad olunan Prezidentin k\u00f6m\u0259k\u00e7isi \u018fli H\u0259s\u0259novun k\u00fcr\u0259k\u0259ni &#8211; \u0130sf\u0259ndiyar M\u00f6hbal\u0131yev X\u0259z\u0259r rayonu Polis \u0130dar\u0259sinin r\u0259isidir.<\/div>\n<div>&#8211; Mill\u0259t v\u0259kili\u00a0<b>Aqil Abbas\u0131n<\/b>\u00a0o\u011flu &#8211; Tuncay Abbasov Suraxan\u0131 Rayon Polis \u0130dar\u0259sinin 30-cu b\u00f6lm\u0259sinin r\u0259isidir<\/div>\n<div>&#8211; Deputat\u00a0<b>Elman M\u0259mm\u0259dovun<\/b>\u00a0o\u011flu &#8211; polkovnik-leytenant\u0131 El\u015fad M\u0259mm\u0259dov\u00a0 Ba\u015f D\u00f6vl\u0259t Yol Polisi \u0130dar\u0259sinin Avtomobill\u0259rin Texniki M\u00fcayin\u0259 M\u0259rk\u0259zinin r\u0259isidir.<\/div>\n<div>&#8211; Mill\u0259t\u00a0 v\u0259kili, Az\u0259rbaycan Sosial Rifah Partiyas\u0131n\u0131n s\u0259dri<b>\u00a0Xanh\u00fcseyn Kaz\u0131ml\u0131n\u0131n<\/b>\u00a0o\u011flu F\u0259xri Kaz\u0131mov\u00a0 Az\u0259rbaycan \u0130poteka v\u0259 Kredit Z\u0259man\u0259t Fondunun \u0130dar\u0259 Hey\u0259tinin s\u0259dridir.<\/div>\n<div>&#8211; Mill\u0259t v\u0259kili, \u015eu\u015fa Rayon \u0130cra Hakimiyy\u0259tinin ba\u015f\u00e7\u0131s\u0131\u00a0<b>Bayram S\u0259f\u0259rovun<\/b>\u00a0o\u011flu &#8211; X\u0259lil Bayramov X\u0259tai rayon 34-c\u00fc Polis B\u00f6lm\u0259sinin r\u0259isidir.<\/div>\n<div>&#8211; Deputat\u00a0<b>\u00c7ingiz Q\u0259nizad\u0259nin\u00a0<\/b>o\u011flu &#8211; Elgiz Q\u0259nizad\u0259 Bin\u0259q\u0259di rayon prokurorunun m\u00fcavinidir.<\/div>\n<div>&#8211; Deputat\u00a0<b>Flora Qas\u0131movan\u0131n<\/b>\u00a0o\u011flu &#8211; polis polkovniki Elsev\u0259r Mirz\u0259yev Daxili \u0130\u015fl\u0259r Nazirliyinin Ba\u015f Kadrlar \u0130dar\u0259sinin r\u0259is m\u00fcavinidir.<\/div>\n<div>&#8211; Mill\u0259t v\u0259kili\u00a0<b>Sahib Al\u0131yevin<\/b>\u00a0qarda\u015f\u0131 &#8211; Bayram Al\u0131yev N\u0259rimanov rayon Polis \u0130dar\u0259sinin 18-ci polis b\u00f6lm\u0259sinin r\u0259isidir.<\/div>\n<div>&#8211; Milli M\u0259clisin \u00fczv\u00fc\u00a0<b>Vahid \u018fhm\u0259dovun\u00a0<\/b>o\u011flu &#8211; Z\u0259f\u0259r \u018fhm\u0259dov Qarada\u011f rayonunun prokurorudur.<\/div>\n<div>&#8211; Deputat\u00a0<b>\u0130mamverdi \u0130smay\u0131lovun\u00a0<\/b>o\u011flu &#8211; polis mayoru \u0130lkin \u0130smay\u0131lov Sumqay\u0131t \u015e\u0259h\u0259r Yol polisinin imtahan-qeydiyyat \u015f\u00f6b\u0259sinin r\u0259isidir.<\/div>\n<div>&#8211; Mill\u0259t v\u0259kili\u00a0<b>H\u00fcseynbala Mir\u0259l\u0259movun<\/b>\u00a0o\u011flu &#8211; polis-polkovniki F\u0259rid Mir\u0259l\u0259mov X\u0259z\u0259r Rayon Polis \u0130dar\u0259sinin 3-c\u00fc Polis B\u00f6lm\u0259sinin r\u0259isi olub<\/div>\n<div>&#8211; Deputat\u00a0<b>Ziyad S\u0259m\u0259dzad\u0259nin<\/b>\u00a0o\u011flu El\u015fad S\u0259m\u0259dzad\u0259 Az\u0259rbaycan \u0130qtisad\u00e7\u0131lar \u0130ttifaq\u0131n\u0131n\u00a0 s\u0259dr m\u00fcavinidir. B\u00f6y\u00fck q\u0131z\u0131 Ayg\u00fcn S\u0259m\u0259dzad\u0259 tan\u0131nm\u0131\u015f b\u0259st\u0259kard\u0131r. Ki\u00e7ik q\u0131z\u0131 Ayt\u0259n S\u0259m\u0259dzad\u0259 is\u0259 &#8220;\u0130qtisadiyyat&#8221; q\u0259zetinin ba\u015f redaktorudur.<\/div>\n<div>&#8211; Mill\u0259t v\u0259kili, Xalqa artisti\u00a0<b>Zeyn\u0259b Xanlarovan\u0131n<\/b>\u00a0o\u011flu Ramin Babayev Standarla\u015fma, Metrologiya v\u0259 Patent \u00fczr\u0259 D\u00f6vl\u0259t\u00a0 Komit\u0259sinin s\u0259dr m\u00fcavini olub.<\/div>\n<div>&#8211; Mill\u0259t v\u0259kili\u00a0<b>\u00a0\u018fhliman \u018fmiraslanovun<\/b>\u00a0o\u011flu Tapd\u0131q \u018fmiraslanov da F\u00f6vq\u0259lad\u0259 Hallar Nazirliyind\u0259 m\u00fcavin v\u0259zif\u0259sind\u0259 i\u015fl\u0259yir.<\/div>\n<div>&#8211; Mill\u0259t v\u0259kili, Nax\u00e7\u0131van Muxtar Respublikas\u0131 Ali M\u0259clisinin s\u0259dri\u00a0<b>Vasif Tal\u0131bovun<\/b>\u00a0o\u011flanlar\u0131ndan biri Seymur Tal\u0131bov Nax\u00e7\u0131van D\u00f6vl\u0259t Universitetind\u0259 prorektor, dig\u0259r o\u011flu Rza Tal\u0131bov is\u0259 D\u00f6vl\u0259t Miqrasiya Xidm\u0259tind\u0259 idar\u0259 r\u0259isi v\u0259zif\u0259sind\u0259 \u00e7al\u0131\u015f\u0131r.\u00a0 \/Yeniavaz.com<\/div>\n","protected":false},"excerpt":{"rendered":"<p>12 g\u00fcnd\u0259n sonra &#8211; fevral ay\u0131n\u0131n 9-da \u00f6lk\u0259d\u0259 n\u00f6vb\u0259d\u0259nk\u0259nar parlament se\u00e7kil\u0259ri ke\u00e7iril\u0259c\u0259k. Bu, h\u0259m d\u0259 o dem\u0259kdir ki, yax\u0131n g\u00fcnl\u0259rd\u0259&hellip;<\/p>\n","protected":false},"author":1,"featured_media":0,"comment_status":"closed","ping_status":"closed","sticky":false,"template":"","format":"standard","meta":{"om_disable_all_campaigns":false,"_monsterinsights_skip_tracking":false,"_uf_show_specific_survey":0,"_uf_disable_surveys":false,"footnotes":""},"categories":[23,2,7,5],"tags":[],"aioseo_notices":[],"_links":{"self":[{"href":"https:\/\/hakimiyyet.info.az\/index.php?rest_route=\/wp\/v2\/posts\/12229"}],"collection":[{"href":"https:\/\/hakimiyyet.info.az\/index.php?rest_route=\/wp\/v2\/posts"}],"about":[{"href":"https:\/\/hakimiyyet.info.az\/index.php?rest_route=\/wp\/v2\/types\/post"}],"author":[{"embeddable":true,"href":"https:\/\/hakimiyyet.info.az\/index.php?rest_route=\/wp\/v2\/users\/1"}],"replies":[{"embeddable":true,"href":"https:\/\/hakimiyyet.info.az\/index.php?rest_route=%2Fwp%2Fv2%2Fcomments&post=12229"}],"version-history":[{"count":3,"href":"https:\/\/hakimiyyet.info.az\/index.php?rest_route=\/wp\/v2\/posts\/12229\/revisions"}],"predecessor-version":[{"id":12234,"href":"https:\/\/hakimiyyet.info.az\/index.php?rest_route=\/wp\/v2\/posts\/12229\/revisions\/12234"}],"wp:attachment":[{"href":"https:\/\/hakimiyyet.info.az\/index.php?rest_route=%2Fwp%2Fv2%2Fmedia&parent=12229"}],"wp:term":[{"taxonomy":"category","embeddable":true,"href":"https:\/\/hakimiyyet.info.az\/index.php?rest_route=%2Fwp%2Fv2%2Fcategories&post=12229"},{"taxonomy":"post_tag","embeddable":true,"href":"https:\/\/hakimiyyet.info.az\/index.php?rest_route=%2Fwp%2Fv2%2Ftags&post=12229"}],"curies":[{"name":"wp","href":"https:\/\/api.w.org\/{rel}","templated":true}]}}