{"id":12237,"date":"2020-01-30T01:35:21","date_gmt":"2020-01-29T21:35:21","guid":{"rendered":"https:\/\/www.hakimiyyet.com\/?p=12237"},"modified":"2020-01-30T01:35:54","modified_gmt":"2020-01-29T21:35:54","slug":"nazirl%c9%99r-kabinetind%c9%99-koronavirusla-bagli-gost%c9%99risl%c9%99r-verdi","status":"publish","type":"post","link":"https:\/\/hakimiyyet.info.az\/?p=12237","title":{"rendered":"Nazirl\u0259r Kabineti koronavirusla ba\u011fl\u0131 g\u00f6st\u0259ri\u015fl\u0259r verdi"},"content":{"rendered":"<p>Yanvar\u0131n 27-d\u0259 Az\u0259rbaycan Respublikas\u0131n\u0131n Prezidenti \u0130lham \u018fliyevin tap\u015f\u0131r\u0131\u011f\u0131na \u0259sas\u0259n Nazirl\u0259r Kabinetind\u0259, D\u00fcnya S\u0259hiyy\u0259 T\u0259\u015fkilat\u0131n\u0131n v\u0259 \u00c7in Xalq Respublikas\u0131 (\u00c7XR) h\u00f6kum\u0259tinin elan etdiyi kimi, \u00c7inin Uxan \u015f\u0259h\u0259rind\u0259 yay\u0131lm\u0131\u015f v\u0259 art\u0131q d\u00fcnyan\u0131n ba\u015fqa regionlar\u0131nda da qeyd\u0259 al\u0131nm\u0131\u015f koronavirus epidemiyas\u0131na qar\u015f\u0131 qabaqlay\u0131c\u0131 t\u0259dbirl\u0259rin g\u00f6r\u00fclm\u0259si \u00fc\u00e7\u00fcn m\u00fc\u015favir\u0259 ke\u00e7irilib.<\/p>\n<p>Nazirl\u0259r Kabinetinin m\u0259tbuat xidm\u0259tind\u0259n\u00a0bildirilib ki, Ba\u015f Nazirin s\u0259drliyi il\u0259 ke\u00e7iril\u0259n m\u00fc\u015favir\u0259d\u0259 aidiyy\u0259ti d\u00f6vl\u0259t qurumlar\u0131n\u0131n r\u0259hb\u0259rl\u0259ri i\u015ftirak edibl\u0259r.<\/p>\n<p>M\u00fc\u015favir\u0259d\u0259 epidemiyan\u0131n Az\u0259rbaycana daxil olmas\u0131n\u0131n qar\u015f\u0131s\u0131n\u0131n al\u0131nmas\u0131 \u00fc\u00e7\u00fcn m\u00fczakir\u0259l\u0259r apar\u0131l\u0131b.<\/p>\n<p>M\u00fc\u015favir\u0259nin yekununda bel\u0259 hallar \u00fc\u00e7\u00fcn n\u0259z\u0259rd\u0259 tutulmu\u015f m\u00fcvafiq t\u0259dbirl\u0259rin g\u00f6r\u00fclm\u0259si &#8211; s\u0259rh\u0259d-ke\u00e7id m\u0259nt\u0259q\u0259l\u0259rind\u0259 g\u00fccl\u0259ndirilmi\u015f i\u015f rejimin\u0259 ke\u00e7ilm\u0259si, \u00c7XR-d\u0259n, x\u00fcsusil\u0259 epidemiya zonas\u0131ndan \u00f6lk\u0259y\u0259 g\u0259l\u0259n b\u00fct\u00fcn \u015f\u0259xsl\u0259rin m\u00fctl\u0259q \u015f\u0259kild\u0259 ciddi tibbi m\u00fcayin\u0259d\u0259n ke\u00e7irilm\u0259si v\u0259 n\u0259zar\u0259t alt\u0131na al\u0131nmas\u0131, x\u00fcsusi riskli hesab olunan v\u0259 virusun ke\u00e7\u0259 bil\u0259c\u0259yi \u0259rzaq m\u0259hsullar\u0131n\u0131n siyah\u0131s\u0131n\u0131n haz\u0131rlanmas\u0131 v\u0259 \u0259rzaq bazar\u0131nda h\u0259min m\u0259hsullara n\u0259zar\u0259tin g\u00fccl\u0259ndirilm\u0259si, s\u0259hiyy\u0259 ocaqlar\u0131nda qaynar x\u0259tl\u0259rin yarad\u0131lmas\u0131, virus v\u0259 onunla m\u00fcbariz\u0259 metodlar\u0131 haqda \u0259hali il\u0259 maarifl\u0259ndirm\u0259 i\u015fl\u0259rinin apar\u0131lmas\u0131, v\u0259ziyy\u0259tl\u0259 ba\u011fl\u0131 \u0259haliy\u0259 m\u00fct\u0259madi m\u0259lumat verilm\u0259si haqda q\u0259rar q\u0259bul edilib.<\/p>\n<p>\u018fhalinin n\u0259z\u0259rin\u0259 \u00e7atd\u0131r\u0131l\u0131r ki, \u00f6lk\u0259d\u0259 bel\u0259 v\u0259ziyy\u0259tl\u0259rd\u0259 ehtiyac\u0131n yarana bil\u0259c\u0259yi b\u00fct\u00fcn tibbi l\u0259vazimatlar kifay\u0259t q\u0259d\u0259rdir. O da vur\u011fulan\u0131b ki, haz\u0131rda \u00f6lk\u0259mizd\u0259 bel\u0259 x\u0259st\u0259liy\u0259 yoluxma hallar\u0131 m\u00fc\u015fahid\u0259 olunmay\u0131b, Az\u0259rbaycanda \u0259halinin sa\u011flaml\u0131\u011f\u0131 il\u0259 ba\u011fl\u0131 v\u0259ziyy\u0259t d\u00f6vl\u0259tin tam n\u0259zar\u0259tind\u0259dir v\u0259 narahatl\u0131q \u00fc\u00e7\u00fcn he\u00e7 bir \u0259sas yoxdur.<\/p>\n<p>M\u00fc\u015favir\u0259d\u0259 S\u0259hiyy\u0259 nazirinin r\u0259hb\u0259rliyi v\u0259 aidiyy\u0259ti qurumlar\u0131n i\u015ftirak\u0131 il\u0259 \u0130\u015f\u00e7i Qrupunun yarad\u0131lmas\u0131 q\u0259rar\u0131 q\u0259bul edilib.<\/p>\n<p>T\u0259dbirl\u0259rin g\u00f6r\u00fclm\u0259sind\u0259 D\u00fcnya S\u0259hiyy\u0259 T\u0259\u015fkilat\u0131n\u0131n m\u00fcvafiq t\u00f6vsiy\u0259l\u0259ri n\u0259z\u0259r\u0259 al\u0131n\u0131r.<\/p>\n<p>Az\u0259rbaycan\u0131n \u00c7XR-d\u0259ki s\u0259firliyi v\u0259 \u00c7inin \u00f6lk\u0259mizd\u0259ki s\u0259firliyi il\u0259 s\u0131x \u0259laq\u0259 saxlan\u0131l\u0131r. Habel\u0259, Az\u0259rbaycan\u0131n \u00c7ind\u0259ki s\u0259firliyi bu \u00f6lk\u0259nin d\u00f6vl\u0259t qurumlar\u0131 v\u0259 \u00c7ind\u0259 olan v\u0259t\u0259nda\u015flar\u0131m\u0131zla daimi t\u0259masdad\u0131r.<\/p>\n","protected":false},"excerpt":{"rendered":"<p>Yanvar\u0131n 27-d\u0259 Az\u0259rbaycan Respublikas\u0131n\u0131n Prezidenti \u0130lham \u018fliyevin tap\u015f\u0131r\u0131\u011f\u0131na \u0259sas\u0259n Nazirl\u0259r Kabinetind\u0259, D\u00fcnya S\u0259hiyy\u0259 T\u0259\u015fkilat\u0131n\u0131n v\u0259 \u00c7in Xalq Respublikas\u0131 (\u00c7XR) h\u00f6kum\u0259tinin&hellip;<\/p>\n","protected":false},"author":2,"featured_media":0,"comment_status":"closed","ping_status":"closed","sticky":false,"template":"","format":"standard","meta":{"om_disable_all_campaigns":false,"_monsterinsights_skip_tracking":false,"_uf_show_specific_survey":0,"_uf_disable_surveys":false,"footnotes":""},"categories":[23,2,4],"tags":[],"aioseo_notices":[],"_links":{"self":[{"href":"https:\/\/hakimiyyet.info.az\/index.php?rest_route=\/wp\/v2\/posts\/12237"}],"collection":[{"href":"https:\/\/hakimiyyet.info.az\/index.php?rest_route=\/wp\/v2\/posts"}],"about":[{"href":"https:\/\/hakimiyyet.info.az\/index.php?rest_route=\/wp\/v2\/types\/post"}],"author":[{"embeddable":true,"href":"https:\/\/hakimiyyet.info.az\/index.php?rest_route=\/wp\/v2\/users\/2"}],"replies":[{"embeddable":true,"href":"https:\/\/hakimiyyet.info.az\/index.php?rest_route=%2Fwp%2Fv2%2Fcomments&post=12237"}],"version-history":[{"count":2,"href":"https:\/\/hakimiyyet.info.az\/index.php?rest_route=\/wp\/v2\/posts\/12237\/revisions"}],"predecessor-version":[{"id":12239,"href":"https:\/\/hakimiyyet.info.az\/index.php?rest_route=\/wp\/v2\/posts\/12237\/revisions\/12239"}],"wp:attachment":[{"href":"https:\/\/hakimiyyet.info.az\/index.php?rest_route=%2Fwp%2Fv2%2Fmedia&parent=12237"}],"wp:term":[{"taxonomy":"category","embeddable":true,"href":"https:\/\/hakimiyyet.info.az\/index.php?rest_route=%2Fwp%2Fv2%2Fcategories&post=12237"},{"taxonomy":"post_tag","embeddable":true,"href":"https:\/\/hakimiyyet.info.az\/index.php?rest_route=%2Fwp%2Fv2%2Ftags&post=12237"}],"curies":[{"name":"wp","href":"https:\/\/api.w.org\/{rel}","templated":true}]}}