{"id":12247,"date":"2020-01-30T01:51:44","date_gmt":"2020-01-29T21:51:44","guid":{"rendered":"https:\/\/www.hakimiyyet.com\/?p=12247"},"modified":"2020-01-30T01:51:44","modified_gmt":"2020-01-29T21:51:44","slug":"nazir-idman-jurnalistl%c9%99ri-federasiyasinin-numay%c9%99nd%c9%99l%c9%99ri-il%c9%99-gorusdu","status":"publish","type":"post","link":"https:\/\/hakimiyyet.info.az\/?p=12247","title":{"rendered":"Nazir \u0130dman Jurnalistl\u0259ri Federasiyas\u0131n\u0131n n\u00fcmay\u0259nd\u0259l\u0259ri il\u0259 g\u00f6r\u00fc\u015fd\u00fc"},"content":{"rendered":"<p>Yanvar\u0131n 29-da G\u0259ncl\u0259r v\u0259 \u0130dman naziri Azad R\u0259himov Az\u0259rbaycan \u0130dman Jurnalistl\u0259ri Federasiyas\u0131 (A\u0130JF) \u0130dar\u0259 Hey\u0259tinin \u00fczvl\u0259ri il\u0259 g\u00f6r\u00fc\u015f\u00fcb.<\/p>\n<p><a class=\"azertac-link\" href=\"https:\/\/azertag.az\/\" target=\"_blank\" rel=\"noopener noreferrer\">AZ\u018fRTAC<\/a>\u00a0A\u0130JF-y\u0259 istinadla x\u0259b\u0259r verir ki, g\u00f6r\u00fc\u015fd\u0259 yeni t\u0259\u015fkilat\u0131n yaranmas\u0131 m\u00fcnasib\u0259til\u0259 \u0130dar\u0259 Hey\u0259ti \u00fczvl\u0259rini t\u0259brik ed\u0259n nazir idman medias\u0131n\u0131n inki\u015faf\u0131na xidm\u0259t ed\u0259c\u0259k bel\u0259 bir qurumun yarad\u0131lmas\u0131na \u00e7oxdan ehtiyac duyuldu\u011funu deyib. \u0130dman jurnalistl\u0259rinin nazirliy\u0259 m\u00fct\u0259madi m\u00fcraci\u0259tl\u0259rini n\u0259z\u0259r\u0259 alaraq yeni t\u0259\u015fkilat\u0131n yaranmas\u0131na d\u0259st\u0259k oldu\u011funu bildir\u0259n nazir t\u00f6vsiy\u0259l\u0259rini ver\u0259r\u0259k A\u0130JF-y\u0259 f\u0259aliyy\u0259tind\u0259 u\u011furlar arzulay\u0131b.<\/p>\n<p>Federasiyan\u0131n \u0130dar\u0259 Hey\u0259tinin s\u0259dri Qabil Mehdiyev qurumun yarad\u0131lmas\u0131ndak\u0131 d\u0259st\u0259yin\u0259 g\u00f6r\u0259 nazir A.R\u0259himova idman jurnalistl\u0259ri ad\u0131ndan t\u0259\u015f\u0259kk\u00fcr edib.<\/p>\n<p>\u0130dar\u0259 hey\u0259ti \u00fczvl\u0259rini t\u0259qdim ed\u0259n Q.Mehdiyev art\u0131q iki iclas\u0131n ke\u00e7irildiyini v\u0259 bir s\u0131ra q\u0259rarlar\u0131n q\u0259bul olundu\u011funu, m\u00fcvafiq komissiyalar\u0131n yarad\u0131ld\u0131\u011f\u0131n\u0131 bildirib.<\/p>\n<p>S\u00f6hb\u0259t zaman\u0131 G\u0259ncl\u0259r v\u0259 \u0130dman Nazirliyi il\u0259 A\u0130JF aras\u0131nda \u0259m\u0259kda\u015fl\u0131q m\u0259s\u0259l\u0259l\u0259ri m\u00fczakir\u0259 edilib. H\u0259m\u00e7inin Federasiyan\u0131n 2020-ci il \u00fc\u00e7\u00fcn t\u0259dbirl\u0259r plan\u0131, dig\u0259r federasiyalar, idman qurumlar\u0131 il\u0259 birg\u0259 g\u00f6r\u00fclm\u0259si n\u0259z\u0259rd\u0259 tutulan i\u015fl\u0259r bar\u0259d\u0259 m\u0259lumat verilib.<\/p>\n","protected":false},"excerpt":{"rendered":"<p>Yanvar\u0131n 29-da G\u0259ncl\u0259r v\u0259 \u0130dman naziri Azad R\u0259himov Az\u0259rbaycan \u0130dman Jurnalistl\u0259ri Federasiyas\u0131 (A\u0130JF) \u0130dar\u0259 Hey\u0259tinin \u00fczvl\u0259ri il\u0259 g\u00f6r\u00fc\u015f\u00fcb. AZ\u018fRTAC\u00a0A\u0130JF-y\u0259 istinadla&hellip;<\/p>\n","protected":false},"author":2,"featured_media":0,"comment_status":"closed","ping_status":"closed","sticky":false,"template":"","format":"standard","meta":{"om_disable_all_campaigns":false,"_monsterinsights_skip_tracking":false,"_uf_show_specific_survey":0,"_uf_disable_surveys":false,"footnotes":""},"categories":[2,5],"tags":[],"aioseo_notices":[],"_links":{"self":[{"href":"https:\/\/hakimiyyet.info.az\/index.php?rest_route=\/wp\/v2\/posts\/12247"}],"collection":[{"href":"https:\/\/hakimiyyet.info.az\/index.php?rest_route=\/wp\/v2\/posts"}],"about":[{"href":"https:\/\/hakimiyyet.info.az\/index.php?rest_route=\/wp\/v2\/types\/post"}],"author":[{"embeddable":true,"href":"https:\/\/hakimiyyet.info.az\/index.php?rest_route=\/wp\/v2\/users\/2"}],"replies":[{"embeddable":true,"href":"https:\/\/hakimiyyet.info.az\/index.php?rest_route=%2Fwp%2Fv2%2Fcomments&post=12247"}],"version-history":[{"count":1,"href":"https:\/\/hakimiyyet.info.az\/index.php?rest_route=\/wp\/v2\/posts\/12247\/revisions"}],"predecessor-version":[{"id":12248,"href":"https:\/\/hakimiyyet.info.az\/index.php?rest_route=\/wp\/v2\/posts\/12247\/revisions\/12248"}],"wp:attachment":[{"href":"https:\/\/hakimiyyet.info.az\/index.php?rest_route=%2Fwp%2Fv2%2Fmedia&parent=12247"}],"wp:term":[{"taxonomy":"category","embeddable":true,"href":"https:\/\/hakimiyyet.info.az\/index.php?rest_route=%2Fwp%2Fv2%2Fcategories&post=12247"},{"taxonomy":"post_tag","embeddable":true,"href":"https:\/\/hakimiyyet.info.az\/index.php?rest_route=%2Fwp%2Fv2%2Ftags&post=12247"}],"curies":[{"name":"wp","href":"https:\/\/api.w.org\/{rel}","templated":true}]}}