{"id":12254,"date":"2020-01-30T03:09:36","date_gmt":"2020-01-29T23:09:36","guid":{"rendered":"https:\/\/www.hakimiyyet.com\/?p=12254"},"modified":"2020-01-30T03:09:36","modified_gmt":"2020-01-29T23:09:36","slug":"az%c9%99rbaycanin-sabiq-xarici-isl%c9%99r-naziri-oldu","status":"publish","type":"post","link":"https:\/\/hakimiyyet.info.az\/?p=12254","title":{"rendered":"Az\u0259rbaycan\u0131n sabiq xarici i\u015fl\u0259r naziri \u00f6ld\u00fc"},"content":{"rendered":"<h4>Az\u0259rbaycan\u0131n ke\u00e7mi\u015f xarici i\u015fl\u0259r naziri Tofiq Qas\u0131mov v\u0259fat edib.<\/h4>\n<p>O, \u0130sve\u00e7r\u0259d\u0259 82 ya\u015f\u0131nda d\u00fcnyas\u0131n\u0131 d\u0259yi\u015fib. Sabiq nazir uzun ill\u0259rdir bu \u00f6lk\u0259d\u0259 ya\u015fay\u0131rd\u0131.<\/p>\n<p>Qeyd ed\u0259k ki, T.Qas\u0131mov 1938-ci ild\u0259 A\u011fstafa rayonunda anadan olub. O, 1992-1993-c\u00fc ill\u0259rd\u0259 Az\u0259rbaycan\u0131n Xarici \u0130\u015fl\u0259r naziri v\u0259zif\u0259sind\u0259 \u00e7al\u0131\u015f\u0131b. T.Qas\u0131mov uzun ill\u0259rdir ail\u0259si il\u0259 birlikd\u0259 \u0130sve\u00e7r\u0259nin L\u00fctsern \u015f\u0259h\u0259rind\u0259 ya\u015fay\u0131rd\u0131.\/\/Report.az<\/p>\n<p>&nbsp;<\/p>\n","protected":false},"excerpt":{"rendered":"<p>Az\u0259rbaycan\u0131n ke\u00e7mi\u015f xarici i\u015fl\u0259r naziri Tofiq Qas\u0131mov v\u0259fat edib. O, \u0130sve\u00e7r\u0259d\u0259 82 ya\u015f\u0131nda d\u00fcnyas\u0131n\u0131 d\u0259yi\u015fib. Sabiq nazir uzun ill\u0259rdir bu&hellip;<\/p>\n","protected":false},"author":2,"featured_media":0,"comment_status":"closed","ping_status":"closed","sticky":false,"template":"","format":"standard","meta":{"om_disable_all_campaigns":false,"_monsterinsights_skip_tracking":false,"_uf_show_specific_survey":0,"_uf_disable_surveys":false,"footnotes":""},"categories":[23,5],"tags":[],"aioseo_notices":[],"_links":{"self":[{"href":"https:\/\/hakimiyyet.info.az\/index.php?rest_route=\/wp\/v2\/posts\/12254"}],"collection":[{"href":"https:\/\/hakimiyyet.info.az\/index.php?rest_route=\/wp\/v2\/posts"}],"about":[{"href":"https:\/\/hakimiyyet.info.az\/index.php?rest_route=\/wp\/v2\/types\/post"}],"author":[{"embeddable":true,"href":"https:\/\/hakimiyyet.info.az\/index.php?rest_route=\/wp\/v2\/users\/2"}],"replies":[{"embeddable":true,"href":"https:\/\/hakimiyyet.info.az\/index.php?rest_route=%2Fwp%2Fv2%2Fcomments&post=12254"}],"version-history":[{"count":1,"href":"https:\/\/hakimiyyet.info.az\/index.php?rest_route=\/wp\/v2\/posts\/12254\/revisions"}],"predecessor-version":[{"id":12255,"href":"https:\/\/hakimiyyet.info.az\/index.php?rest_route=\/wp\/v2\/posts\/12254\/revisions\/12255"}],"wp:attachment":[{"href":"https:\/\/hakimiyyet.info.az\/index.php?rest_route=%2Fwp%2Fv2%2Fmedia&parent=12254"}],"wp:term":[{"taxonomy":"category","embeddable":true,"href":"https:\/\/hakimiyyet.info.az\/index.php?rest_route=%2Fwp%2Fv2%2Fcategories&post=12254"},{"taxonomy":"post_tag","embeddable":true,"href":"https:\/\/hakimiyyet.info.az\/index.php?rest_route=%2Fwp%2Fv2%2Ftags&post=12254"}],"curies":[{"name":"wp","href":"https:\/\/api.w.org\/{rel}","templated":true}]}}