{"id":12262,"date":"2020-01-30T10:14:59","date_gmt":"2020-01-30T06:14:59","guid":{"rendered":"https:\/\/www.amimb.net\/?p=12262"},"modified":"2020-01-30T10:14:59","modified_gmt":"2020-01-30T06:14:59","slug":"konqoda-silahli-qruplasmalar-azi-30-dinc-sakini-oldurubl%c9%99r","status":"publish","type":"post","link":"https:\/\/hakimiyyet.info.az\/?p=12262","title":{"rendered":"Konqoda silahl\u0131 qrupla\u015fmalar az\u0131 30 dinc sakini \u00f6ld\u00fcr\u00fcbl\u0259r"},"content":{"rendered":"<p style=\"font-weight: 400;\"><span style=\"font-style: inherit; font-weight: inherit;\">Konqo Demokratik Respublikas\u0131n\u0131n \u015f\u0259rqind\u0259ki d\u00f6rd ya\u015fay\u0131\u015f m\u0259nt\u0259q\u0259sind\u0259 son 48 saat \u0259rzind\u0259 az\u0131 30 n\u0259f\u0259r \u201cDemokratik Q\u00fcvv\u0259l\u0259r Alyans\u0131\u201d terror\u00e7u qrupla\u015fmas\u0131n\u0131n silahl\u0131lar\u0131 t\u0259r\u0259find\u0259n \u00f6ld\u00fcr\u00fcl\u00fcb.<\/span><\/p>\n<p style=\"font-weight: 400;\"><span style=\"font-style: inherit; font-weight: inherit;\"><a href=\"https:\/\/apa.az\/\">APA<\/a>\u00a0x\u0259b\u0259r verir ki, bu bar\u0259d\u0259 \u201cReuters\u201d yerli r\u0259smi dair\u0259l\u0259r\u0259 istinad\u0259n m\u0259lumat yay\u0131b.<\/span><\/p>\n<p style=\"font-weight: 400;\"><span style=\"font-style: inherit; font-weight: inherit;\">Bildirilir ki, h\u00fccumlar \u015eimali Kivu \u0259yal\u0259tind\u0259ki Beni dair\u0259sinin q\u0259rbind\u0259 t\u00f6r\u0259dilib.<\/span><\/p>\n<p style=\"font-weight: 400;\"><span style=\"font-style: inherit; font-weight: inherit;\">Bundan \u0259vv\u0259l yerli \u201cActualite\u201d portal\u0131n\u0131n verdiyi m\u0259lumata g\u00f6r\u0259, silahl\u0131 qrupla\u015fmalar Beni dair\u0259sind\u0259 iki k\u0259nd\u0259 h\u00fccum ed\u0259r\u0259k az\u0131 15 dinc sakini \u00f6ld\u00fcr\u00fcbl\u0259r.<\/span><\/p>\n","protected":false},"excerpt":{"rendered":"<p>Konqo Demokratik Respublikas\u0131n\u0131n \u015f\u0259rqind\u0259ki d\u00f6rd ya\u015fay\u0131\u015f m\u0259nt\u0259q\u0259sind\u0259 son 48 saat \u0259rzind\u0259 az\u0131 30 n\u0259f\u0259r \u201cDemokratik Q\u00fcvv\u0259l\u0259r Alyans\u0131\u201d terror\u00e7u qrupla\u015fmas\u0131n\u0131n silahl\u0131lar\u0131&hellip;<\/p>\n","protected":false},"author":1,"featured_media":0,"comment_status":"closed","ping_status":"closed","sticky":false,"template":"","format":"standard","meta":{"om_disable_all_campaigns":false,"_monsterinsights_skip_tracking":false,"_uf_show_specific_survey":0,"_uf_disable_surveys":false,"footnotes":""},"categories":[5],"tags":[],"aioseo_notices":[],"_links":{"self":[{"href":"https:\/\/hakimiyyet.info.az\/index.php?rest_route=\/wp\/v2\/posts\/12262"}],"collection":[{"href":"https:\/\/hakimiyyet.info.az\/index.php?rest_route=\/wp\/v2\/posts"}],"about":[{"href":"https:\/\/hakimiyyet.info.az\/index.php?rest_route=\/wp\/v2\/types\/post"}],"author":[{"embeddable":true,"href":"https:\/\/hakimiyyet.info.az\/index.php?rest_route=\/wp\/v2\/users\/1"}],"replies":[{"embeddable":true,"href":"https:\/\/hakimiyyet.info.az\/index.php?rest_route=%2Fwp%2Fv2%2Fcomments&post=12262"}],"version-history":[{"count":1,"href":"https:\/\/hakimiyyet.info.az\/index.php?rest_route=\/wp\/v2\/posts\/12262\/revisions"}],"predecessor-version":[{"id":12263,"href":"https:\/\/hakimiyyet.info.az\/index.php?rest_route=\/wp\/v2\/posts\/12262\/revisions\/12263"}],"wp:attachment":[{"href":"https:\/\/hakimiyyet.info.az\/index.php?rest_route=%2Fwp%2Fv2%2Fmedia&parent=12262"}],"wp:term":[{"taxonomy":"category","embeddable":true,"href":"https:\/\/hakimiyyet.info.az\/index.php?rest_route=%2Fwp%2Fv2%2Fcategories&post=12262"},{"taxonomy":"post_tag","embeddable":true,"href":"https:\/\/hakimiyyet.info.az\/index.php?rest_route=%2Fwp%2Fv2%2Ftags&post=12262"}],"curies":[{"name":"wp","href":"https:\/\/api.w.org\/{rel}","templated":true}]}}