{"id":12308,"date":"2020-01-31T08:39:01","date_gmt":"2020-01-31T04:39:01","guid":{"rendered":"https:\/\/www.hakimiyyet.com\/?p=12308"},"modified":"2020-01-31T08:39:01","modified_gmt":"2020-01-31T04:39:01","slug":"vladimir-zelenski-ukrayna-hokum%c9%99ti-socar-il%c9%99-birg%c9%99-layih%c9%99l%c9%99r-h%c9%99yata-kecir%c9%99c%c9%99k","status":"publish","type":"post","link":"https:\/\/hakimiyyet.info.az\/?p=12308","title":{"rendered":"Vladimir Zelenski: Ukrayna h\u00f6kum\u0259ti SOCAR il\u0259 birg\u0259 layih\u0259l\u0259r h\u0259yata ke\u00e7ir\u0259c\u0259k"},"content":{"rendered":"<p>Ukrayna h\u00f6kum\u0259ti SOCAR il\u0259 birg\u0259 neft v\u0259 qaz n\u0259qli sah\u0259sind\u0259 layih\u0259l\u0259r h\u0259yata ke\u00e7ir\u0259c\u0259k.<\/p>\n<p><a class=\"azertac-link\" href=\"https:\/\/azertag.az\/\" target=\"_blank\" rel=\"noopener noreferrer\">AZ\u018fRTAC<\/a>\u00a0Ukrayna Prezidentinin r\u0259smi sayt\u0131na istinadla x\u0259b\u0259r verir ki, bu fikri SOCAR prezidenti R\u00f6vn\u0259q Abdullayevl\u0259 g\u00f6r\u00fc\u015f\u00fcnd\u0259 Prezident Vladimir Zelenski s\u00f6yl\u0259yib.<\/p>\n<p>G\u00f6r\u00fc\u015fd\u0259 t\u0259r\u0259fl\u0259r Ukraynan\u0131n qaz n\u0259qliyyat\u0131 sah\u0259sin\u0259 s\u0259rmay\u0259 imkanlar\u0131n\u0131 m\u00fczakir\u0259 edibl\u0259r.<\/p>\n<p>V.Zelenski \u00f6t\u0259n ilin dekabr\u0131nda Az\u0259rbaycana s\u0259f\u0259ri zaman\u0131 Ukraynada SOCAR-\u0131n i\u015fi haqq\u0131nda \u0259ld\u0259 olunmu\u015f raz\u0131la\u015fmalar\u0131n realla\u015fd\u0131r\u0131lmas\u0131n\u0131n \u0259h\u0259miyy\u0259tini qeyd edib.<\/p>\n<p>G\u00f6r\u00fc\u015fd\u0259 SOCAR-\u0131n vitse-prezidenti El\u015fad N\u0259sirov v\u0259 Ukrayna n\u00fcmay\u0259nd\u0259liyinin r\u0259hb\u0259ri El\u00e7in M\u0259mm\u0259dov da i\u015ftirak edibl\u0259r.<\/p>\n","protected":false},"excerpt":{"rendered":"<p>Ukrayna h\u00f6kum\u0259ti SOCAR il\u0259 birg\u0259 neft v\u0259 qaz n\u0259qli sah\u0259sind\u0259 layih\u0259l\u0259r h\u0259yata ke\u00e7ir\u0259c\u0259k. AZ\u018fRTAC\u00a0Ukrayna Prezidentinin r\u0259smi sayt\u0131na istinadla x\u0259b\u0259r verir&hellip;<\/p>\n","protected":false},"author":2,"featured_media":0,"comment_status":"closed","ping_status":"closed","sticky":false,"template":"","format":"standard","meta":{"om_disable_all_campaigns":false,"_monsterinsights_skip_tracking":false,"_uf_show_specific_survey":0,"_uf_disable_surveys":false,"footnotes":""},"categories":[23,7],"tags":[],"aioseo_notices":[],"_links":{"self":[{"href":"https:\/\/hakimiyyet.info.az\/index.php?rest_route=\/wp\/v2\/posts\/12308"}],"collection":[{"href":"https:\/\/hakimiyyet.info.az\/index.php?rest_route=\/wp\/v2\/posts"}],"about":[{"href":"https:\/\/hakimiyyet.info.az\/index.php?rest_route=\/wp\/v2\/types\/post"}],"author":[{"embeddable":true,"href":"https:\/\/hakimiyyet.info.az\/index.php?rest_route=\/wp\/v2\/users\/2"}],"replies":[{"embeddable":true,"href":"https:\/\/hakimiyyet.info.az\/index.php?rest_route=%2Fwp%2Fv2%2Fcomments&post=12308"}],"version-history":[{"count":1,"href":"https:\/\/hakimiyyet.info.az\/index.php?rest_route=\/wp\/v2\/posts\/12308\/revisions"}],"predecessor-version":[{"id":12309,"href":"https:\/\/hakimiyyet.info.az\/index.php?rest_route=\/wp\/v2\/posts\/12308\/revisions\/12309"}],"wp:attachment":[{"href":"https:\/\/hakimiyyet.info.az\/index.php?rest_route=%2Fwp%2Fv2%2Fmedia&parent=12308"}],"wp:term":[{"taxonomy":"category","embeddable":true,"href":"https:\/\/hakimiyyet.info.az\/index.php?rest_route=%2Fwp%2Fv2%2Fcategories&post=12308"},{"taxonomy":"post_tag","embeddable":true,"href":"https:\/\/hakimiyyet.info.az\/index.php?rest_route=%2Fwp%2Fv2%2Ftags&post=12308"}],"curies":[{"name":"wp","href":"https:\/\/api.w.org\/{rel}","templated":true}]}}