{"id":13525,"date":"2020-02-20T15:37:08","date_gmt":"2020-02-20T11:37:08","guid":{"rendered":"https:\/\/www.amimb.net\/?p=13525"},"modified":"2020-02-20T15:37:08","modified_gmt":"2020-02-20T11:37:08","slug":"ilham-%c9%99liyev-italiya-prezidenti-il%c9%99-gorusdu","status":"publish","type":"post","link":"https:\/\/hakimiyyet.info.az\/?p=13525","title":{"rendered":"\u0130lham \u018fliyev \u0130taliya Prezidenti il\u0259 g\u00f6r\u00fc\u015fd\u00fc"},"content":{"rendered":"<p>Fevral\u0131n 20-d\u0259 r\u0259smi qar\u015f\u0131lanma m\u0259rasimind\u0259n sonra Az\u0259rbaycan Respublikas\u0131n\u0131n Prezidenti \u0130lham \u018fliyevin \u0130taliya Respublikas\u0131n\u0131n Prezidenti Sercio Mattarella il\u0259 t\u0259kb\u0259t\u0259k g\u00f6r\u00fc\u015f\u00fc olub. Bununla ba\u011fl\u0131\u00a0<a href=\"https:\/\/azertag.az\/xeber\/Azerbaycan_ve_Italiya_prezidentlerinin_tekbetek_gorusu_YENILANACAK-1419761\" target=\"_blank\" rel=\"noopener noreferrer\">AZ\u018fRTAC<\/a>\u00a0m\u0259lumat yay\u0131b.<\/p>\n","protected":false},"excerpt":{"rendered":"<p>Fevral\u0131n 20-d\u0259 r\u0259smi qar\u015f\u0131lanma m\u0259rasimind\u0259n sonra Az\u0259rbaycan Respublikas\u0131n\u0131n Prezidenti \u0130lham \u018fliyevin \u0130taliya Respublikas\u0131n\u0131n Prezidenti Sercio Mattarella il\u0259 t\u0259kb\u0259t\u0259k g\u00f6r\u00fc\u015f\u00fc olub.&hellip;<\/p>\n","protected":false},"author":1,"featured_media":0,"comment_status":"closed","ping_status":"closed","sticky":false,"template":"","format":"standard","meta":{"om_disable_all_campaigns":false,"_monsterinsights_skip_tracking":false,"_uf_show_specific_survey":0,"_uf_disable_surveys":false,"footnotes":""},"categories":[23,7,5],"tags":[],"aioseo_notices":[],"_links":{"self":[{"href":"https:\/\/hakimiyyet.info.az\/index.php?rest_route=\/wp\/v2\/posts\/13525"}],"collection":[{"href":"https:\/\/hakimiyyet.info.az\/index.php?rest_route=\/wp\/v2\/posts"}],"about":[{"href":"https:\/\/hakimiyyet.info.az\/index.php?rest_route=\/wp\/v2\/types\/post"}],"author":[{"embeddable":true,"href":"https:\/\/hakimiyyet.info.az\/index.php?rest_route=\/wp\/v2\/users\/1"}],"replies":[{"embeddable":true,"href":"https:\/\/hakimiyyet.info.az\/index.php?rest_route=%2Fwp%2Fv2%2Fcomments&post=13525"}],"version-history":[{"count":1,"href":"https:\/\/hakimiyyet.info.az\/index.php?rest_route=\/wp\/v2\/posts\/13525\/revisions"}],"predecessor-version":[{"id":13526,"href":"https:\/\/hakimiyyet.info.az\/index.php?rest_route=\/wp\/v2\/posts\/13525\/revisions\/13526"}],"wp:attachment":[{"href":"https:\/\/hakimiyyet.info.az\/index.php?rest_route=%2Fwp%2Fv2%2Fmedia&parent=13525"}],"wp:term":[{"taxonomy":"category","embeddable":true,"href":"https:\/\/hakimiyyet.info.az\/index.php?rest_route=%2Fwp%2Fv2%2Fcategories&post=13525"},{"taxonomy":"post_tag","embeddable":true,"href":"https:\/\/hakimiyyet.info.az\/index.php?rest_route=%2Fwp%2Fv2%2Ftags&post=13525"}],"curies":[{"name":"wp","href":"https:\/\/api.w.org\/{rel}","templated":true}]}}