{"id":13527,"date":"2020-02-20T23:30:15","date_gmt":"2020-02-20T19:30:15","guid":{"rendered":"https:\/\/www.hakimiyyet.com\/?p=13527"},"modified":"2020-02-20T23:30:15","modified_gmt":"2020-02-20T19:30:15","slug":"ilham-%c9%99liyev-italiya-respublikasi-deputatlar-palatasinin-s%c9%99dri-roberto-fiko-il%c9%99-gorusub","status":"publish","type":"post","link":"https:\/\/hakimiyyet.info.az\/?p=13527","title":{"rendered":"\u0130lham \u018fliyev \u0130taliya Respublikas\u0131 Deputatlar Palatas\u0131n\u0131n s\u0259dri Roberto Fiko il\u0259 g\u00f6r\u00fc\u015f\u00fcb"},"content":{"rendered":"<p>Az\u0259rbaycan Respublikas\u0131n\u0131n Prezidenti \u0130lham \u018fliyev fevral\u0131n 20-d\u0259 \u0130taliya Respublikas\u0131 Deputatlar Palatas\u0131n\u0131n s\u0259dri Roberto Fiko il\u0259 g\u00f6r\u00fc\u015f\u00fcb.<\/p>\n<p>Prezident \u0130lham \u018fliyev \u0130taliyaya d\u00f6vl\u0259t s\u0259f\u0259rin\u0259 d\u0259v\u0259t olunmas\u0131na g\u00f6r\u0259 t\u0259\u015f\u0259kk\u00fcr\u00fcn\u00fc ifad\u0259 etdi. D\u00f6vl\u0259timizin ba\u015f\u00e7\u0131s\u0131 bildirdi ki, s\u0259f\u0259r \u00e7\u0259r\u00e7iv\u0259sind\u0259 bu g\u00fcn imzalanan v\u0259 sabah imzalanacaq s\u0259n\u0259dl\u0259rin say\u0131 25-d\u0259n \u00e7oxdur. \u0130mzalanan s\u0259n\u0259dl\u0259r i\u00e7\u0259risind\u0259 \u201c\u00c7ox\u00f6l\u00e7\u00fcl\u00fc Strateji T\u0259r\u0259fda\u015fl\u0131\u011f\u0131n g\u00fccl\u0259ndirilm\u0259sin\u0259 dair Birg\u0259 B\u0259yannam\u0259\u201d x\u00fcsusi \u0259h\u0259miyy\u0259t\u0259 malikdir. Bu b\u0259yannam\u0259 t\u0259sdiq edir ki, Az\u0259rbaycan v\u0259 \u0130taliya strateji t\u0259r\u0259fda\u015flard\u0131r. \u0130taliya iqtisadi sah\u0259d\u0259 Az\u0259rbaycan\u0131n bir n\u00f6mr\u0259li t\u0259r\u0259fda\u015f\u0131d\u0131r. \u00d6lk\u0259l\u0259rimiz aras\u0131nda ticar\u0259t d\u00f6vriyy\u0259si \u00e7ox\u015fax\u0259lidir v\u0259 daim geni\u015fl\u0259nir. \u0130taliya \u015firk\u0259tl\u0259ri Az\u0259rbaycanda iqtisadiyyat\u0131n m\u00fcxt\u0259lif sah\u0259l\u0259rind\u0259, x\u00fcsusil\u0259 d\u0259 qeyri-neft sektorunda \u00e7ox geni\u015f t\u0259msil olunurlar. S\u0259f\u0259r \u00e7\u0259r\u00e7iv\u0259sind\u0259 ke\u00e7iril\u0259c\u0259k biznes forumda apar\u0131lacaq m\u00fczakir\u0259l\u0259r v\u0259 \u0259ld\u0259 olunacaq raz\u0131la\u015fmalar \u00f6lk\u0259l\u0259rimiz aras\u0131nda ticar\u0259t d\u00f6vriyy\u0259sinin daha da artmas\u0131na t\u0259kan ver\u0259c\u0259k. C\u0259nubi Qafqaz \u00f6lk\u0259l\u0259ri aras\u0131nda \u0130taliyan\u0131n ticar\u0259t d\u00f6vriyy\u0259sinin 92 faizi m\u0259hz Az\u0259rbaycan\u0131n pay\u0131na d\u00fc\u015f\u00fcr. Haz\u0131rda Az\u0259rbaycan il\u0259 \u0130taliya aras\u0131nda ticar\u0259t d\u00f6vriyy\u0259sinin h\u0259cmi 6 milyard dollardan art\u0131qd\u0131r. TAP layih\u0259sinin ba\u015fa \u00e7atmas\u0131ndan sonra bu r\u0259q\u0259min daha da artmas\u0131 g\u00f6zl\u0259nilir. TAP layih\u0259si vasit\u0259sil\u0259 Az\u0259rbaycan t\u0259bii qaz\u0131 \u0130taliya bazar\u0131na daxil olacaq.<\/p>\n<p>D\u00f6vl\u0259timizin ba\u015f\u00e7\u0131s\u0131 bildirdi ki, parlamentl\u0259raras\u0131 \u0259laq\u0259l\u0259r \u0259m\u0259kda\u015fl\u0131\u011f\u0131m\u0131zda \u00e7ox m\u00fch\u00fcm \u0259h\u0259miyy\u0259t k\u0259sb edir. Bu yax\u0131nlarda Az\u0259rbaycanda parlament se\u00e7kil\u0259ri ke\u00e7irildi. Az\u0259rbaycan v\u0259 \u0130taliya parlamentl\u0259ri beyn\u0259lxalq t\u0259\u015fkilatlar \u00e7\u0259r\u00e7iv\u0259sind\u0259 d\u0259 \u0259m\u0259kda\u015fl\u0131q edirl\u0259r.<\/p>\n<p>Prezident \u0130lham \u018fliyev Erm\u0259nistan-Az\u0259rbaycan Da\u011fl\u0131q Qaraba\u011f m\u00fcnaqi\u015f\u0259sinin h\u0259lli il\u0259 ba\u011fl\u0131 Az\u0259rbaycan\u0131n m\u00f6vqeyini bir daha diqq\u0259t\u0259 \u00e7atd\u0131rd\u0131. D\u00f6vl\u0259timizin ba\u015f\u00e7\u0131s\u0131 Erm\u0259nistan-Az\u0259rbaycan Da\u011fl\u0131q Qaraba\u011f m\u00fcnaqi\u015f\u0259si il\u0259 \u0259laq\u0259dar \u0130taliyan\u0131n m\u00f6vqeyini y\u00fcks\u0259k qiym\u0259tl\u0259ndirdi. Prezident \u0130lham \u018fliyev strateji t\u0259r\u0259fda\u015fl\u0131\u011f\u0131n g\u00fccl\u0259ndirilm\u0259si il\u0259 ba\u011fl\u0131 Birg\u0259 B\u0259yannam\u0259d\u0259 \u0130taliyan\u0131n \u00f6lk\u0259mizin \u0259razi b\u00fct\u00f6vl\u00fcy\u00fc, suverenliyi v\u0259 s\u0259rh\u0259dl\u0259rinin toxunulmazl\u0131\u011f\u0131na ifad\u0259 olunan d\u0259st\u0259yinin, m\u00fcnaqi\u015f\u0259nin BMT v\u0259 AT\u018fT-in m\u00fcvafiq s\u0259n\u0259dl\u0259ri \u0259sas\u0131nda h\u0259llin\u0259 dair m\u00f6vqeyinin t\u0259qdir olundu\u011funu qeyd etdi. H\u0259m\u00e7inin \u0130taliyan\u0131n Az\u0259rbaycan\u0131n Avropa \u0130ttifaq\u0131 il\u0259 \u0259laq\u0259l\u0259rinin inki\u015faf\u0131na verdiyi d\u0259st\u0259k y\u00fcks\u0259k d\u0259y\u0259rl\u0259ndirildi.<\/p>\n<p>Deputatlar Palatas\u0131n\u0131n s\u0259dri Roberto Fiko Az\u0259rbaycan il\u0259 \u0130taliya aras\u0131nda \u0259laq\u0259l\u0259rin dostluq xarakteri da\u015f\u0131d\u0131\u011f\u0131n\u0131 qeyd etdi. O, Az\u0259rbaycan\u0131n \u0130taliyan\u0131n m\u00fch\u00fcm ticar\u0259t t\u0259r\u0259fda\u015flar\u0131ndan biri oldu\u011funu vur\u011fulad\u0131. Bu s\u0259f\u0259rin iki \u00f6lk\u0259 aras\u0131nda m\u00fcnasib\u0259tl\u0259rin daha da inki\u015faf\u0131na v\u0259 d\u0259rinl\u0259\u015fm\u0259sin\u0259 ciddi t\u0259kan ver\u0259c\u0259yini bildirdi.<\/p>\n<p>D\u00f6vl\u0259timizin ba\u015f\u00e7\u0131s\u0131 Roberto Fikonu Az\u0259rbaycana s\u0259f\u0259r\u0259 d\u0259v\u0259t etdi. Deputatlar Palatas\u0131n\u0131n s\u0259dri m\u00fcnasib vaxtda \u00f6lk\u0259miz\u0259 s\u0259f\u0259r etm\u0259k arzusunda oldu\u011funu dedi. O, \u0259minliyini bildirdi ki, sabah ke\u00e7iril\u0259c\u0259k biznes forum, imzalanacaq s\u0259n\u0259dl\u0259r \u0130taliya il\u0259 Az\u0259rbaycan aras\u0131nda \u0259m\u0259kda\u015fl\u0131\u011f\u0131n inki\u015faf\u0131na yeni t\u0259kan ver\u0259c\u0259k. Deputatlar Palatas\u0131n\u0131n s\u0259dri qeyd etdi ki, \u0130taliya \u015firk\u0259tl\u0259rinin Az\u0259rbaycanda m\u00fcxt\u0259lif layih\u0259l\u0259rd\u0259 i\u015ftirak\u0131 onlar\u0131n texniki bilikl\u0259rinin \u00f6lk\u0259miz\u0259 \u00f6t\u00fcr\u00fclm\u0259si bax\u0131m\u0131ndan da m\u00fch\u00fcm \u0259h\u0259miyy\u0259t k\u0259sb edir.<\/p>\n<div class=\"article-carousel fotorama fotorama1582226750616\" data-autoplay=\"true\" data-ratio=\"660\/430\" data-width=\"100%\">\n<div class=\"fotorama__wrap fotorama__wrap--css3 fotorama__wrap--slide fotorama__wrap--toggle-arrows fotorama__wrap--no-controls\">\n<div class=\"fotorama__stage fotorama__pointer\">\n<div class=\"fotorama__stage__shaft\">\n<div class=\"fotorama__stage__frame fotorama__loaded fotorama__loaded--img\"><img decoding=\"async\" loading=\"lazy\" class=\"fotorama__img\" src=\"https:\/\/static.president.az\/media\/W1siZiIsIjIwMjAvMDIvMjAvMzZmemJkb29idV8wMS5qcGciXSxbInAiLCJ0aHVtYiIsIjEzNDB4MTAyMCJdXQ?sha=d2328baf8999aa84\" width=\"456\" height=\"328\" \/><\/div>\n<div class=\"fotorama__stage__frame fotorama__loaded fotorama__loaded--img fotorama__active\"><img decoding=\"async\" loading=\"lazy\" class=\"fotorama__img\" src=\"https:\/\/static.president.az\/media\/W1siZiIsIjIwMjAvMDIvMjAvNm9hOGJqeDRoNF8wMi5qcGciXSxbInAiLCJ0aHVtYiIsIjEzNDB4MTAyMCJdXQ?sha=c572691e7a02fb43\" width=\"454\" height=\"345\" \/><\/div>\n<div class=\"fotorama__stage__frame fotorama__loaded fotorama__loaded--img\"><img decoding=\"async\" loading=\"lazy\" class=\"fotorama__img\" src=\"https:\/\/static.president.az\/media\/W1siZiIsIjIwMjAvMDIvMjAvM2prdGE5NzQ1a18wMy5qcGciXSxbInAiLCJ0aHVtYiIsIjEzNDB4MTAyMCJdXQ?sha=3e842ed6a9b86a8b\" width=\"454\" height=\"343\" \/><\/div>\n<\/div>\n<div class=\"fotorama__arr fotorama__arr--prev\" tabindex=\"0\" role=\"button\"><\/div>\n<div class=\"fotorama__arr fotorama__arr--next\" tabindex=\"0\" role=\"button\"><\/div>\n<div class=\"fotorama__video-close\"><\/div>\n<\/div>\n<div class=\"fotorama__nav-wrap\">\n<div class=\"fotorama__nav fotorama__nav--dots\">\n<div class=\"fotorama__nav__shaft\">\n<div class=\"fotorama__nav__frame fotorama__nav__frame--dot\" tabindex=\"0\" role=\"button\">\n<div class=\"fotorama__dot\"><\/div>\n<\/div>\n<div class=\"fotorama__nav__frame fotorama__nav__frame--dot fotorama__active\" tabindex=\"0\" role=\"button\">\n<div class=\"fotorama__dot\"><\/div>\n<\/div>\n<div class=\"fotorama__nav__frame fotorama__nav__frame--dot\" tabindex=\"0\" role=\"button\">\n<div class=\"fotorama__dot\"><\/div>\n<\/div>\n<div class=\"fotorama__nav__frame fotorama__nav__frame--dot\" tabindex=\"0\" role=\"button\">\n<div class=\"fotorama__dot\"><\/div>\n<\/div>\n<div class=\"fotorama__nav__frame fotorama__nav__frame--dot\" tabindex=\"0\" role=\"button\">\n<div class=\"fotorama__dot\"><\/div>\n<\/div>\n<\/div>\n<\/div>\n<\/div>\n<\/div>\n<\/div>\n<div class=\"link-to_block\"><\/div>\n","protected":false},"excerpt":{"rendered":"<p>Az\u0259rbaycan Respublikas\u0131n\u0131n Prezidenti \u0130lham \u018fliyev fevral\u0131n 20-d\u0259 \u0130taliya Respublikas\u0131 Deputatlar Palatas\u0131n\u0131n s\u0259dri Roberto Fiko il\u0259 g\u00f6r\u00fc\u015f\u00fcb. Prezident \u0130lham \u018fliyev \u0130taliyaya&hellip;<\/p>\n","protected":false},"author":2,"featured_media":0,"comment_status":"closed","ping_status":"closed","sticky":false,"template":"","format":"standard","meta":{"om_disable_all_campaigns":false,"_monsterinsights_skip_tracking":false,"_uf_show_specific_survey":0,"_uf_disable_surveys":false,"footnotes":""},"categories":[23,7,5],"tags":[],"aioseo_notices":[],"_links":{"self":[{"href":"https:\/\/hakimiyyet.info.az\/index.php?rest_route=\/wp\/v2\/posts\/13527"}],"collection":[{"href":"https:\/\/hakimiyyet.info.az\/index.php?rest_route=\/wp\/v2\/posts"}],"about":[{"href":"https:\/\/hakimiyyet.info.az\/index.php?rest_route=\/wp\/v2\/types\/post"}],"author":[{"embeddable":true,"href":"https:\/\/hakimiyyet.info.az\/index.php?rest_route=\/wp\/v2\/users\/2"}],"replies":[{"embeddable":true,"href":"https:\/\/hakimiyyet.info.az\/index.php?rest_route=%2Fwp%2Fv2%2Fcomments&post=13527"}],"version-history":[{"count":1,"href":"https:\/\/hakimiyyet.info.az\/index.php?rest_route=\/wp\/v2\/posts\/13527\/revisions"}],"predecessor-version":[{"id":13528,"href":"https:\/\/hakimiyyet.info.az\/index.php?rest_route=\/wp\/v2\/posts\/13527\/revisions\/13528"}],"wp:attachment":[{"href":"https:\/\/hakimiyyet.info.az\/index.php?rest_route=%2Fwp%2Fv2%2Fmedia&parent=13527"}],"wp:term":[{"taxonomy":"category","embeddable":true,"href":"https:\/\/hakimiyyet.info.az\/index.php?rest_route=%2Fwp%2Fv2%2Fcategories&post=13527"},{"taxonomy":"post_tag","embeddable":true,"href":"https:\/\/hakimiyyet.info.az\/index.php?rest_route=%2Fwp%2Fv2%2Ftags&post=13527"}],"curies":[{"name":"wp","href":"https:\/\/api.w.org\/{rel}","templated":true}]}}