{"id":13547,"date":"2020-02-21T01:52:35","date_gmt":"2020-02-20T21:52:35","guid":{"rendered":"https:\/\/www.hakimiyyet.com\/?p=13547"},"modified":"2020-02-21T01:52:48","modified_gmt":"2020-02-20T21:52:48","slug":"vyanada-at%c9%99t-parlament-assambleyasinin-daimi-komit%c9%99sinin-iclasi-kecirilib","status":"publish","type":"post","link":"https:\/\/hakimiyyet.info.az\/?p=13547","title":{"rendered":"Vyanada AT\u018fT Parlament Assambleyas\u0131n\u0131n Daimi Komit\u0259sinin iclas\u0131 ke\u00e7irilib"},"content":{"rendered":"<p>Fevral\u0131n 20-d\u0259 Vyanada AT\u018fT Parlament Assambleyas\u0131n\u0131n (AT\u018fT PA) Daimi Komit\u0259sinin iclas\u0131 ke\u00e7irilib.<\/p>\n<p>Erm\u0259nistan n\u00fcmay\u0259nd\u0259 hey\u0259tinin r\u0259hb\u0259ri Hayk Koncoryan \u00e7\u0131x\u0131\u015f\u0131nda AT\u018fT PA-n\u0131n prezidentinin bu \u00f6lk\u0259y\u0259 s\u0259f\u0259rind\u0259n b\u0259hs edib, eyni zamanda, AT\u018fT-in t\u0259sisatlar\u0131n\u0131n v\u0259 dig\u0259r beyn\u0259lxalq qurumlar\u0131n qondarma Da\u011fl\u0131q Qaraba\u011fda ke\u00e7iril\u0259c\u0259k se\u00e7kil\u0259ri m\u00fc\u015fahid\u0259 etm\u0259sinin arzuedil\u0259n oldu\u011funu vur\u011fulay\u0131b.<\/p>\n<p>Az\u0259rbaycan\u0131n AT\u018fT PA-dak\u0131 n\u00fcmay\u0259nd\u0259 hey\u0259ti r\u0259hb\u0259rinin m\u00fcavini Tahir Mirki\u015fili \u00e7\u0131x\u0131\u015f\u0131nda qeyd edib ki, AT\u018fT-in i\u015ftirak\u00e7\u0131s\u0131 oldu\u011fu \u00f6lk\u0259l\u0259rd\u0259 se\u00e7kil\u0259rin m\u00fc\u015fahid\u0259sini t\u0259\u015fkilat\u0131n m\u00fcvafiq qurumlar\u0131 h\u0259yata ke\u00e7irir v\u0259 bu proses \u00f6lk\u0259l\u0259rin beyn\u0259lxalq h\u00fcquqla t\u0259sbit olunmu\u015f \u0259razi suverenliyin\u0259 h\u00f6rm\u0259t \u0259sas\u0131nda ba\u015f tutur.<\/p>\n<p>Fevral\u0131n 9-da \u00f6lk\u0259mizd\u0259 n\u00f6vb\u0259d\u0259nk\u0259nar parlament se\u00e7kil\u0259rinin ke\u00e7irildiyini qeyd ed\u0259n T.Mirki\u015fili deyib ki, Az\u0259rbaycan v\u0259t\u0259nda\u015flar\u0131 bu se\u00e7kil\u0259rd\u0259 f\u0259al i\u015ftirak edib v\u0259 s\u0259sverm\u0259 h\u00fcququndan yararlan\u0131b. H\u0259m\u00e7inin bildirilib ki, Az\u0259rbaycanda m\u00f6vcud 125 se\u00e7ki dair\u0259sind\u0259n 7-nin Erm\u0259nistan\u0131n t\u0259cav\u00fcz\u00fc n\u0259tic\u0259sind\u0259 \u0259razisi tamamil\u0259, 3-n\u00fcn is\u0259 qism\u0259n i\u015f\u011fal edilmi\u015f rayonlarda yerl\u0259\u015fm\u0259si s\u0259b\u0259bind\u0259n h\u0259min \u0259razil\u0259rd\u0259n did\u0259rgin sal\u0131nm\u0131\u015f m\u0259cburi k\u00f6\u00e7k\u00fcnl\u0259rin konstitusion s\u0259sverm\u0259 h\u00fcquqlar\u0131ndan \u00f6z ata-baba yurdlar\u0131nda deyil, \u00f6lk\u0259boyu yarad\u0131lm\u0131\u015f 523 se\u00e7ki m\u0259nt\u0259q\u0259sind\u0259 yararlan\u0131b. Bu, h\u0259m\u00e7inin AT\u018fT-in Demokratik T\u0259sisatlar v\u0259 \u0130nsan H\u00fcquqlar\u0131 B\u00fcrosunun se\u00e7ki m\u00fc\u015fahid\u0259 missiyas\u0131n\u0131n aral\u0131q hesabat\u0131nda da \u0259ks olunub.<\/p>\n<p>Az\u0259rbaycan\u0131n Erm\u0259nistan t\u0259r\u0259find\u0259n i\u015f\u011fal edilmi\u015f Da\u011fl\u0131q Qaraba\u011f b\u00f6lg\u0259sind\u0259ki erm\u0259ni m\u0259n\u015f\u0259li Az\u0259rbaycan v\u0259t\u0259nda\u015flar\u0131 M\u0259rk\u0259zi Se\u00e7ki Komissiyas\u0131, el\u0259c\u0259 d\u0259 Az\u0259rbaycan\u0131n Da\u011fl\u0131q Qaraba\u011f b\u00f6lg\u0259sinin az\u0259rbaycanl\u0131 icmas\u0131 t\u0259r\u0259find\u0259n parlament se\u00e7kil\u0259rind\u0259 s\u0259sverm\u0259d\u0259 i\u015ftiraka d\u0259v\u0259t olunublar. Lakin Erm\u0259nistan\u0131n i\u015f\u011fal\u00e7\u0131 siyas\u0259ti h\u0259min \u0259razid\u0259 ya\u015fayan Az\u0259rbaycan v\u0259t\u0259nda\u015flar\u0131n\u0131n \u00f6z se\u00e7ki h\u00fcquqlar\u0131ndan istifad\u0259 etm\u0259l\u0259rin\u0259 imkan vermir.<\/p>\n<div id=\"adsGardenCloud0158223545106780\">\n<div class=\"inpage\">\n<div class=\"inpage-wrap\">\n<div class=\"inpage-video\">\n<div id=\"adsgarden2019video\" class=\"video-js vjs5-hola-skin vjs-controls-disabled vjs-workinghover vjs-small adsgarden2019video-dimensions vjs-has-started vjs-ima-ad vjs-pos-started vjs-paused vjs-ad-playing vjs-user-inactive\" role=\"region\" data-fb-disable-controls=\"\" aria-label=\"video player\">\n<div class=\"vjs-menu vjs-settings-menu\" role=\"presentation\">\n<div class=\"vjs-menu-content vjs-speed-submenu\" role=\"menu\"><\/div>\n<div class=\"vjs-menu-content vjs-captions-submenu\" role=\"menu\"><\/div>\n<div class=\"vjs-menu-content vjs-quality-submenu\" role=\"menu\"><\/div>\n<\/div>\n<div id=\"adsgarden2019video_ima-ad-container\" class=\"adsgarden2019video_ima-ad-container ima-ad-container\">\n<div><\/div>\n<\/div>\n<\/div>\n<\/div>\n<\/div>\n<\/div>\n<\/div>\n<p>T.Mirki\u015fili \u00e7\u0131x\u0131\u015f\u0131n\u0131n sonunda Erm\u0259nistan n\u00fcmay\u0259nd\u0259 hey\u0259tin\u0259 \u00e7a\u011f\u0131r\u0131\u015f edib: \u201c\u0130\u015f\u011fala son qoyun, i\u015f\u011fal\u00e7\u0131 ordunuzu Da\u011fl\u0131q Qaraba\u011f v\u0259 \u0259traf rayonlardan \u00e7\u0131xar\u0131n, sonra oradak\u0131 az\u0259rbaycanl\u0131 v\u0259 erm\u0259ni \u0259silli Az\u0259rbaycan v\u0259t\u0259nda\u015flar\u0131n\u0131n h\u00fcquqlar\u0131n\u0131n qorunmas\u0131na v\u0259 onlar\u0131n se\u00e7ib-se\u00e7ilm\u0259k h\u00fcququndan nec\u0259 istifad\u0259 etm\u0259l\u0259rin\u0259 b\u00fct\u00fcn d\u00fcnya \u015fahidlik etsin\u201d.<\/p>\n<p><em><strong>Elg\u00fcn Nift\u0259li<\/strong><\/em><\/p>\n<p><em><strong><a class=\"azertac-link\" href=\"https:\/\/azertag.az\/\" target=\"_blank\" rel=\"noopener noreferrer\">AZ\u018fRTAC<\/a>-\u0131n x\u00fcsusi m\u00fcxbiri<\/strong><\/em><\/p>\n<p><em><strong>Vyana<\/strong><\/em><\/p>\n","protected":false},"excerpt":{"rendered":"<p>Fevral\u0131n 20-d\u0259 Vyanada AT\u018fT Parlament Assambleyas\u0131n\u0131n (AT\u018fT PA) Daimi Komit\u0259sinin iclas\u0131 ke\u00e7irilib. Erm\u0259nistan n\u00fcmay\u0259nd\u0259 hey\u0259tinin r\u0259hb\u0259ri Hayk Koncoryan \u00e7\u0131x\u0131\u015f\u0131nda AT\u018fT&hellip;<\/p>\n","protected":false},"author":2,"featured_media":0,"comment_status":"closed","ping_status":"closed","sticky":false,"template":"","format":"standard","meta":{"om_disable_all_campaigns":false,"_monsterinsights_skip_tracking":false,"_uf_show_specific_survey":0,"_uf_disable_surveys":false,"footnotes":""},"categories":[7],"tags":[],"aioseo_notices":[],"_links":{"self":[{"href":"https:\/\/hakimiyyet.info.az\/index.php?rest_route=\/wp\/v2\/posts\/13547"}],"collection":[{"href":"https:\/\/hakimiyyet.info.az\/index.php?rest_route=\/wp\/v2\/posts"}],"about":[{"href":"https:\/\/hakimiyyet.info.az\/index.php?rest_route=\/wp\/v2\/types\/post"}],"author":[{"embeddable":true,"href":"https:\/\/hakimiyyet.info.az\/index.php?rest_route=\/wp\/v2\/users\/2"}],"replies":[{"embeddable":true,"href":"https:\/\/hakimiyyet.info.az\/index.php?rest_route=%2Fwp%2Fv2%2Fcomments&post=13547"}],"version-history":[{"count":2,"href":"https:\/\/hakimiyyet.info.az\/index.php?rest_route=\/wp\/v2\/posts\/13547\/revisions"}],"predecessor-version":[{"id":13549,"href":"https:\/\/hakimiyyet.info.az\/index.php?rest_route=\/wp\/v2\/posts\/13547\/revisions\/13549"}],"wp:attachment":[{"href":"https:\/\/hakimiyyet.info.az\/index.php?rest_route=%2Fwp%2Fv2%2Fmedia&parent=13547"}],"wp:term":[{"taxonomy":"category","embeddable":true,"href":"https:\/\/hakimiyyet.info.az\/index.php?rest_route=%2Fwp%2Fv2%2Fcategories&post=13547"},{"taxonomy":"post_tag","embeddable":true,"href":"https:\/\/hakimiyyet.info.az\/index.php?rest_route=%2Fwp%2Fv2%2Ftags&post=13547"}],"curies":[{"name":"wp","href":"https:\/\/api.w.org\/{rel}","templated":true}]}}