{"id":13945,"date":"2020-02-24T18:45:53","date_gmt":"2020-02-24T14:45:53","guid":{"rendered":"https:\/\/www.hakimiyyet.com\/?p=13945"},"modified":"2020-02-24T18:45:53","modified_gmt":"2020-02-24T14:45:53","slug":"az%c9%99rbaycan-idman-jurnalistl%c9%99ri-federasiyasi-milli-karate-federasiyasi-il%c9%99-%c9%99m%c9%99kdasliga-baslayib","status":"publish","type":"post","link":"https:\/\/hakimiyyet.info.az\/?p=13945","title":{"rendered":"Az\u0259rbaycan \u0130dman Jurnalistl\u0259ri Federasiyas\u0131 Milli Karate Federasiyas\u0131 il\u0259 \u0259m\u0259kda\u015fl\u0131\u011fa ba\u015flay\u0131b"},"content":{"rendered":"<p>Fevral\u0131n 24-d\u0259 Az\u0259rbaycan \u0130dman Jurnalistl\u0259ri Federasiyas\u0131 (A\u0130JF) il\u0259 Az\u0259rbaycan Milli Karate Federasiyas\u0131 (AMKF) aras\u0131nda \u0259m\u0259kda\u015fl\u0131q haqq\u0131nda memorandum imzalan\u0131b.<\/p>\n<p><a class=\"azertac-link\" href=\"https:\/\/azertag.az\/\" target=\"_blank\" rel=\"noopener noreferrer\">AZ\u018fRTAC<\/a>\u00a0x\u0259b\u0259r verir ki, s\u0259n\u0259di A\u0130JF \u0130dar\u0259 Hey\u0259tinin s\u0259dri Qabil Mehdiyev v\u0259 AMKF-in prezidenti Ya\u015far B\u0259\u015firov imzalay\u0131blar.<\/p>\n<p>Y.B\u0259\u015firov yeni yaranan federasiyan\u0131n \u00f6lk\u0259mizd\u0259 idman\u0131n k\u00fctl\u0259viliyi v\u0259 t\u0259bli\u011fi bax\u0131m\u0131ndan rolunu x\u00fcsusi vur\u011fulayaraq bildirib ki, memoranduma \u0259sas\u0259n qurumlar aras\u0131nda birg\u0259 t\u0259dbirl\u0259r t\u0259\u015fkil edil\u0259c\u0259k.<\/p>\n<p>A\u0130JF-in \u0259sas h\u0259d\u0259fl\u0259rind\u0259n biri \u00f6lk\u0259mizd\u0259 idman m\u0259tbuat\u0131n\u0131n inki\u015faf\u0131 il\u0259 yana\u015f\u0131, b\u0259d\u0259n t\u0259rbiy\u0259si v\u0259 idman\u0131n t\u0259bli\u011fi oldu\u011funu dey\u0259n Q.Mehdiyev \u0259m\u0259kda\u015fl\u0131\u011f\u0131n \u0259h\u0259miyy\u0259tini y\u00fcks\u0259k qiym\u0259tl\u0259ndirib.<\/p>\n","protected":false},"excerpt":{"rendered":"<p>Fevral\u0131n 24-d\u0259 Az\u0259rbaycan \u0130dman Jurnalistl\u0259ri Federasiyas\u0131 (A\u0130JF) il\u0259 Az\u0259rbaycan Milli Karate Federasiyas\u0131 (AMKF) aras\u0131nda \u0259m\u0259kda\u015fl\u0131q haqq\u0131nda memorandum imzalan\u0131b. AZ\u018fRTAC\u00a0x\u0259b\u0259r verir&hellip;<\/p>\n","protected":false},"author":2,"featured_media":0,"comment_status":"closed","ping_status":"closed","sticky":false,"template":"","format":"standard","meta":{"om_disable_all_campaigns":false,"_monsterinsights_skip_tracking":false,"_uf_show_specific_survey":0,"_uf_disable_surveys":false,"footnotes":""},"categories":[13,2],"tags":[],"aioseo_notices":[],"_links":{"self":[{"href":"https:\/\/hakimiyyet.info.az\/index.php?rest_route=\/wp\/v2\/posts\/13945"}],"collection":[{"href":"https:\/\/hakimiyyet.info.az\/index.php?rest_route=\/wp\/v2\/posts"}],"about":[{"href":"https:\/\/hakimiyyet.info.az\/index.php?rest_route=\/wp\/v2\/types\/post"}],"author":[{"embeddable":true,"href":"https:\/\/hakimiyyet.info.az\/index.php?rest_route=\/wp\/v2\/users\/2"}],"replies":[{"embeddable":true,"href":"https:\/\/hakimiyyet.info.az\/index.php?rest_route=%2Fwp%2Fv2%2Fcomments&post=13945"}],"version-history":[{"count":1,"href":"https:\/\/hakimiyyet.info.az\/index.php?rest_route=\/wp\/v2\/posts\/13945\/revisions"}],"predecessor-version":[{"id":13946,"href":"https:\/\/hakimiyyet.info.az\/index.php?rest_route=\/wp\/v2\/posts\/13945\/revisions\/13946"}],"wp:attachment":[{"href":"https:\/\/hakimiyyet.info.az\/index.php?rest_route=%2Fwp%2Fv2%2Fmedia&parent=13945"}],"wp:term":[{"taxonomy":"category","embeddable":true,"href":"https:\/\/hakimiyyet.info.az\/index.php?rest_route=%2Fwp%2Fv2%2Fcategories&post=13945"},{"taxonomy":"post_tag","embeddable":true,"href":"https:\/\/hakimiyyet.info.az\/index.php?rest_route=%2Fwp%2Fv2%2Ftags&post=13945"}],"curies":[{"name":"wp","href":"https:\/\/api.w.org\/{rel}","templated":true}]}}