{"id":13947,"date":"2020-02-24T18:51:04","date_gmt":"2020-02-24T14:51:04","guid":{"rendered":"https:\/\/www.hakimiyyet.com\/?p=13947"},"modified":"2020-02-24T18:51:04","modified_gmt":"2020-02-24T14:51:04","slug":"rayan-giqqz-baki-olimpiya-stadionunda-olub","status":"publish","type":"post","link":"https:\/\/hakimiyyet.info.az\/?p=13947","title":{"rendered":"Rayan Giqqz Bak\u0131 Olimpiya Stadionunda olub"},"content":{"rendered":"<p>Futbol \u00fczr\u0259 \u201cAvro-2020\u201dnin A qrupunda T\u00fcrkiy\u0259 v\u0259 \u0130sve\u00e7r\u0259 millil\u0259rin\u0259 qar\u015f\u0131 oyunlar\u0131n\u0131 Bak\u0131 Olimpiya Stadionunda ke\u00e7ir\u0259c\u0259k Uels milli komandas\u0131n\u0131n n\u00fcmay\u0259nd\u0259l\u0259ri Bak\u0131da s\u0259f\u0259rd\u0259dir.<\/p>\n<p><a class=\"azertac-link\" href=\"https:\/\/azertag.az\/\" target=\"_blank\" rel=\"noopener noreferrer\">AZ\u018fRTAC<\/a>\u00a0AFFA-n\u0131n sayt\u0131na istinadla x\u0259b\u0259r verir ki, ba\u015f m\u0259\u015fq\u00e7i Rayan Giqqz, media v\u0259 marketinq meneceri \u0130an Guiyn Hughes, t\u0259hl\u00fck\u0259sizlik departamentinin r\u0259isi Qrant A\u015fton Briggs v\u0259 kit menecer David Tudor Griffitsin daxil oldu\u011fu n\u00fcmay\u0259nd\u0259 hey\u0259ti fevral\u0131n 24-d\u0259 stadionlara bax\u0131\u015f ke\u00e7irib, infrastrukturla yax\u0131ndan tan\u0131\u015f olub.<\/p>\n<p><img decoding=\"async\" loading=\"lazy\" class=\"alignleft\" src=\"https:\/\/azertag.az\/files\/galleryphoto\/2020\/1\/1000x669\/15825551685469022667_1000x669.jpg\" width=\"402\" height=\"302\" \/><\/p>\n<p><img decoding=\"async\" loading=\"lazy\" class=\"alignleft\" src=\"https:\/\/azertag.az\/files\/galleryphoto\/2020\/1\/1000x669\/15825551685657257407_1000x669.jpg\" width=\"401\" height=\"301\" \/><\/p>\n<p><img decoding=\"async\" loading=\"lazy\" class=\"alignleft\" src=\"https:\/\/azertag.az\/files\/galleryphoto\/2020\/1\/1000x669\/15825551684454065026_1000x669.jpg\" width=\"401\" height=\"301\" \/><\/p>\n<p>Bak\u0131 Olimpiya Stadionunda oldu\u011fu zaman\u0131 ba\u015f m\u0259\u015fq\u00e7i R.Giqqz bir s\u0131ra yerli klublar\u0131n a\u015fa\u011f\u0131 ya\u015f qruplar\u0131ndan ibar\u0259t komandalar\u0131n\u0131n futbol\u00e7ular\u0131na avtoqraf verib, onlarla s\u00f6hb\u0259t edib v\u0259 xatir\u0259 \u015f\u0259kill\u0259ri \u00e7\u0259kdirib.<\/p>\n<p>Daha sonra \u201cAvro-2020\u201d il\u0259 \u0259laq\u0259dar yarad\u0131lm\u0131\u015f Yerli T\u0259\u015fkil Komit\u0259sinin ofisind\u0259 qonaq olan R.Giqqz, ard\u0131nca K\u00f6n\u00fcll\u00fcl\u0259r M\u0259rk\u0259zind\u0259 k\u00f6n\u00fcll\u00fcl\u0259rl\u0259 g\u00f6r\u00fc\u015f\u00fcb.<\/p>\n<p>Uels millisi iyunun 13-d\u0259 \u0130sve\u00e7r\u0259, iyunun 17-d\u0259 is\u0259 T\u00fcrkiy\u0259 milli komandalar\u0131na qar\u015f\u0131 oyunlar\u0131n\u0131 Bak\u0131 Olimpiya Stadionunda ke\u00e7ir\u0259c\u0259k.<\/p>\n","protected":false},"excerpt":{"rendered":"<p>Futbol \u00fczr\u0259 \u201cAvro-2020\u201dnin A qrupunda T\u00fcrkiy\u0259 v\u0259 \u0130sve\u00e7r\u0259 millil\u0259rin\u0259 qar\u015f\u0131 oyunlar\u0131n\u0131 Bak\u0131 Olimpiya Stadionunda ke\u00e7ir\u0259c\u0259k Uels milli komandas\u0131n\u0131n n\u00fcmay\u0259nd\u0259l\u0259ri Bak\u0131da&hellip;<\/p>\n","protected":false},"author":2,"featured_media":0,"comment_status":"closed","ping_status":"closed","sticky":false,"template":"","format":"standard","meta":{"om_disable_all_campaigns":false,"_monsterinsights_skip_tracking":false,"_uf_show_specific_survey":0,"_uf_disable_surveys":false,"footnotes":""},"categories":[13,2],"tags":[],"aioseo_notices":[],"_links":{"self":[{"href":"https:\/\/hakimiyyet.info.az\/index.php?rest_route=\/wp\/v2\/posts\/13947"}],"collection":[{"href":"https:\/\/hakimiyyet.info.az\/index.php?rest_route=\/wp\/v2\/posts"}],"about":[{"href":"https:\/\/hakimiyyet.info.az\/index.php?rest_route=\/wp\/v2\/types\/post"}],"author":[{"embeddable":true,"href":"https:\/\/hakimiyyet.info.az\/index.php?rest_route=\/wp\/v2\/users\/2"}],"replies":[{"embeddable":true,"href":"https:\/\/hakimiyyet.info.az\/index.php?rest_route=%2Fwp%2Fv2%2Fcomments&post=13947"}],"version-history":[{"count":1,"href":"https:\/\/hakimiyyet.info.az\/index.php?rest_route=\/wp\/v2\/posts\/13947\/revisions"}],"predecessor-version":[{"id":13948,"href":"https:\/\/hakimiyyet.info.az\/index.php?rest_route=\/wp\/v2\/posts\/13947\/revisions\/13948"}],"wp:attachment":[{"href":"https:\/\/hakimiyyet.info.az\/index.php?rest_route=%2Fwp%2Fv2%2Fmedia&parent=13947"}],"wp:term":[{"taxonomy":"category","embeddable":true,"href":"https:\/\/hakimiyyet.info.az\/index.php?rest_route=%2Fwp%2Fv2%2Fcategories&post=13947"},{"taxonomy":"post_tag","embeddable":true,"href":"https:\/\/hakimiyyet.info.az\/index.php?rest_route=%2Fwp%2Fv2%2Ftags&post=13947"}],"curies":[{"name":"wp","href":"https:\/\/api.w.org\/{rel}","templated":true}]}}