{"id":14326,"date":"2020-02-28T23:49:21","date_gmt":"2020-02-28T19:49:21","guid":{"rendered":"https:\/\/www.hakimiyyet.com\/?p=14326"},"modified":"2020-02-28T23:49:21","modified_gmt":"2020-02-28T19:49:21","slug":"az%c9%99rbaycan-hokum%c9%99ti-huquq-muhafiz%c9%99-orqanlarina-gost%c9%99ris-verib","status":"publish","type":"post","link":"https:\/\/hakimiyyet.info.az\/?p=14326","title":{"rendered":"Az\u0259rbaycan h\u00f6kum\u0259ti h\u00fcquq-m\u00fchafiz\u0259 orqanlar\u0131na g\u00f6st\u0259ri\u015f verib"},"content":{"rendered":"<p>\u0130ran \u0130slam Respublikas\u0131ndan Az\u0259rbaycan \u0259razisin\u0259 ke\u00e7\u0259n v\u0259 yoxlan\u0131lmaq \u00fc\u00e7\u00fcn karantin yerl\u0259rin\u0259 g\u00f6t\u00fcr\u00fclm\u00fc\u015f \u015f\u0259xsl\u0259r v\u0259 onlar\u0131n yax\u0131nlar\u0131 b\u0259zi hallarda ictimai qaydalar\u0131 kobudcas\u0131na pozur, tibbi hey\u0259t\u0259 qar\u015f\u0131 zor t\u0259tbiq edir, m\u00fcayin\u0259nin normal \u015f\u0259raitd\u0259 apar\u0131lmas\u0131na mane olurlar.<\/p>\n<p><a href=\"http:\/\/az.trend.az\/\" target=\"_blank\" rel=\"noopener noreferrer\">Trend<\/a>\u00a0Nazirl\u0259r Kabineti yan\u0131nda operativ q\u0259rargah\u0131n m\u0259lumat\u0131na istinad\u0259n x\u0259b\u0259r verir ki, koronavirusun yay\u0131lmas\u0131 t\u0259hl\u00fck\u0259sin\u0259 qar\u015f\u0131 g\u00f6r\u00fcl\u0259n t\u0259dbirl\u0259rin normal \u015f\u0259raitd\u0259 h\u0259yata ke\u00e7irilm\u0259sini t\u0259min etm\u0259k m\u0259qs\u0259dil\u0259 Nazirl\u0259r Kabineti yan\u0131nda operativ q\u0259rargah h\u00fcquq-m\u00fchafiz\u0259 orqanlar\u0131na bel\u0259 hallar\u0131n qar\u015f\u0131s\u0131n\u0131n al\u0131nmas\u0131 il\u0259 ba\u011fl\u0131 g\u00f6st\u0259ri\u015f verib.<\/p>\n<p>Karantin normalar\u0131n\u0131 pozan, tibbi hey\u0259tin normal i\u015f rejimin\u0259 mane olan h\u0259r bir \u015f\u0259xs\u0259 qar\u015f\u0131 qanunun t\u0259l\u0259bl\u0259rin\u0259 uy\u011fun \u015f\u0259kild\u0259 t\u0259dbirl\u0259r g\u00f6r\u00fcl\u0259c\u0259kdir.<\/p>\n<p>Q\u0259rargah\u0131n tap\u015f\u0131r\u0131\u011f\u0131 il\u0259 h\u00fcquq-m\u00fchafiz\u0259 orqanlar\u0131 asayi\u015fin qorunmas\u0131 istiqam\u0259tind\u0259 i\u015fl\u0259ri davam etdir\u0259c\u0259kl\u0259r.<\/p>\n","protected":false},"excerpt":{"rendered":"<p>\u0130ran \u0130slam Respublikas\u0131ndan Az\u0259rbaycan \u0259razisin\u0259 ke\u00e7\u0259n v\u0259 yoxlan\u0131lmaq \u00fc\u00e7\u00fcn karantin yerl\u0259rin\u0259 g\u00f6t\u00fcr\u00fclm\u00fc\u015f \u015f\u0259xsl\u0259r v\u0259 onlar\u0131n yax\u0131nlar\u0131 b\u0259zi hallarda ictimai qaydalar\u0131&hellip;<\/p>\n","protected":false},"author":2,"featured_media":0,"comment_status":"closed","ping_status":"closed","sticky":false,"template":"","format":"standard","meta":{"om_disable_all_campaigns":false,"_monsterinsights_skip_tracking":false,"_uf_show_specific_survey":0,"_uf_disable_surveys":false,"footnotes":""},"categories":[23,2],"tags":[],"aioseo_notices":[],"_links":{"self":[{"href":"https:\/\/hakimiyyet.info.az\/index.php?rest_route=\/wp\/v2\/posts\/14326"}],"collection":[{"href":"https:\/\/hakimiyyet.info.az\/index.php?rest_route=\/wp\/v2\/posts"}],"about":[{"href":"https:\/\/hakimiyyet.info.az\/index.php?rest_route=\/wp\/v2\/types\/post"}],"author":[{"embeddable":true,"href":"https:\/\/hakimiyyet.info.az\/index.php?rest_route=\/wp\/v2\/users\/2"}],"replies":[{"embeddable":true,"href":"https:\/\/hakimiyyet.info.az\/index.php?rest_route=%2Fwp%2Fv2%2Fcomments&post=14326"}],"version-history":[{"count":1,"href":"https:\/\/hakimiyyet.info.az\/index.php?rest_route=\/wp\/v2\/posts\/14326\/revisions"}],"predecessor-version":[{"id":14327,"href":"https:\/\/hakimiyyet.info.az\/index.php?rest_route=\/wp\/v2\/posts\/14326\/revisions\/14327"}],"wp:attachment":[{"href":"https:\/\/hakimiyyet.info.az\/index.php?rest_route=%2Fwp%2Fv2%2Fmedia&parent=14326"}],"wp:term":[{"taxonomy":"category","embeddable":true,"href":"https:\/\/hakimiyyet.info.az\/index.php?rest_route=%2Fwp%2Fv2%2Fcategories&post=14326"},{"taxonomy":"post_tag","embeddable":true,"href":"https:\/\/hakimiyyet.info.az\/index.php?rest_route=%2Fwp%2Fv2%2Ftags&post=14326"}],"curies":[{"name":"wp","href":"https:\/\/api.w.org\/{rel}","templated":true}]}}