{"id":14484,"date":"2020-03-01T09:21:18","date_gmt":"2020-03-01T05:21:18","guid":{"rendered":"https:\/\/www.hakimiyyet.com\/?p=14484"},"modified":"2020-03-01T09:21:18","modified_gmt":"2020-03-01T05:21:18","slug":"ali-m%c9%99hk%c9%99m%c9%99nin-vahid-m%c9%99hk%c9%99m%c9%99-t%c9%99crub%c9%99sinin-formalasdirilmasina-dair-s%c9%99lahiyy%c9%99ti-quvv%c9%99y%c9%99-minib","status":"publish","type":"post","link":"https:\/\/hakimiyyet.info.az\/?p=14484","title":{"rendered":"Ali M\u0259hk\u0259m\u0259nin vahid m\u0259hk\u0259m\u0259 t\u0259cr\u00fcb\u0259sinin formala\u015fd\u0131r\u0131lmas\u0131na dair s\u0259lahiyy\u0259ti q\u00fcvv\u0259y\u0259 minib"},"content":{"rendered":"<p style=\"font-weight: 400;\"><span style=\"font-style: inherit; font-weight: inherit;\">Ali M\u0259hk\u0259m\u0259 t\u0259r\u0259find\u0259n vahid m\u0259hk\u0259m\u0259 t\u0259cr\u00fcb\u0259si formala\u015fd\u0131r\u0131lacaq.<\/span><\/p>\n<p style=\"font-weight: 400;\"><span style=\"font-style: inherit; font-weight: inherit;\"><a href=\"https:\/\/apa.az\/\">APA<\/a>-n\u0131n m\u0259lumat\u0131na g\u00f6r\u0259, bu, Prezident \u0130lham \u018fliyevin 29 noyabr 2019-cu ild\u0259 t\u0259tbiqi bar\u0259d\u0259 f\u0259rman imzalad\u0131\u011f\u0131 \u201cM\u0259hk\u0259m\u0259l\u0259r v\u0259 hakiml\u0259r haqq\u0131nda\u201d Az\u0259rbaycan Respublikas\u0131n\u0131n Qanununda d\u0259yi\u015fiklik edilm\u0259si bar\u0259d\u0259\u201d qanunda \u0259ksini tap\u0131b.<\/span><\/p>\n<p style=\"font-weight: 400;\"><span style=\"font-style: inherit; font-weight: inherit;\">Bu g\u00fcnd\u0259n \u2013mart\u0131n 1-d\u0259n q\u00fcvv\u0259y\u0259 min\u0259n qanuna \u0259sas\u0259n, vahid m\u0259hk\u0259m\u0259 t\u0259cr\u00fcb\u0259si m\u0259hk\u0259m\u0259l\u0259rin h\u00fcquqi m\u0259s\u0259l\u0259l\u0259rin h\u0259llin\u0259 yana\u015fmas\u0131n\u0131n sabitliyini v\u0259 \u0259dal\u0259t m\u00fchakim\u0259si h\u0259yata ke\u00e7iril\u0259rk\u0259n maddi v\u0259 prosessual h\u00fcquq normalar\u0131n\u0131n eyni c\u00fcr t\u0259tbiq edilm\u0259sini t\u0259min etm\u0259k m\u0259qs\u0259dil\u0259 formala\u015fd\u0131r\u0131lacaq. Ali M\u0259hk\u0259m\u0259 h\u00fcququn t\u0259tbiqi \u00fczr\u0259 vahid m\u0259hk\u0259m\u0259 t\u0259cr\u00fcb\u0259sini baxd\u0131\u011f\u0131 i\u015fl\u0259r \u00fczr\u0259 m\u0259hk\u0259m\u0259 kollegiyalar\u0131n\u0131n v\u0259 Ali M\u0259hk\u0259m\u0259nin Plenumunun q\u0259rarlar\u0131, habel\u0259 Ali M\u0259hk\u0259m\u0259nin Plenumunun m\u0259hk\u0259m\u0259 t\u0259cr\u00fcb\u0259sin\u0259 dair verdiyi izahlar vasit\u0259sil\u0259 formala\u015fd\u0131racaq. M\u0259hk\u0259m\u0259 t\u0259cr\u00fcb\u0259sinin \u00fcmumil\u0259\u015fdirilm\u0259si n\u0259tic\u0259sind\u0259 m\u0259hk\u0259m\u0259l\u0259r t\u0259r\u0259find\u0259n maddi v\u0259 prosessual h\u00fcquq normalar\u0131n\u0131n t\u0259tbiqind\u0259 sistemli xarakter da\u015f\u0131yan n\u00f6qsanlar m\u00fc\u0259yy\u0259n edildikd\u0259 Ali M\u0259hk\u0259m\u0259nin Plenumu m\u0259s\u0259l\u0259y\u0259 baxacaq v\u0259 bel\u0259 n\u00f6qsanlara yol verilm\u0259m\u0259si \u00fc\u00e7\u00fcn m\u00fcvafiq izah\u0131 n\u0259z\u0259rd\u0259 tutan q\u0259rar q\u0259bul ed\u0259c\u0259k. Ali M\u0259hk\u0259m\u0259 Plenumunun m\u0259hk\u0259m\u0259l\u0259r t\u0259r\u0259find\u0259n maddi v\u0259 prosessual h\u00fcquq normalar\u0131n\u0131n t\u0259tbiqind\u0259 sistemli xarakter da\u015f\u0131yan n\u00f6qsanlarla ba\u011fl\u0131 q\u0259rar\u0131 q\u0259bul edildikd\u0259n sonra n\u00f6qsanlar\u0131n m\u00fc\u0259yy\u0259n edildiyi sah\u0259d\u0259 m\u0259hk\u0259m\u0259l\u0259rin f\u0259aliyy\u0259tinin monitorinqi t\u0259\u015fkil edilir. Monitorinq \u0259n az\u0131 1 il m\u00fcdd\u0259tind\u0259 h\u0259yata ke\u00e7iril\u0259c\u0259k. Monitorinqin apar\u0131lmas\u0131 qaydas\u0131n\u0131 Ali M\u0259hk\u0259m\u0259nin t\u0259klifl\u0259ri \u0259sas\u0131nda M\u0259hk\u0259m\u0259-H\u00fcquq \u015euras\u0131 m\u00fc\u0259yy\u0259n ed\u0259c\u0259k. Monitorinqin n\u0259tic\u0259l\u0259ri hakiml\u0259rin f\u0259aliyy\u0259tinin M\u0259hk\u0259m\u0259-H\u00fcquq \u015euras\u0131 t\u0259r\u0259find\u0259n qiym\u0259tl\u0259ndirilm\u0259si zaman\u0131 n\u0259z\u0259r\u0259 al\u0131nacaq.<\/span><\/p>\n<p style=\"font-weight: 400;\"><span style=\"font-style: inherit; font-weight: inherit;\">\u00a0<\/span><\/p>\n<p style=\"font-weight: 400;\"><span style=\"font-style: inherit; font-weight: inherit;\">Eyni zamanda Ali M\u0259hk\u0259m\u0259nin Plenumu onun sonuncu iclas\u0131ndan \u00f6t\u0259n d\u00f6vr \u0259rzind\u0259 Cinay\u0259t-Prosessual, M\u00fclki Prosessual v\u0259 \u0130nzibati Prosessual m\u0259c\u0259ll\u0259l\u0259rind\u0259 m\u00fc\u0259yy\u0259n edilmi\u015f qaydada m\u00fcvafiq kollegiyalar\u0131n b\u00fct\u00fcn hakiml\u0259rind\u0259n ibar\u0259t t\u0259rkibd\u0259 q\u0259bul etdiyi q\u0259rarlar\u0131 (q\u0259rardadlar\u0131) n\u0259z\u0259rd\u0259n ke\u00e7ir\u0259c\u0259k v\u0259 Ali M\u0259hk\u0259m\u0259nin Plenumunun m\u0259hk\u0259m\u0259 t\u0259cr\u00fcb\u0259sin\u0259 dair m\u0259s\u0259l\u0259l\u0259r \u00fczr\u0259 m\u00f6vcud izah\u0131na d\u0259yi\u015fiklikl\u0259r ed\u0259c\u0259k v\u0259 ya yeni izah ver\u0259c\u0259k.<\/span><\/p>\n<p style=\"font-weight: 400;\"><span style=\"font-style: inherit; font-weight: inherit;\">\u00a0<\/span><\/p>\n<p style=\"font-weight: 400;\"><span style=\"font-style: inherit; font-weight: inherit;\">Qanunun t\u0259tbiqi il\u0259 \u0259laq\u0259dar imzalanan s\u0259r\u0259ncama \u0259sas\u0259n is\u0259 M\u0259hk\u0259m\u0259-H\u00fcquq \u015euras\u0131na t\u00f6vsiy\u0259 edilib ki, maddi v\u0259 prosessual normalar\u0131n t\u0259tbiqind\u0259 sistemli xarakter da\u015f\u0131yan n\u00f6qsanlar\u0131n m\u00fc\u0259yy\u0259n edildiyi sah\u0259d\u0259 m\u0259hk\u0259m\u0259l\u0259rin f\u0259aliyy\u0259tinin monitorinqinin apar\u0131lmas\u0131 qaydas\u0131n\u0131 Ali M\u0259hk\u0259m\u0259sinin t\u0259klifl\u0259ri \u0259sas\u0131nda iki ay m\u00fcdd\u0259tind\u0259 m\u00fc\u0259yy\u0259n etsin.<\/span><\/p>\n","protected":false},"excerpt":{"rendered":"<p>Ali M\u0259hk\u0259m\u0259 t\u0259r\u0259find\u0259n vahid m\u0259hk\u0259m\u0259 t\u0259cr\u00fcb\u0259si formala\u015fd\u0131r\u0131lacaq. APA-n\u0131n m\u0259lumat\u0131na g\u00f6r\u0259, bu, Prezident \u0130lham \u018fliyevin 29 noyabr 2019-cu ild\u0259 t\u0259tbiqi bar\u0259d\u0259&hellip;<\/p>\n","protected":false},"author":1,"featured_media":0,"comment_status":"closed","ping_status":"closed","sticky":false,"template":"","format":"standard","meta":{"om_disable_all_campaigns":false,"_monsterinsights_skip_tracking":false,"_uf_show_specific_survey":0,"_uf_disable_surveys":false,"footnotes":""},"categories":[2,5],"tags":[],"aioseo_notices":[],"_links":{"self":[{"href":"https:\/\/hakimiyyet.info.az\/index.php?rest_route=\/wp\/v2\/posts\/14484"}],"collection":[{"href":"https:\/\/hakimiyyet.info.az\/index.php?rest_route=\/wp\/v2\/posts"}],"about":[{"href":"https:\/\/hakimiyyet.info.az\/index.php?rest_route=\/wp\/v2\/types\/post"}],"author":[{"embeddable":true,"href":"https:\/\/hakimiyyet.info.az\/index.php?rest_route=\/wp\/v2\/users\/1"}],"replies":[{"embeddable":true,"href":"https:\/\/hakimiyyet.info.az\/index.php?rest_route=%2Fwp%2Fv2%2Fcomments&post=14484"}],"version-history":[{"count":1,"href":"https:\/\/hakimiyyet.info.az\/index.php?rest_route=\/wp\/v2\/posts\/14484\/revisions"}],"predecessor-version":[{"id":14485,"href":"https:\/\/hakimiyyet.info.az\/index.php?rest_route=\/wp\/v2\/posts\/14484\/revisions\/14485"}],"wp:attachment":[{"href":"https:\/\/hakimiyyet.info.az\/index.php?rest_route=%2Fwp%2Fv2%2Fmedia&parent=14484"}],"wp:term":[{"taxonomy":"category","embeddable":true,"href":"https:\/\/hakimiyyet.info.az\/index.php?rest_route=%2Fwp%2Fv2%2Fcategories&post=14484"},{"taxonomy":"post_tag","embeddable":true,"href":"https:\/\/hakimiyyet.info.az\/index.php?rest_route=%2Fwp%2Fv2%2Ftags&post=14484"}],"curies":[{"name":"wp","href":"https:\/\/api.w.org\/{rel}","templated":true}]}}