{"id":14490,"date":"2020-03-01T14:11:43","date_gmt":"2020-03-01T10:11:43","guid":{"rendered":"https:\/\/www.hakimiyyet.com\/?p=14490"},"modified":"2020-03-01T14:11:43","modified_gmt":"2020-03-01T10:11:43","slug":"%c9%99dliyy%c9%99-nazirliyinin-s%c9%99lahiyy%c9%99tl%c9%99ri-artib","status":"publish","type":"post","link":"https:\/\/hakimiyyet.info.az\/?p=14490","title":{"rendered":"\u018fdliyy\u0259 Nazirliyinin s\u0259lahiyy\u0259tl\u0259ri art\u0131b"},"content":{"rendered":"<p style=\"font-weight: 400;\"><span style=\"font-style: inherit; font-weight: inherit;\">\u018fdliyy\u0259 Nazirliyinin s\u0259lahiyy\u0259tl\u0259ri art\u0131b.<\/span><\/p>\n<p style=\"font-weight: 400;\"><span style=\"font-style: inherit; font-weight: inherit;\"><a href=\"https:\/\/apa.az\/\">APA<\/a>-n\u0131n m\u0259lumat\u0131na g\u00f6r\u0259, bu, Prezident \u0130lham \u018fliyevin 18 dekabr 2019-cu il tarixind\u0259\u00a0<\/span><span style=\"font-style: inherit; font-weight: inherit;\">\u00a0<\/span><span style=\"font-style: inherit; font-weight: inherit;\">imzalad\u0131\u011f\u0131 f\u0259rmanla \u201cAz\u0259rbaycan Respublikas\u0131n\u0131n \u018fdliyy\u0259 Nazirliyi haqq\u0131nda \u018fsasnam\u0259\u201dd\u0259 edil\u0259n d\u0259yi\u015fiklikd\u0259 \u0259ksini tap\u0131b.<\/span><\/p>\n<p style=\"font-weight: 400;\"><span style=\"font-style: inherit; font-weight: inherit;\">F\u0259rmana \u0259sas\u0259n, bu g\u00fcnd\u0259n \u2013 mart\u0131n 1-d\u0259n q\u00fcvv\u0259y\u0259 min\u0259n d\u0259yi\u015fiklikl\u0259r\u0259 g\u00f6r\u0259, \u018fdliyy\u0259 Nazirliyinin f\u0259aliyy\u0259t istiqam\u0259tl\u0259ri s\u0131ras\u0131na \u00f6z\u0259l m\u0259hk\u0259m\u0259 eksperti \u015f\u0259had\u0259tnam\u0259sini verm\u0259k, M\u0259hk\u0259m\u0259 Ekspertl\u0259rinin Reyestrini, M\u0259hk\u0259m\u0259 Ekspertizas\u0131 T\u0259dqiqat Metodlar\u0131n\u0131n D\u00f6vl\u0259t Reyestrini v\u0259 M\u0259hk\u0259m\u0259 Ekspertizas\u0131n\u0131n Elmi-Metodiki Fondunu aparmaq, M\u0259hk\u0259m\u0259 Ekspertl\u0259rinin Reyestrini, M\u0259hk\u0259m\u0259 Ekspertizas\u0131 T\u0259dqiqat Metodlar\u0131n\u0131n D\u00f6vl\u0259t Reyestrini v\u0259 M\u0259hk\u0259m\u0259 Ekspertizas\u0131n\u0131n Elmi-Metodiki Fondunu aparmaq daxil edilib.<\/span><\/p>\n<p style=\"font-weight: 400;\"><span style=\"font-style: inherit; font-weight: inherit;\">\u0130ndiy\u0259 q\u0259d\u0259r \u018fdliyy\u0259 Nazirliyi m\u0259hk\u0259m\u0259 ekspertizalar\u0131n\u0131n ke\u00e7irilm\u0259sini t\u0259\u015fkil edibs\u0259, \u00f6z\u0259l m\u0259hk\u0259m\u0259 ekspertl\u0259rinin yaranmas\u0131 il\u0259 \u0259laq\u0259dar \u018fdliyy\u0259 Nazirliyinin bu sah\u0259d\u0259 d\u0259 v\u0259zif\u0259si konkretl\u0259\u015fib. Nazirlik m\u0259hz<\/span><span style=\"font-style: inherit; font-weight: inherit;\">\u00a0\u00a0<\/span><span style=\"font-style: inherit; font-weight: inherit;\">tabeliyind\u0259 olan m\u0259hk\u0259m\u0259 ekspertizas\u0131 idar\u0259sind\u0259 m\u0259hk\u0259m\u0259 ekspertizas\u0131 f\u0259aliyy\u0259tini t\u0259\u015fkil ed\u0259c\u0259k. M\u00fcvafiq olaraq \u018fdliyy\u0259 Nazirliyinin v\u0259zif\u0259l\u0259ri s\u0131ras\u0131na tabeliyind\u0259 olan m\u0259hk\u0259m\u0259 ekspertizas\u0131 idar\u0259sinin ekspertl\u0259rinin v\u0259 \u00f6z\u0259l m\u0259hk\u0259m\u0259 ekspertl\u0259rinin \u201cM\u0259hk\u0259m\u0259 ekspertizas\u0131 f\u0259aliyy\u0259ti haqq\u0131nda\u201d qanunun t\u0259l\u0259bl\u0259rin\u0259 riay\u0259t etm\u0259sin\u0259 n\u0259zar\u0259t etm\u0259k v\u0259<\/span><span style=\"font-style: inherit; font-weight: inherit;\">\u00a0\u00a0<\/span><span style=\"font-style: inherit; font-weight: inherit;\">tabeliyind\u0259 olan m\u0259hk\u0259m\u0259 ekspertizas\u0131 idar\u0259sinin ekspertl\u0259rin\u0259 v\u0259 \u00f6z\u0259l m\u0259hk\u0259m\u0259 ekspertl\u0259rin\u0259 m\u0259hk\u0259m\u0259 eksperti \u015f\u0259had\u0259tnam\u0259l\u0259ri verm\u0259k, qanunla m\u00fc\u0259yy\u0259n edilmi\u015f hallarda h\u0259min \u015f\u0259had\u0259tnam\u0259l\u0259ri l\u0259\u011fv etm\u0259k daxil edilib.<\/span><\/p>\n","protected":false},"excerpt":{"rendered":"<p>\u018fdliyy\u0259 Nazirliyinin s\u0259lahiyy\u0259tl\u0259ri art\u0131b. APA-n\u0131n m\u0259lumat\u0131na g\u00f6r\u0259, bu, Prezident \u0130lham \u018fliyevin 18 dekabr 2019-cu il tarixind\u0259\u00a0\u00a0imzalad\u0131\u011f\u0131 f\u0259rmanla \u201cAz\u0259rbaycan Respublikas\u0131n\u0131n \u018fdliyy\u0259&hellip;<\/p>\n","protected":false},"author":1,"featured_media":0,"comment_status":"closed","ping_status":"closed","sticky":false,"template":"","format":"standard","meta":{"om_disable_all_campaigns":false,"_monsterinsights_skip_tracking":false,"_uf_show_specific_survey":0,"_uf_disable_surveys":false,"footnotes":""},"categories":[5],"tags":[],"aioseo_notices":[],"_links":{"self":[{"href":"https:\/\/hakimiyyet.info.az\/index.php?rest_route=\/wp\/v2\/posts\/14490"}],"collection":[{"href":"https:\/\/hakimiyyet.info.az\/index.php?rest_route=\/wp\/v2\/posts"}],"about":[{"href":"https:\/\/hakimiyyet.info.az\/index.php?rest_route=\/wp\/v2\/types\/post"}],"author":[{"embeddable":true,"href":"https:\/\/hakimiyyet.info.az\/index.php?rest_route=\/wp\/v2\/users\/1"}],"replies":[{"embeddable":true,"href":"https:\/\/hakimiyyet.info.az\/index.php?rest_route=%2Fwp%2Fv2%2Fcomments&post=14490"}],"version-history":[{"count":1,"href":"https:\/\/hakimiyyet.info.az\/index.php?rest_route=\/wp\/v2\/posts\/14490\/revisions"}],"predecessor-version":[{"id":14491,"href":"https:\/\/hakimiyyet.info.az\/index.php?rest_route=\/wp\/v2\/posts\/14490\/revisions\/14491"}],"wp:attachment":[{"href":"https:\/\/hakimiyyet.info.az\/index.php?rest_route=%2Fwp%2Fv2%2Fmedia&parent=14490"}],"wp:term":[{"taxonomy":"category","embeddable":true,"href":"https:\/\/hakimiyyet.info.az\/index.php?rest_route=%2Fwp%2Fv2%2Fcategories&post=14490"},{"taxonomy":"post_tag","embeddable":true,"href":"https:\/\/hakimiyyet.info.az\/index.php?rest_route=%2Fwp%2Fv2%2Ftags&post=14490"}],"curies":[{"name":"wp","href":"https:\/\/api.w.org\/{rel}","templated":true}]}}