{"id":14586,"date":"2020-03-02T21:13:32","date_gmt":"2020-03-02T17:13:32","guid":{"rendered":"https:\/\/www.hakimiyyet.com\/?p=14586"},"modified":"2020-03-02T21:13:32","modified_gmt":"2020-03-02T17:13:32","slug":"%c9%99rdogan-putind%c9%99n-idlibin-%c9%99v%c9%99zin%c9%99-qarabagi-ist%c9%99y%c9%99c%c9%99k-erm%c9%99nistandan-sensasiya-video","status":"publish","type":"post","link":"https:\/\/hakimiyyet.info.az\/?p=14586","title":{"rendered":"\u018frdo\u011fan Putind\u0259n \u0130dlibin \u0259v\u0259zin\u0259 QARABA\u011eI \u0130ST\u018fY\u018fC\u018fK &#8211; Erm\u0259nistandan SENSAS\u0130YA\/V\u0130DEO"},"content":{"rendered":"<p><strong>\u0130dlibd\u0259 ba\u015f ver\u0259n prosesl\u0259rin son n\u0259tic\u0259si Da\u011fl\u0131q Qaraba\u011fda yekunla\u015fa bil\u0259r.<\/strong><\/p>\n<p><a href=\"https:\/\/publika.az\/\" target=\"_blank\" rel=\"noopener noreferrer\">Publika.az<\/a>\u00a0x\u0259b\u0259r verir ki, bu iddia il\u0259 \u201cLragir\u201d sayt\u0131 \u00e7\u0131x\u0131\u015f edib.<\/p>\n<p><iframe loading=\"lazy\" title=\"\u018frdo\u011fan Putind\u0259n \u0130dlibin \u0259v\u0259zin\u0259 QARABA\u011eI \u0130ST\u018fY\u018fC\u018fK - Erm\u0259nistandan SENSAS\u0130YA\" width=\"1140\" height=\"641\" src=\"https:\/\/www.youtube.com\/embed\/oAcUb3lJsDY?feature=oembed\" frameborder=\"0\" allow=\"accelerometer; autoplay; encrypted-media; gyroscope; picture-in-picture\" allowfullscreen><\/iframe><\/p>\n<p>Sayt yaz\u0131r ki, T\u00fcrkiy\u0259 \u0130dlibd\u0259 Rusiya il\u0259 raz\u0131l\u0131\u015fsa, \u0259v\u0259zind\u0259 is\u0259 Da\u011fl\u0131q Qaraba\u011f\u0131n Az\u0259rbaycana qaytar\u0131lmas\u0131n\u0131 t\u0259min ed\u0259 bil\u0259r.<\/p>\n<p>\u201cH\u0259tta analitikl\u0259r Ankara v\u0259 Moskvan\u0131n \u0130dlibd\u0259ki t\u0259hl\u00fck\u0259sizlik zonalar\u0131 raz\u0131la\u015fmas\u0131n\u0131n Qaraba\u011fda da h\u0259yata ke\u00e7iril\u0259 bil\u0259c\u0259yini istisna etmirl\u0259r. T\u00fcrkiy\u0259 xarici i\u015fl\u0259r naziri M\u00f6vlud \u00c7avu\u015fo\u011flu bildirdi ki, Rusiya arzulayarsa, Qaraba\u011f problemini birg\u0259 h\u0259ll ed\u0259 bil\u0259rl\u0259r. Faktiki olaraq, bu, \u018fliyevin M\u00fcnhend\u0259 s\u0259sl\u0259ndirdiyi \u201cm\u0259rh\u0259l\u0259li h\u0259ll\u201d variant\u0131, y\u0259ni ruslar\u0131n t\u0259klif etdiyi \u201cLavrov plan\u0131\u201dd\u0131r. \u018frdo\u011fan Bak\u0131da olark\u0259n Qaraba\u011f problemind\u0259n d\u0259 dan\u0131\u015fd\u0131. T\u00fcrkiy\u0259 v\u0259 Az\u0259rbaycan prezidentl\u0259ri g\u00f6r\u00fc\u015fd\u0259 bir s\u0131ra iqtisadi, rabit\u0259 v\u0259 h\u0259rbi m\u00fcqavil\u0259l\u0259r imzalad\u0131. Bu raz\u0131la\u015fmalar\u0131n bir hiss\u0259si d\u0259 Nax\u00e7\u0131vanla ba\u011fl\u0131d\u0131r\u201d, &#8211; sayt yaz\u0131r.<\/p>\n<p>M\u0259qal\u0259d\u0259 erm\u0259ni ekspert Ayk Qabrielyan\u0131n \u00f6t\u0259n h\u0259ft\u0259 s\u0259sl\u0259ndirdiyi fikirl\u0259r xat\u0131rlan\u0131r.<a href=\"https:\/\/publika.az\/news\/nida_tehlil\/306254.html\" target=\"_blank\" rel=\"noopener noreferrer\"><img decoding=\"async\" class=\"alignleft\" src=\"https:\/\/publika.az\/storage\/2020\/02\/27\/405x228\/er-il.jpg\" alt=\"\" \/><\/a><\/p>\n<article class=\"article\">\n<h3><a href=\"https:\/\/publika.az\/news\/nida_tehlil\/306254.html\" target=\"_blank\" rel=\"noopener noreferrer\">\u018frdo\u011fanla Putin raz\u0131la\u015f\u0131r, Qaraba\u011fa qo\u015fun yeridilir v\u0259 \u0259razil\u0259r&#8230; &#8211; Erm\u0259nistandan SENSAS\u0130YA\/V\u0130DEO<\/a><\/h3>\n<\/article>\n<p>Qabrielyan hesab edir ki, \u018frdo\u011fan Putini Qaraba\u011f\u0131n Az\u0259rbaycana qaytar\u0131lmas\u0131 fikrin\u0259 inand\u0131r\u0131b.<\/p>\n<p>Sayt iddia edir ki, T\u00fcrkiy\u0259 \u0130dlibd\u0259 raz\u0131la\u015fma \u0259ld\u0259 etm\u0259k ist\u0259yir: \u201c\u0130stisna deyil ki, Ankara \u0130dlibd\u0259 Rusiya il\u0259 raz\u0131la\u015fma\u011f\u0131n \u0259v\u0259zind\u0259 Moskvadan\u00a0 \u00a0 \u00a0 \u00a0Qaraba\u011f\u0131n Az\u0259rbaycana qaytar\u0131lmas\u0131n\u0131 ist\u0259y\u0259 bil\u0259r.<\/p>\n<p><strong>Asif<\/strong><\/p>\n","protected":false},"excerpt":{"rendered":"<p>\u0130dlibd\u0259 ba\u015f ver\u0259n prosesl\u0259rin son n\u0259tic\u0259si Da\u011fl\u0131q Qaraba\u011fda yekunla\u015fa bil\u0259r. Publika.az\u00a0x\u0259b\u0259r verir ki, bu iddia il\u0259 \u201cLragir\u201d sayt\u0131 \u00e7\u0131x\u0131\u015f edib.&hellip;<\/p>\n","protected":false},"author":2,"featured_media":0,"comment_status":"closed","ping_status":"closed","sticky":false,"template":"","format":"standard","meta":{"om_disable_all_campaigns":false,"_monsterinsights_skip_tracking":false,"_uf_show_specific_survey":0,"_uf_disable_surveys":false,"footnotes":""},"categories":[23,2,7],"tags":[],"aioseo_notices":[],"_links":{"self":[{"href":"https:\/\/hakimiyyet.info.az\/index.php?rest_route=\/wp\/v2\/posts\/14586"}],"collection":[{"href":"https:\/\/hakimiyyet.info.az\/index.php?rest_route=\/wp\/v2\/posts"}],"about":[{"href":"https:\/\/hakimiyyet.info.az\/index.php?rest_route=\/wp\/v2\/types\/post"}],"author":[{"embeddable":true,"href":"https:\/\/hakimiyyet.info.az\/index.php?rest_route=\/wp\/v2\/users\/2"}],"replies":[{"embeddable":true,"href":"https:\/\/hakimiyyet.info.az\/index.php?rest_route=%2Fwp%2Fv2%2Fcomments&post=14586"}],"version-history":[{"count":1,"href":"https:\/\/hakimiyyet.info.az\/index.php?rest_route=\/wp\/v2\/posts\/14586\/revisions"}],"predecessor-version":[{"id":14587,"href":"https:\/\/hakimiyyet.info.az\/index.php?rest_route=\/wp\/v2\/posts\/14586\/revisions\/14587"}],"wp:attachment":[{"href":"https:\/\/hakimiyyet.info.az\/index.php?rest_route=%2Fwp%2Fv2%2Fmedia&parent=14586"}],"wp:term":[{"taxonomy":"category","embeddable":true,"href":"https:\/\/hakimiyyet.info.az\/index.php?rest_route=%2Fwp%2Fv2%2Fcategories&post=14586"},{"taxonomy":"post_tag","embeddable":true,"href":"https:\/\/hakimiyyet.info.az\/index.php?rest_route=%2Fwp%2Fv2%2Ftags&post=14586"}],"curies":[{"name":"wp","href":"https:\/\/api.w.org\/{rel}","templated":true}]}}