{"id":14594,"date":"2020-03-02T22:13:17","date_gmt":"2020-03-02T18:13:17","guid":{"rendered":"https:\/\/www.hakimiyyet.com\/?p=14594"},"modified":"2020-03-02T22:13:17","modified_gmt":"2020-03-02T18:13:17","slug":"turkl%c9%99rin-z%c9%99f%c9%99ri-xalqi-kuc%c9%99l%c9%99r%c9%99-cixardi-9-ild%c9%99-ilk-d%c9%99f%c9%99-video","status":"publish","type":"post","link":"https:\/\/hakimiyyet.info.az\/?p=14594","title":{"rendered":"T\u00fcrkl\u0259rin z\u0259f\u0259ri xalq\u0131 k\u00fc\u00e7\u0259l\u0259r\u0259 \u00e7\u0131xard\u0131: 9 ild\u0259 ilk d\u0259f\u0259&#8230; &#8211; V\u0130DEO"},"content":{"rendered":"<p><strong>Suriyan\u0131n \u0130dlib \u015f\u0259h\u0259ri v\u0259 \u0259traf \u0259razil\u0259rini B\u0259\u015f\u0259r \u018fs\u0259d rejimi v\u0259 terror\u00e7ulardan t\u0259mizl\u0259m\u0259k \u00fc\u00e7\u00fcn t\u0259\u015fkil edil\u0259n \u201cBahar qalxan\u0131\u201d h\u0259rbi \u0259m\u0259liyyatlar\u0131na yerli xalq b\u00f6y\u00fck d\u0259st\u0259k n\u00fcmayi\u015f etdirib.<\/strong><\/p>\n<p><strong><a href=\"https:\/\/publika.az\/\" target=\"_blank\" rel=\"noopener noreferrer\">Publika.az<\/a>\u00a0<\/strong>x\u0259b\u0259r verir ki, T\u00fcrkiy\u0259 v\u0259 Suriyan\u0131n bayraqlar\u0131 il\u0259 k\u00fc\u00e7\u0259l\u0259r\u0259 ax\u0131\u015fan k\u00fctl\u0259<strong>\u00a0<\/strong>rejim\u0259 qar\u015f\u0131 \u015f\u00fcarlar s\u0259sl\u0259ndirib.<\/p>\n<p>Dinc \u0259hali \u018fs\u0259d rejimi c\u0259bh\u0259sind\u0259 sava\u015fan Rusiya v\u0259 \u0130ran\u0131 protest ed\u0259r\u0259k t\u00fcrkc\u0259 v\u0259 \u0259r\u0259bc\u0259 \u201c9 ild\u0259 ilk d\u0259f\u0259 s\u0259madak\u0131 bir t\u0259yyar\u0259d\u0259n qorxmad\u0131q\u201d, \u201ct\u00fcrkl\u0259rin m\u00fcdaxil\u0259sini m\u0259mnuniyy\u0259tl\u0259 qar\u015f\u0131lay\u0131r\u0131q\u201d, \u201c\u00c7anaqqalada m\u0259zarlar\u0131m\u0131z qon\u015fu idi, \u0130dlibd\u0259 qanlar\u0131m\u0131z qar\u0131\u015fd\u0131\u201d yaz\u0131lar\u0131 il\u0259 pankartlar a\u00e7\u0131b.<\/p>\n<p>Suriya xalq\u0131 d\u0259st\u0259k \u00fc\u00e7\u00fcn T\u00fcrkiy\u0259 Prezidenti R\u0259c\u0259b Tayyib \u018frdo\u011fana t\u0259\u015f\u0259kk\u00fcr edib.<\/p>\n<p><iframe loading=\"lazy\" src=\"https:\/\/www.youtube.com\/embed\/8eQ1dGqrh9Q\" width=\"560\" height=\"315\" frameborder=\"0\" allowfullscreen=\"allowfullscreen\" data-mce-fragment=\"1\"><\/iframe><\/p>\n<p><strong>Z\u00fcmr\u00fcd<\/strong><\/p>\n","protected":false},"excerpt":{"rendered":"<p>Suriyan\u0131n \u0130dlib \u015f\u0259h\u0259ri v\u0259 \u0259traf \u0259razil\u0259rini B\u0259\u015f\u0259r \u018fs\u0259d rejimi v\u0259 terror\u00e7ulardan t\u0259mizl\u0259m\u0259k \u00fc\u00e7\u00fcn t\u0259\u015fkil edil\u0259n \u201cBahar qalxan\u0131\u201d h\u0259rbi \u0259m\u0259liyyatlar\u0131na yerli&hellip;<\/p>\n","protected":false},"author":2,"featured_media":0,"comment_status":"closed","ping_status":"closed","sticky":false,"template":"","format":"standard","meta":{"om_disable_all_campaigns":false,"_monsterinsights_skip_tracking":false,"_uf_show_specific_survey":0,"_uf_disable_surveys":false,"footnotes":""},"categories":[23,7],"tags":[],"aioseo_notices":[],"_links":{"self":[{"href":"https:\/\/hakimiyyet.info.az\/index.php?rest_route=\/wp\/v2\/posts\/14594"}],"collection":[{"href":"https:\/\/hakimiyyet.info.az\/index.php?rest_route=\/wp\/v2\/posts"}],"about":[{"href":"https:\/\/hakimiyyet.info.az\/index.php?rest_route=\/wp\/v2\/types\/post"}],"author":[{"embeddable":true,"href":"https:\/\/hakimiyyet.info.az\/index.php?rest_route=\/wp\/v2\/users\/2"}],"replies":[{"embeddable":true,"href":"https:\/\/hakimiyyet.info.az\/index.php?rest_route=%2Fwp%2Fv2%2Fcomments&post=14594"}],"version-history":[{"count":1,"href":"https:\/\/hakimiyyet.info.az\/index.php?rest_route=\/wp\/v2\/posts\/14594\/revisions"}],"predecessor-version":[{"id":14595,"href":"https:\/\/hakimiyyet.info.az\/index.php?rest_route=\/wp\/v2\/posts\/14594\/revisions\/14595"}],"wp:attachment":[{"href":"https:\/\/hakimiyyet.info.az\/index.php?rest_route=%2Fwp%2Fv2%2Fmedia&parent=14594"}],"wp:term":[{"taxonomy":"category","embeddable":true,"href":"https:\/\/hakimiyyet.info.az\/index.php?rest_route=%2Fwp%2Fv2%2Fcategories&post=14594"},{"taxonomy":"post_tag","embeddable":true,"href":"https:\/\/hakimiyyet.info.az\/index.php?rest_route=%2Fwp%2Fv2%2Ftags&post=14594"}],"curies":[{"name":"wp","href":"https:\/\/api.w.org\/{rel}","templated":true}]}}