{"id":14602,"date":"2020-03-02T23:57:16","date_gmt":"2020-03-02T19:57:16","guid":{"rendered":"https:\/\/www.hakimiyyet.com\/?p=14602"},"modified":"2020-03-02T23:57:16","modified_gmt":"2020-03-02T19:57:16","slug":"movlud-cavusoglu-at%c9%99t-in-minsk-qrupu-dagliq-qarabag-munaqis%c9%99sinin-h%c9%99lli-ucun-daha-s%c9%99m%c9%99r%c9%99li-isl%c9%99m%c9%99lidir","status":"publish","type":"post","link":"https:\/\/hakimiyyet.info.az\/?p=14602","title":{"rendered":"M\u00f6vlud \u00c7avu\u015fo\u011flu: AT\u018fT-in Minsk qrupu Da\u011fl\u0131q Qaraba\u011f m\u00fcnaqi\u015f\u0259sinin h\u0259lli \u00fc\u00e7\u00fcn daha s\u0259m\u0259r\u0259li i\u015fl\u0259m\u0259lidir"},"content":{"rendered":"<p>AT\u018fT-in Minsk qrupunun h\u0259ms\u0259drl\u0259ri \u0130qor Popov (Rusiya Federasiyas\u0131), Stefan Viskonti (Fransa), Endryu \u015eefer (AB\u015e) v\u0259 AT\u018fT-in f\u0259aliyy\u0259td\u0259 olan s\u0259drinin \u015f\u0259xsi n\u00fcmay\u0259nd\u0259si Anji Kasp\u015fik T\u00fcrkiy\u0259y\u0259 s\u0259f\u0259r edibl\u0259r.<\/p>\n<p><a class=\"azertac-link\" href=\"https:\/\/azertag.az\/\" target=\"_blank\" rel=\"noopener noreferrer\">AZ\u018fRTAC<\/a>\u00a0x\u0259b\u0259r verir ki, h\u0259ms\u0259drl\u0259rl\u0259 v\u0259 A.Kasp\u015fikl\u0259 g\u00f6r\u00fc\u015f zaman\u0131 T\u00fcrkiy\u0259nin Xarici \u0130\u015fl\u0259r naziri M\u00f6vlud \u00c7avu\u015fo\u011flu Da\u011fl\u0131q Qaraba\u011f m\u00fcnaqi\u015f\u0259sin\u0259 d\u0259 toxunub. O, AT\u018fT-in Minsk qrupunu Da\u011fl\u0131q Qaraba\u011f m\u00fcnaqi\u015f\u0259sinin h\u0259lli istiqam\u0259tind\u0259 daha s\u0259m\u0259r\u0259li i\u015fl\u0259m\u0259y\u0259 \u00e7a\u011f\u0131r\u0131b. Bildirib ki, bu problem Az\u0259rbaycan\u0131n \u0259razi b\u00fct\u00f6vl\u00fcy\u00fc, suverenliyi v\u0259 beyn\u0259lxalq s\u0259viyy\u0259d\u0259 q\u0259bul edilmi\u015f s\u0259rh\u0259dl\u0259ri \u00e7\u0259r\u00e7iv\u0259sind\u0259 h\u0259ll olmal\u0131d\u0131r.<\/p>\n<p>&nbsp;<\/p>\n<p><em><strong>G\u00fcnel M\u0259likova<\/strong><\/em><\/p>\n<p><em><strong><a class=\"azertac-link\" href=\"https:\/\/azertag.az\/\" target=\"_blank\" rel=\"noopener noreferrer\">AZ\u018fRTAC<\/a>-\u0131n x\u00fcsusi m\u00fcxbiri<\/strong><\/em><\/p>\n<p><em><strong>\u0130stanbul<\/strong><\/em><\/p>\n","protected":false},"excerpt":{"rendered":"<p>AT\u018fT-in Minsk qrupunun h\u0259ms\u0259drl\u0259ri \u0130qor Popov (Rusiya Federasiyas\u0131), Stefan Viskonti (Fransa), Endryu \u015eefer (AB\u015e) v\u0259 AT\u018fT-in f\u0259aliyy\u0259td\u0259 olan s\u0259drinin \u015f\u0259xsi&hellip;<\/p>\n","protected":false},"author":2,"featured_media":0,"comment_status":"closed","ping_status":"closed","sticky":false,"template":"","format":"standard","meta":{"om_disable_all_campaigns":false,"_monsterinsights_skip_tracking":false,"_uf_show_specific_survey":0,"_uf_disable_surveys":false,"footnotes":""},"categories":[23,2,7],"tags":[],"aioseo_notices":[],"_links":{"self":[{"href":"https:\/\/hakimiyyet.info.az\/index.php?rest_route=\/wp\/v2\/posts\/14602"}],"collection":[{"href":"https:\/\/hakimiyyet.info.az\/index.php?rest_route=\/wp\/v2\/posts"}],"about":[{"href":"https:\/\/hakimiyyet.info.az\/index.php?rest_route=\/wp\/v2\/types\/post"}],"author":[{"embeddable":true,"href":"https:\/\/hakimiyyet.info.az\/index.php?rest_route=\/wp\/v2\/users\/2"}],"replies":[{"embeddable":true,"href":"https:\/\/hakimiyyet.info.az\/index.php?rest_route=%2Fwp%2Fv2%2Fcomments&post=14602"}],"version-history":[{"count":1,"href":"https:\/\/hakimiyyet.info.az\/index.php?rest_route=\/wp\/v2\/posts\/14602\/revisions"}],"predecessor-version":[{"id":14603,"href":"https:\/\/hakimiyyet.info.az\/index.php?rest_route=\/wp\/v2\/posts\/14602\/revisions\/14603"}],"wp:attachment":[{"href":"https:\/\/hakimiyyet.info.az\/index.php?rest_route=%2Fwp%2Fv2%2Fmedia&parent=14602"}],"wp:term":[{"taxonomy":"category","embeddable":true,"href":"https:\/\/hakimiyyet.info.az\/index.php?rest_route=%2Fwp%2Fv2%2Fcategories&post=14602"},{"taxonomy":"post_tag","embeddable":true,"href":"https:\/\/hakimiyyet.info.az\/index.php?rest_route=%2Fwp%2Fv2%2Ftags&post=14602"}],"curies":[{"name":"wp","href":"https:\/\/api.w.org\/{rel}","templated":true}]}}