{"id":14610,"date":"2020-03-03T09:54:05","date_gmt":"2020-03-03T05:54:05","guid":{"rendered":"https:\/\/www.hakimiyyet.com\/?p=14610"},"modified":"2020-03-03T09:54:32","modified_gmt":"2020-03-03T05:54:32","slug":"az%c9%99rbaycan-respublikasi-prezidentinin-s%c9%99r%c9%99ncami-4","status":"publish","type":"post","link":"https:\/\/hakimiyyet.info.az\/?p=14610","title":{"rendered":"Az\u0259rbaycan Respublikas\u0131 Prezidentinin S\u0259r\u0259ncamlar\u0131"},"content":{"rendered":"<h5 class=\"content-title\">\u201cAz\u0259rbaycan Respublikas\u0131 H\u00f6kum\u0259ti v\u0259 Xorvatiya Respublikas\u0131 H\u00f6kum\u0259ti aras\u0131nda iqtisadi \u0259m\u0259kda\u015fl\u0131\u011f\u0131 t\u0259\u015fviq etm\u0259k m\u0259qs\u0259di il\u0259 Birg\u0259 Komissiyan\u0131n Az\u0259rbaycan Respublikas\u0131 t\u0259r\u0259find\u0259n t\u0259rkibinin t\u0259sdiq edilm\u0259si haqq\u0131nda\u201d Az\u0259rbaycan Respublikas\u0131 Prezidentinin 2015-ci il 15 aprel tarixli 1174 n\u00f6mr\u0259li S\u0259r\u0259ncam\u0131nda d\u0259yi\u015fiklik edilm\u0259si bar\u0259d\u0259<br \/>\nAz\u0259rbaycan Respublikas\u0131 Prezidentinin S\u0259r\u0259ncam\u0131<\/h5>\n<p>Az\u0259rbaycan Respublikas\u0131 Konstitusiyas\u0131n\u0131n 109-cu madd\u0259sinin 32-ci b\u0259ndini r\u0259hb\u0259r tutaraq <strong>q\u0259rara al\u0131ram:<\/strong><\/p>\n<div class=\"content-outtext\">\n<div class=\"left-content\">\n<div id=\"selectedtext\">\n<p>1. \u201cAz\u0259rbaycan Respublikas\u0131 H\u00f6kum\u0259ti v\u0259 Xorvatiya Respublikas\u0131 H\u00f6kum\u0259ti aras\u0131nda iqtisadi \u0259m\u0259kda\u015fl\u0131\u011f\u0131 t\u0259\u015fviq etm\u0259k m\u0259qs\u0259di il\u0259 Birg\u0259 Komissiyan\u0131n Az\u0259rbaycan Respublikas\u0131 t\u0259r\u0259find\u0259n t\u0259rkibinin t\u0259sdiq edilm\u0259si haqq\u0131nda\u201d Az\u0259rbaycan Respublikas\u0131 Prezidentinin 2015-ci il 15 aprel tarixli 1174 n\u00f6mr\u0259li S\u0259r\u0259ncam\u0131n\u0131n (Az\u0259rbaycan Respublikas\u0131n\u0131n Qanunvericilik Toplusu, 2015, \u2116 4, madd\u0259 431; 2016, \u2116 8, madd\u0259 1384, \u2116 9, madd\u0259 1518; 2018, \u2116 3, madd\u0259 533) 1-ci hiss\u0259si il\u0259 t\u0259sdiq edilmi\u015f Komissiyan\u0131n t\u0259rkibi a\u015fa\u011f\u0131dak\u0131 redaksiyada verilsin:<\/p>\n<p><strong>\u201cKomissiyan\u0131n h\u0259ms\u0259dri<\/strong><\/p>\n<p>Az\u0259rbaycan Respublikas\u0131n\u0131n M\u0259d\u0259niyy\u0259t naziri<\/p>\n<p><strong>Komissiyan\u0131n \u00fczvl\u0259ri<\/strong><\/p>\n<p>Az\u0259rbaycan Respublikas\u0131 Xarici \u0130\u015fl\u0259r nazirinin m\u00fcavini<\/p>\n<p>Az\u0259rbaycan Respublikas\u0131 \u0130qtisadiyyat nazirinin m\u00fcavini<\/p>\n<p>Az\u0259rbaycan Respublikas\u0131 N\u0259qliyyat, Rabit\u0259 v\u0259 Y\u00fcks\u0259k Texnologiyalar nazirinin m\u00fcavini<\/p>\n<p>Az\u0259rbaycan Respublikas\u0131 Energetika nazirinin m\u00fcavini<\/p>\n<p>Az\u0259rbaycan Respublikas\u0131 S\u0259hiyy\u0259 nazirinin m\u00fcavini<\/p>\n<p>Az\u0259rbaycan Respublikas\u0131 D\u00f6vl\u0259t Turizm Agentliyinin s\u0259dri<\/p>\n<p>Az\u0259rbaycan Respublikas\u0131n\u0131n Xorvatiya Respublikas\u0131nda f\u00f6vq\u0259lad\u0259 v\u0259 s\u0259lahiyy\u0259tli s\u0259firi.\u201d.<\/p>\n<p>2. Az\u0259rbaycan Respublikas\u0131n\u0131n Xarici \u0130\u015fl\u0259r Nazirliyi bu S\u0259r\u0259ncam\u0131n 1-ci hiss\u0259si il\u0259 edil\u0259n d\u0259yi\u015fiklik bar\u0259d\u0259 Xorvatiya Respublikas\u0131 t\u0259r\u0259fin\u0259 bildiri\u015f g\u00f6nd\u0259rsin.<\/p>\n<p>&nbsp;<\/p>\n<p>\u0130lham \u018fliyev<\/p>\n<p>Az\u0259rbaycan Respublikas\u0131n\u0131n Prezidenti<\/p>\n<p>Bak\u0131 \u015f\u0259h\u0259ri, 2 mart 2020-ci il.<\/p>\n<\/div>\n<\/div>\n<\/div>\n<p>***<\/p>\n<h5 class=\"content-title\">\u201cAz\u0259rbaycan Respublikas\u0131 H\u00f6kum\u0259ti il\u0259 \u0130sve\u00e7r\u0259\u00a0Federal \u015euras\u0131 aras\u0131nda ticar\u0259t v\u0259 iqtisadi \u0259m\u0259kda\u015fl\u0131q \u00fczr\u0259 Birg\u0259 Komissiyan\u0131n Az\u0259rbaycan Respublikas\u0131 t\u0259r\u0259find\u0259n yeni t\u0259rkibinin t\u0259sdiq edilm\u0259si haqq\u0131nda\u201d Az\u0259rbaycan Respublikas\u0131 Prezidentinin 2009-cu il 14 aprel tarixli 226 n\u00f6mr\u0259li S\u0259r\u0259ncam\u0131nda d\u0259yi\u015fiklik edilm\u0259si bar\u0259d\u0259<br \/>\nAz\u0259rbaycan Respublikas\u0131 Prezidentinin S\u0259r\u0259ncam\u0131<\/h5>\n<div class=\"content-info hasimage hasvideo\"><\/div>\n<div class=\"content-outtext\">\n<div class=\"left-content\">\n<div>Az\u0259rbaycan Respublikas\u0131 Konstitusiyas\u0131n\u0131n 109-cu madd\u0259sinin 32-ci b\u0259ndini r\u0259hb\u0259r tutaraq <strong>q\u0259rara al\u0131ram:<\/strong><\/div>\n<div id=\"selectedtext\">\n<p>1. \u201cAz\u0259rbaycan Respublikas\u0131 H\u00f6kum\u0259ti il\u0259 \u0130sve\u00e7r\u0259 Federal \u015euras\u0131 aras\u0131nda ticar\u0259t v\u0259 iqtisadi \u0259m\u0259kda\u015fl\u0131q \u00fczr\u0259 Birg\u0259 Komissiyan\u0131n Az\u0259rbaycan Respublikas\u0131 t\u0259r\u0259find\u0259n yeni t\u0259rkibinin t\u0259sdiq edilm\u0259si haqq\u0131nda\u201d Az\u0259rbaycan Respublikas\u0131 Prezidentinin 2009-cu il 14 aprel tarixli 226 n\u00f6mr\u0259li S\u0259r\u0259ncam\u0131n\u0131n (Az\u0259rbaycan Respublikas\u0131n\u0131n Qanunvericilik Toplusu, 2009, \u2116 4, madd\u0259 243; 2010, \u2116 9, madd\u0259 773; 2012, \u2116 2, madd\u0259 112; 2014, \u2116 5, madd\u0259 477; 2016, \u2116 8, madd\u0259 1384, \u2116 9, madd\u0259 1518; 2018, \u2116 8, madd\u0259 1677) 1-ci hiss\u0259si il\u0259 t\u0259sdiq edilmi\u015f Komissiyan\u0131n t\u0259rkibi a\u015fa\u011f\u0131dak\u0131 redaksiyada verilsin:<\/p>\n<p><strong>\u201cKomissiyan\u0131n h\u0259ms\u0259dri<\/strong><\/p>\n<p>Az\u0259rbaycan Respublikas\u0131n\u0131n \u0130qtisadiyyat naziri<\/p>\n<p><strong>Komissiyan\u0131n \u00fczvl\u0259ri<\/strong><\/p>\n<p>Az\u0259rbaycan Respublikas\u0131 Xarici \u0130\u015fl\u0259r nazirinin m\u00fcavini<\/p>\n<p>Az\u0259rbaycan Respublikas\u0131 \u018fdliyy\u0259 nazirinin m\u00fcavini<\/p>\n<p>Az\u0259rbaycan Respublikas\u0131 Maliyy\u0259 nazirinin m\u00fcavini<\/p>\n<p>Az\u0259rbaycan Respublikas\u0131 N\u0259qliyyat, Rabit\u0259 v\u0259 Y\u00fcks\u0259k Texnologiyalar nazirinin m\u00fcavini<\/p>\n<p>Az\u0259rbaycan Respublikas\u0131 D\u00f6vl\u0259t Turizm Agentliyinin s\u0259dri<\/p>\n<p>Az\u0259rbaycan Respublikas\u0131 D\u00f6vl\u0259t G\u00f6mr\u00fck Komit\u0259si s\u0259drinin m\u00fcavini<\/p>\n<p>Az\u0259rbaycan Respublikas\u0131 M\u0259rk\u0259zi Bank\u0131 s\u0259drinin m\u00fcavini<\/p>\n<p>Az\u0259rbaycan Meliorasiya v\u0259 Su T\u0259s\u0259rr\u00fcfat\u0131 A\u00e7\u0131q S\u0259hmdar C\u0259miyy\u0259ti s\u0259drinin birinci m\u00fcavini<\/p>\n<p>\u201cAz\u0259rsu\u201d A\u00e7\u0131q S\u0259hmdar C\u0259miyy\u0259tinin vitse-prezidenti<\/p>\n<p>Az\u0259rbaycan Respublikas\u0131n\u0131n \u0130sve\u00e7r\u0259 Konfederasiyas\u0131nda f\u00f6vq\u0259lad\u0259 v\u0259 s\u0259lahiyy\u0259tli s\u0259firi.\u201d.<\/p>\n<p>2. Az\u0259rbaycan Respublikas\u0131n\u0131n Xarici \u0130\u015fl\u0259r Nazirliyi bu S\u0259r\u0259ncam\u0131n 1-ci hiss\u0259si il\u0259 edil\u0259n d\u0259yi\u015fiklik bar\u0259d\u0259 \u0130sve\u00e7r\u0259 Konfederasiyas\u0131 t\u0259r\u0259fin\u0259 bildiri\u015f g\u00f6nd\u0259rsin.<\/p>\n<p>&nbsp;<\/p>\n<p>\u0130lham \u018fliyev<\/p>\n<p>Az\u0259rbaycan Respublikas\u0131n\u0131n Prezidenti<\/p>\n<p>Bak\u0131 \u015f\u0259h\u0259ri, 2 mart 2020-ci il.<\/p>\n<p>***<\/p>\n<h5 class=\"content-title\">\u201cAz\u0259rbaycan Respublikas\u0131 il\u0259 T\u00fcrkiy\u0259 Respublikas\u0131 aras\u0131nda iqtisadi \u0259m\u0259kda\u015fl\u0131q \u00fczr\u0259 birg\u0259 h\u00f6kum\u0259tl\u0259raras\u0131 komissiyan\u0131n Az\u0259rbaycan Respublikas\u0131 t\u0259r\u0259find\u0259n yeni t\u0259rkibinin t\u0259sdiq edilm\u0259si haqq\u0131nda\u201d Az\u0259rbaycan Respublikas\u0131 Prezidentinin 2007-ci il 6 mart tarixli 2016 n\u00f6mr\u0259li S\u0259r\u0259ncam\u0131nda d\u0259yi\u015fiklik edilm\u0259si bar\u0259d\u0259<br \/>\nAz\u0259rbaycan Respublikas\u0131 Prezidentinin S\u0259r\u0259ncam\u0131<\/h5>\n<div class=\"content-outtext\">\n<div class=\"left-content\">\n<div id=\"selectedtext\">\n<p>Az\u0259rbaycan Respublikas\u0131 Konstitusiyas\u0131n\u0131n 109-cu madd\u0259sinin 32-ci b\u0259ndini r\u0259hb\u0259r tutaraq\u00a0<strong>q\u0259rara al\u0131ram:<\/strong><\/p>\n<p>1. \u201cAz\u0259rbaycan Respublikas\u0131 il\u0259 T\u00fcrkiy\u0259 Respublikas\u0131 aras\u0131nda iqtisadi \u0259m\u0259kda\u015fl\u0131q \u00fczr\u0259 birg\u0259 h\u00f6kum\u0259tl\u0259raras\u0131 komissiyan\u0131n Az\u0259rbaycan Respublikas\u0131 t\u0259r\u0259find\u0259n yeni t\u0259rkibinin t\u0259sdiq edilm\u0259si haqq\u0131nda\u201d Az\u0259rbaycan Respublikas\u0131 Prezidentinin 2007-ci il 6 mart tarixli 2016 n\u00f6mr\u0259li S\u0259r\u0259ncam\u0131n\u0131n (Az\u0259rbaycan Respublikas\u0131n\u0131n Qanunvericilik Toplusu, 2007, \u2116 3, madd\u0259 248; 2009, \u2116 6, madd\u0259 424; 2010, \u2116 2, madd\u0259 80, \u2116 9, madd\u0259 773; 2011, \u2116 6, madd\u0259 519; 2012, \u2116 2, madd\u0259 105; 2014, \u2116 2, madd\u0259 112, \u2116 6, madd\u0259 644, \u2116 9, madd\u0259 1027; 2016, \u2116 8, madd\u0259 1384, \u2116 9, madd\u0259 1518; 2017, \u2116 8, madd\u0259 1521, \u2116 9, madd\u0259 1664; 2018, \u2116 8, madd\u0259 1677; 2019, \u2116 3, madd\u0259 492) 1-ci hiss\u0259sind\u0259 a\u015fa\u011f\u0131dak\u0131 d\u0259yi\u015fiklikl\u0259r edilsin:<\/p>\n<p>1.1. \u201cAz\u0259rbaycan Respublikas\u0131 Vergil\u0259r nazirinin m\u00fcavini\u201d v\u0259 \u201cAz\u0259rbaycan Respublikas\u0131 Nazirl\u0259r Kabineti Aparat\u0131n\u0131n r\u0259hb\u0259ri\u201d s\u00f6zl\u0259ri \u00e7\u0131xar\u0131ls\u0131n;<\/p>\n<p>1.2. \u201cAz\u0259rbaycan Respublikas\u0131 Nazirl\u0259r Kabineti Aparat\u0131n\u0131n Beyn\u0259lxalq \u0259laq\u0259l\u0259r \u015f\u00f6b\u0259sinin m\u00fcdiri (m\u0259sul katib)\u201d s\u00f6zl\u0259ri \u201cAz\u0259rbaycan Respublikas\u0131 Nazirl\u0259r Kabineti Aparat\u0131n\u0131n Beyn\u0259lxalq \u0259m\u0259kda\u015fl\u0131q \u015f\u00f6b\u0259sinin m\u00fcdiri (m\u0259sul katib)\u201d s\u00f6zl\u0259ri il\u0259 \u0259v\u0259z edilsin.<\/p>\n<p>2. Az\u0259rbaycan Respublikas\u0131n\u0131n Xarici \u0130\u015fl\u0259r Nazirliyi bu S\u0259r\u0259ncam\u0131n 1-ci hiss\u0259si il\u0259 edil\u0259n d\u0259yi\u015fiklik bar\u0259d\u0259 T\u00fcrkiy\u0259 Respublikas\u0131 t\u0259r\u0259fin\u0259 bildiri\u015f g\u00f6nd\u0259rsin.<\/p>\n<p>&nbsp;<\/p>\n<p>\u0130lham \u018fliyev<\/p>\n<p>Az\u0259rbaycan Respublikas\u0131n\u0131n Prezidenti<\/p>\n<p>Bak\u0131 \u015f\u0259h\u0259ri, 2 mart 2020-ci il.<\/p>\n<p>***<\/p>\n<h5 class=\"content-title\">\u201cAz\u0259rbaycan Respublikas\u0131 H\u00f6kum\u0259ti il\u0259 \u0130srail D\u00f6vl\u0259ti H\u00f6kum\u0259ti aras\u0131nda Birg\u0259 Komissiyan\u0131n Az\u0259rbaycan Respublikas\u0131 t\u0259r\u0259find\u0259n t\u0259rkibinin t\u0259sdiq edilm\u0259si bar\u0259d\u0259\u201d Az\u0259rbaycan Respublikas\u0131 Prezidentinin 2017-ci il 16 iyun tarixli 2999 n\u00f6mr\u0259li S\u0259r\u0259ncam\u0131nda d\u0259yi\u015fiklik edilm\u0259si haqq\u0131nda<br \/>\nAz\u0259rbaycan Respublikas\u0131 Prezidentinin S\u0259r\u0259ncam\u0131<\/h5>\n<div class=\"content-outtext\">\n<div class=\"left-content\">\n<div id=\"selectedtext\">\n<p>Az\u0259rbaycan Respublikas\u0131 Konstitusiyas\u0131n\u0131n 109-cu madd\u0259sinin 32-ci b\u0259ndini r\u0259hb\u0259r tutaraq\u00a0<strong>q\u0259rara al\u0131ram:<\/strong><\/p>\n<p>1. \u201cAz\u0259rbaycan Respublikas\u0131 H\u00f6kum\u0259ti il\u0259 \u0130srail D\u00f6vl\u0259ti H\u00f6kum\u0259ti aras\u0131nda Birg\u0259 Komissiyan\u0131n Az\u0259rbaycan Respublikas\u0131 t\u0259r\u0259find\u0259n t\u0259rkibinin t\u0259sdiq edilm\u0259si bar\u0259d\u0259\u201d Az\u0259rbaycan Respublikas\u0131 Prezidentinin 2017-ci il 16 iyun tarixli 2999 n\u00f6mr\u0259li S\u0259r\u0259ncam\u0131n\u0131n (Az\u0259rbaycan Respublikas\u0131n\u0131n Qanunvericilik Toplusu, 2017, \u2116 6, madd\u0259 1177; 2018, \u2116 3, madd\u0259 529) 1-ci hiss\u0259si il\u0259 t\u0259sdiq edilmi\u015f Komissiyan\u0131n t\u0259rkibi a\u015fa\u011f\u0131dak\u0131 redaksiyada verilsin:<\/p>\n<p><strong>\u201cKomissiyan\u0131n h\u0259ms\u0259dri<\/strong><\/p>\n<p>Az\u0259rbaycan Respublikas\u0131n\u0131n \u0130qtisadiyyat naziri<\/p>\n<p><strong>Komissiyan\u0131n \u00fczvl\u0259ri<\/strong><\/p>\n<p>Az\u0259rbaycan Respublikas\u0131 Xarici \u0130\u015fl\u0259r nazirinin m\u00fcavini<\/p>\n<p>Az\u0259rbaycan Respublikas\u0131 M\u00fcdafi\u0259 S\u0259nayesi nazirinin m\u00fcavini<\/p>\n<p>Az\u0259rbaycan Respublikas\u0131 Energetika nazirinin m\u00fcavini<\/p>\n<p>Az\u0259rbaycan Respublikas\u0131 N\u0259qliyyat, Rabit\u0259 v\u0259 Y\u00fcks\u0259k Texnologiyalar nazirinin m\u00fcavini<\/p>\n<p>Az\u0259rbaycan Respublikas\u0131 K\u0259nd T\u0259s\u0259rr\u00fcfat\u0131 nazirinin m\u00fcavini<\/p>\n<p>Az\u0259rbaycan Respublikas\u0131 Ekologiya v\u0259 T\u0259bii S\u0259rv\u0259tl\u0259r nazirinin m\u00fcavini<\/p>\n<p>Az\u0259rbaycan Respublikas\u0131 S\u0259hiyy\u0259 nazirinin m\u00fcavini<\/p>\n<p>Az\u0259rbaycan Respublikas\u0131 T\u0259hsil nazirinin m\u00fcavini<\/p>\n<p>Az\u0259rbaycan Respublikas\u0131 M\u0259d\u0259niyy\u0259t nazirinin m\u00fcavini<\/p>\n<p>Az\u0259rbaycan Respublikas\u0131 D\u00f6vl\u0259t Turizm Agentliyinin s\u0259dri<\/p>\n<p>Az\u0259rbaycan Respublikas\u0131 D\u00f6vl\u0259t G\u00f6mr\u00fck Komit\u0259si s\u0259drinin m\u00fcavini<\/p>\n<p>Az\u0259rbaycan Respublikas\u0131 Diasporla \u0130\u015f \u00fczr\u0259 D\u00f6vl\u0259t Komit\u0259si s\u0259drinin m\u00fcavini<\/p>\n<p>Az\u0259rbaycan Respublikas\u0131 M\u0259rk\u0259zi Bank\u0131n\u0131n ba\u015f direktoru<\/p>\n<p>Az\u0259rbaycan Milli Elml\u0259r Akademiyas\u0131n\u0131n vitse-prezidenti.\u201d.<\/p>\n<p>2. Az\u0259rbaycan Respublikas\u0131n\u0131n Xarici \u0130\u015fl\u0259r Nazirliyi bu S\u0259r\u0259ncam\u0131n 1-ci hiss\u0259si il\u0259 edil\u0259n d\u0259yi\u015fiklik bar\u0259d\u0259 \u0130srail D\u00f6vl\u0259ti t\u0259r\u0259fin\u0259 bildiri\u015f g\u00f6nd\u0259rsin.<\/p>\n<p>&nbsp;<\/p>\n<p>\u0130lham \u018fliyev<\/p>\n<p>Az\u0259rbaycan Respublikas\u0131n\u0131n Prezidenti<\/p>\n<p>Bak\u0131 \u015f\u0259h\u0259ri, 2 mart 2020-ci il.<\/p>\n<p>***<\/p>\n<h5 class=\"content-title\">\u201cAz\u0259rbaycan Respublikas\u0131 H\u00f6kum\u0259ti il\u0259 \u0130sve\u00e7r\u0259\u00a0Federal \u015euras\u0131 aras\u0131nda ticar\u0259t v\u0259 iqtisadi \u0259m\u0259kda\u015fl\u0131q \u00fczr\u0259 Birg\u0259 Komissiyan\u0131n Az\u0259rbaycan Respublikas\u0131 t\u0259r\u0259find\u0259n yeni t\u0259rkibinin t\u0259sdiq edilm\u0259si haqq\u0131nda\u201d Az\u0259rbaycan Respublikas\u0131 Prezidentinin 2009-cu il 14 aprel tarixli 226 n\u00f6mr\u0259li S\u0259r\u0259ncam\u0131nda d\u0259yi\u015fiklik edilm\u0259si bar\u0259d\u0259<br \/>\nAz\u0259rbaycan Respublikas\u0131 Prezidentinin S\u0259r\u0259ncam\u0131<\/h5>\n<div class=\"content-outtext\">\n<div class=\"left-content\">\n<div id=\"selectedtext\">\n<p>Az\u0259rbaycan Respublikas\u0131 Konstitusiyas\u0131n\u0131n 109-cu madd\u0259sinin 32-ci b\u0259ndini r\u0259hb\u0259r tutaraq\u00a0<strong>q\u0259rara al\u0131ram:<\/strong><\/p>\n<p>1. \u201cAz\u0259rbaycan Respublikas\u0131 H\u00f6kum\u0259ti il\u0259 \u0130sve\u00e7r\u0259 Federal \u015euras\u0131 aras\u0131nda ticar\u0259t v\u0259 iqtisadi \u0259m\u0259kda\u015fl\u0131q \u00fczr\u0259 Birg\u0259 Komissiyan\u0131n Az\u0259rbaycan Respublikas\u0131 t\u0259r\u0259find\u0259n yeni t\u0259rkibinin t\u0259sdiq edilm\u0259si haqq\u0131nda\u201d Az\u0259rbaycan Respublikas\u0131 Prezidentinin 2009-cu il 14 aprel tarixli 226 n\u00f6mr\u0259li S\u0259r\u0259ncam\u0131n\u0131n (Az\u0259rbaycan Respublikas\u0131n\u0131n Qanunvericilik Toplusu, 2009, \u2116 4, madd\u0259 243; 2010, \u2116 9, madd\u0259 773; 2012, \u2116 2, madd\u0259 112; 2014, \u2116 5, madd\u0259 477; 2016, \u2116 8, madd\u0259 1384, \u2116 9, madd\u0259 1518; 2018, \u2116 8, madd\u0259 1677) 1-ci hiss\u0259si il\u0259 t\u0259sdiq edilmi\u015f Komissiyan\u0131n t\u0259rkibi a\u015fa\u011f\u0131dak\u0131 redaksiyada verilsin:<\/p>\n<p><strong>\u201cKomissiyan\u0131n h\u0259ms\u0259dri<\/strong><\/p>\n<p>Az\u0259rbaycan Respublikas\u0131n\u0131n \u0130qtisadiyyat naziri<\/p>\n<p><strong>Komissiyan\u0131n \u00fczvl\u0259ri<\/strong><\/p>\n<p>Az\u0259rbaycan Respublikas\u0131 Xarici \u0130\u015fl\u0259r nazirinin m\u00fcavini<\/p>\n<p>Az\u0259rbaycan Respublikas\u0131 \u018fdliyy\u0259 nazirinin m\u00fcavini<\/p>\n<p>Az\u0259rbaycan Respublikas\u0131 Maliyy\u0259 nazirinin m\u00fcavini<\/p>\n<p>Az\u0259rbaycan Respublikas\u0131 N\u0259qliyyat, Rabit\u0259 v\u0259 Y\u00fcks\u0259k Texnologiyalar nazirinin m\u00fcavini<\/p>\n<p>Az\u0259rbaycan Respublikas\u0131 D\u00f6vl\u0259t Turizm Agentliyinin s\u0259dri<\/p>\n<p>Az\u0259rbaycan Respublikas\u0131 D\u00f6vl\u0259t G\u00f6mr\u00fck Komit\u0259si s\u0259drinin m\u00fcavini<\/p>\n<p>Az\u0259rbaycan Respublikas\u0131 M\u0259rk\u0259zi Bank\u0131 s\u0259drinin m\u00fcavini<\/p>\n<p>Az\u0259rbaycan Meliorasiya v\u0259 Su T\u0259s\u0259rr\u00fcfat\u0131 A\u00e7\u0131q S\u0259hmdar C\u0259miyy\u0259ti s\u0259drinin birinci m\u00fcavini<\/p>\n<p>\u201cAz\u0259rsu\u201d A\u00e7\u0131q S\u0259hmdar C\u0259miyy\u0259tinin vitse-prezidenti<\/p>\n<p>Az\u0259rbaycan Respublikas\u0131n\u0131n \u0130sve\u00e7r\u0259 Konfederasiyas\u0131nda f\u00f6vq\u0259lad\u0259 v\u0259 s\u0259lahiyy\u0259tli s\u0259firi.\u201d.<\/p>\n<p>2. Az\u0259rbaycan Respublikas\u0131n\u0131n Xarici \u0130\u015fl\u0259r Nazirliyi bu S\u0259r\u0259ncam\u0131n 1-ci hiss\u0259si il\u0259 edil\u0259n d\u0259yi\u015fiklik bar\u0259d\u0259 \u0130sve\u00e7r\u0259 Konfederasiyas\u0131 t\u0259r\u0259fin\u0259 bildiri\u015f g\u00f6nd\u0259rsin.<\/p>\n<p>&nbsp;<\/p>\n<p>\u0130lham \u018fliyev<\/p>\n<p>Az\u0259rbaycan Respublikas\u0131n\u0131n Prezidenti<\/p>\n<p>Bak\u0131 \u015f\u0259h\u0259ri, 2 mart 2020-ci il.<\/p>\n<\/div>\n<\/div>\n<\/div>\n<\/div>\n<\/div>\n<\/div>\n<\/div>\n<\/div>\n<\/div>\n<\/div>\n<\/div>\n<\/div>\n","protected":false},"excerpt":{"rendered":"<p>\u201cAz\u0259rbaycan Respublikas\u0131 H\u00f6kum\u0259ti v\u0259 Xorvatiya Respublikas\u0131 H\u00f6kum\u0259ti aras\u0131nda iqtisadi \u0259m\u0259kda\u015fl\u0131\u011f\u0131 t\u0259\u015fviq etm\u0259k m\u0259qs\u0259di il\u0259 Birg\u0259 Komissiyan\u0131n Az\u0259rbaycan Respublikas\u0131 t\u0259r\u0259find\u0259n t\u0259rkibinin&hellip;<\/p>\n","protected":false},"author":2,"featured_media":10485,"comment_status":"closed","ping_status":"closed","sticky":false,"template":"","format":"standard","meta":{"om_disable_all_campaigns":false,"_monsterinsights_skip_tracking":false,"_uf_show_specific_survey":0,"_uf_disable_surveys":false,"footnotes":""},"categories":[23,2,3],"tags":[],"aioseo_notices":[],"_links":{"self":[{"href":"https:\/\/hakimiyyet.info.az\/index.php?rest_route=\/wp\/v2\/posts\/14610"}],"collection":[{"href":"https:\/\/hakimiyyet.info.az\/index.php?rest_route=\/wp\/v2\/posts"}],"about":[{"href":"https:\/\/hakimiyyet.info.az\/index.php?rest_route=\/wp\/v2\/types\/post"}],"author":[{"embeddable":true,"href":"https:\/\/hakimiyyet.info.az\/index.php?rest_route=\/wp\/v2\/users\/2"}],"replies":[{"embeddable":true,"href":"https:\/\/hakimiyyet.info.az\/index.php?rest_route=%2Fwp%2Fv2%2Fcomments&post=14610"}],"version-history":[{"count":2,"href":"https:\/\/hakimiyyet.info.az\/index.php?rest_route=\/wp\/v2\/posts\/14610\/revisions"}],"predecessor-version":[{"id":14612,"href":"https:\/\/hakimiyyet.info.az\/index.php?rest_route=\/wp\/v2\/posts\/14610\/revisions\/14612"}],"wp:featuredmedia":[{"embeddable":true,"href":"https:\/\/hakimiyyet.info.az\/index.php?rest_route=\/wp\/v2\/media\/10485"}],"wp:attachment":[{"href":"https:\/\/hakimiyyet.info.az\/index.php?rest_route=%2Fwp%2Fv2%2Fmedia&parent=14610"}],"wp:term":[{"taxonomy":"category","embeddable":true,"href":"https:\/\/hakimiyyet.info.az\/index.php?rest_route=%2Fwp%2Fv2%2Fcategories&post=14610"},{"taxonomy":"post_tag","embeddable":true,"href":"https:\/\/hakimiyyet.info.az\/index.php?rest_route=%2Fwp%2Fv2%2Ftags&post=14610"}],"curies":[{"name":"wp","href":"https:\/\/api.w.org\/{rel}","templated":true}]}}