{"id":14617,"date":"2020-03-03T11:54:02","date_gmt":"2020-03-03T07:54:02","guid":{"rendered":"https:\/\/www.hakimiyyet.com\/?p=14617"},"modified":"2020-03-03T11:54:02","modified_gmt":"2020-03-03T07:54:02","slug":"m%c9%99shur-mesenat-dogma-bakiya-qayidir","status":"publish","type":"post","link":"https:\/\/hakimiyyet.info.az\/?p=14617","title":{"rendered":"M\u0259\u015fhur mesenat do\u011fma Bak\u0131ya \u201cqay\u0131d\u0131r\u201d"},"content":{"rendered":"<p>M\u0259\u015fhur mesenat Hac\u0131 Zeynalabdin Ta\u011f\u0131yevin \u201c\u0130\u00e7\u0259ri\u015f\u0259h\u0259r\u201d metrostansiyas\u0131 qar\u015f\u0131s\u0131nda heyk\u0259li ucalacaq.<\/p>\n<p><a class=\"azertac-link\" href=\"https:\/\/azertag.az\/\" target=\"_blank\" rel=\"noopener noreferrer\">AZ\u018fRTAC<\/a>-\u0131n m\u00fcxbiri heyk\u0259lin haz\u0131rlanmas\u0131 il\u0259 \u0259laq\u0259dar ke\u00e7iril\u0259n m\u00fcsabiq\u0259nin qalibi Xalq r\u0259ssam\u0131 Xanlar \u018fhm\u0259dovun emalatxanas\u0131nda olub v\u0259 heyk\u0259lin haz\u0131rlanmas\u0131 prosesi il\u0259 maraqlan\u0131b.<img decoding=\"async\" loading=\"lazy\" class=\"alignleft\" src=\"https:\/\/azertag.az\/files\/galleryphoto\/2020\/1\/1000x669\/1583221227500081919_1000x669.jpg\" width=\"400\" height=\"225\" \/><\/p>\n<p><img decoding=\"async\" loading=\"lazy\" class=\"alignleft\" src=\"https:\/\/azertag.az\/files\/galleryphoto\/2020\/1\/1000x669\/1583221227128238251_1000x669.jpg\" width=\"400\" height=\"225\" \/><\/p>\n<p><img decoding=\"async\" loading=\"lazy\" class=\"alignleft\" src=\"https:\/\/azertag.az\/files\/galleryphoto\/2020\/1\/1000x669\/15832212272910116146_1000x669.jpg\" width=\"400\" height=\"225\" \/><\/p>\n<p>Emalatxanada heyk\u0259lin gil variant\u0131 \u00fcz\u0259rind\u0259 son tamamlama i\u015fl\u0259ri gedirdi. Heyk\u0259lin h\u0259r bir detal \u00fcz\u0259rind\u0259 inc\u0259likl\u0259 i\u015fl\u0259nildiyi el\u0259 ilk bax\u0131\u015fdan diqq\u0259ti \u00f6z\u00fcn\u0259 c\u0259lb edir. G\u0259rgin \u0259m\u0259k, yuxusuz gec\u0259l\u0259r hesab\u0131na \u0259rs\u0259y\u0259 g\u0259l\u0259n ba\u015f\u0131nda buxara papaq, \u0259ynind\u0259 \u0259n\u0259n\u0259vi libas, bir \u0259lind\u0259 t\u0259sbeh, bir \u0259lind\u0259 \u0259sa, sin\u0259si orden-medall\u0131 m\u0259\u015fhur xeyriyy\u0259\u00e7i-mesenat\u0131n \u0259z\u0259m\u0259tli g\u00f6rk\u0259mi xo\u015f t\u0259sir ba\u011f\u0131\u015flay\u0131r.<\/p>\n<p>Uzun ill\u0259r d\u0259zgah v\u0259 monumental heyk\u0259lt\u0259ra\u015fl\u0131q sah\u0259sind\u0259 \u00e7al\u0131\u015fan r\u0259ssam Xanlar \u018fhm\u0259dov heyk\u0259l \u00fcz\u0259rind\u0259 i\u015fl\u0259diyi iki aydan \u00e7oxdur. B\u0259z\u0259n gec\u0259 yar\u0131s\u0131na, b\u0259z\u0259n d\u0259 s\u00fcbh\u0259 q\u0259d\u0259r ti\u015f\u0259ni \u0259lind\u0259n yer\u0259 qoymur.<\/p>\n<p>Xalq r\u0259ssam\u0131 bir ne\u00e7\u0259 il \u0259vv\u0259l Az\u0259rbaycan\u0131n g\u00f6rk\u0259mli \u015f\u0259xsiyy\u0259tl\u0259rin\u0259 h\u0259sr olunan f\u0259rdi s\u0259rgi a\u00e7maq arzusuna d\u00fc\u015f\u0259nd\u0259 ilk olaraq Hac\u0131 Zeynalabd\u0131n Ta\u011f\u0131yevin obraz\u0131n\u0131 yaratmaq ist\u0259yib: \u201cMilyon\u00e7u mill\u0259t atas\u0131n\u0131n obraz\u0131 \u00fcz\u0259rind\u0259 10-12 il \u0259vv\u0259l d\u0259 i\u015fl\u0259mi\u015fdim. H\u0259min vaxt Az\u0259rbaycan Xalq C\u00fcmhuriyy\u0259tinin h\u0259rbi naziri, general S\u0259m\u0259d b\u0259y Mehmandarov, c\u00fcmhuriyy\u0259tin h\u0259rbi nazirinin m\u00fcavini, artilleriya general\u0131 \u018flia\u011fa \u015e\u0131xl\u0131nski, g\u00f6rk\u0259mli b\u0259st\u0259kar Tofiq Quliyev, Xalq artisti N\u0259sib\u0259 Zeynalova v\u0259 dig\u0259r tan\u0131nm\u0131\u015f \u015f\u0259xsiyy\u0259tl\u0259rin obrazlar\u0131 \u00fcz\u0259rind\u0259 yarad\u0131c\u0131l\u0131q axtar\u0131\u015flar\u0131 aparm\u0131\u015fd\u0131m. \u018flb\u0259tt\u0259, xalq\u0131m\u0131z\u0131n h\u0259yat\u0131nda m\u00fcst\u0259sna rol oynam\u0131\u015f v\u0259 \u00fcr\u0259kl\u0259rd\u0259 \u00f6z\u00fcn\u0259 \u0259b\u0259diyy\u0259t heyk\u0259li qoyan g\u00f6rk\u0259mli \u015f\u0259xsiyy\u0259tl\u0259rin ham\u0131s\u0131n\u0131n obraz\u0131n\u0131 qranit v\u0259 m\u0259rm\u0259r l\u00f6vh\u0259 \u00fcz\u0259rin\u0259 k\u00f6\u00e7\u00fcrm\u0259y\u0259 bir \u00f6m\u00fcr d\u0259 b\u0259s el\u0259mir. Bununla bel\u0259 h\u0259min silsil\u0259d\u0259n olan yarad\u0131c\u0131l\u0131q i\u015fl\u0259rin\u0259 ara verm\u0259mi\u015f\u0259m\u201d.<\/p>\n<p>O, M\u0259d\u0259niyy\u0259t Nazirliyi, Bak\u0131 \u015e\u0259h\u0259r \u0130cra Hakimiyy\u0259ti v\u0259 Heyd\u0259r \u018fliyev Fondunun Hac\u0131 Zeynalabdin Ta\u011f\u0131yevin heyk\u0259linin haz\u0131rlanmas\u0131 il\u0259 \u0259laq\u0259dar elan edil\u0259n m\u00fcsabiq\u0259y\u0259 \u00fc\u00e7 eskiz t\u0259qdim edib. 26 eskizl\u0259r i\u00e7\u0259risind\u0259 onun layih\u0259sinin qalib g\u0259lm\u0259sini heyk\u0259lt\u0259ra\u015f b\u00f6y\u00fck sevin hissi il\u0259 qar\u015f\u0131lay\u0131b: \u201cUzun m\u00fcdd\u0259t idi ki, xeyriyy\u0259\u00e7i, mesenat Ta\u011f\u0131yev\u0259 heyk\u0259l qoyulmas\u0131 haqq\u0131nda s\u00f6hb\u0259tl\u0259r gedirdi. D\u00f6vl\u0259t ba\u015f\u00e7\u0131s\u0131 da m\u0259s\u0259l\u0259y\u0259 \u00e7ox m\u00fcsb\u0259t yana\u015fd\u0131 v\u0259 bundan az sonra bu m\u00f6vzuda m\u00fcsabiq\u0259 elan olundu. M\u00fcsabiq\u0259y\u0259 t\u0259qdim olunan eskizl\u0259r aras\u0131nda qalib g\u0259lm\u0259y\u0259 layiq olan xeyli \u0259s\u0259r var idi. Qalib se\u015film\u0259yim m\u0259ni sevindirs\u0259 d\u0259, \u00fcz\u0259rim\u0259 \u00e7ox b\u00f6y\u00fck m\u0259suliyy\u0259t hissi d\u0259 qoyur. Ax\u0131 bu \u0259s\u0259r uzun ill\u0259r paytaxt\u0131n m\u0259rk\u0259zi hiss\u0259sind\u0259 ucalan heyk\u0259ll\u0259rd\u0259n biri olacaq. Bu heyk\u0259l g\u0259l\u0259c\u0259k n\u0259sill\u0259r\u0259 Bak\u0131n\u0131n \u0259n m\u0259\u015fhur xeyriyy\u0259\u00e7isini xat\u0131rladacaq&#8230;\u201d<\/p>\n<p>Abid\u0259nin m\u00fc\u0259llifi deyib: \u201cHeyk\u0259l \u00fcz\u0259rind\u0259 son tamamlama i\u015fl\u0259ri gedir, mart\u0131n ortalar\u0131nda is\u0259 tam haz\u0131r olacaq. \u0130lk bax\u0131\u015fda \u00e7ox sad\u0259 g\u00f6r\u00fcns\u0259 d\u0259, onun arxas\u0131nda olduqca g\u0259rgin i\u015f v\u0259 \u00e7ox b\u00f6y\u00fck z\u0259hm\u0259t dayan\u0131r. Adi bir misal deyim. Ta\u011f\u0131yevin sin\u0259sind\u0259ki medallar\u0131 \u0259ks etdirm\u0259k \u00fc\u00e7\u00fcn onlar\u0131n h\u0259r birinin \u00f6l\u00e7\u00fcs\u00fcn\u00fc d\u0259qiq bilm\u0259k laz\u0131m idi. Ona g\u00f6r\u0259 d\u0259 milyon\u00e7unun geyimini, medallar\u0131n m\u0259na v\u0259 \u00f6l\u00e7\u00fcl\u0259rini x\u0131rdal\u0131\u011f\u0131na q\u0259d\u0259r \u00f6yr\u0259nm\u0259k \u00fc\u00e7\u00fcn Tarix Muzeyin\u0259 m\u00fcraci\u0259t etdim. M\u0259n\u0259 \u00e7ox n\u0259fis bir kitab ba\u011f\u0131\u015flad\u0131lar. Lakin dig\u0259r m\u0259nb\u0259l\u0259rd\u0259n d\u0259 Ta\u011f\u0131yevin \u015f\u0259xsiyy\u0259ti haqq\u0131nda \u00f6yr\u0259nm\u0259y\u0259 \u00e7al\u0131\u015fd\u0131m. Yaratd\u0131\u011f\u0131m \u0259s\u0259rd\u0259 onun uzqag\u00f6r\u0259nliyini, duru\u015funda m\u0259rdlik, xasiyy\u0259tind\u0259 ki\u015filik, q\u00fcrur, alic\u0259nabl\u0131q v\u0259 xeyirxahl\u0131q kimi keyfiyy\u0259tl\u0259ri daha qabar\u0131q verm\u0259y\u0259 \u00e7al\u0131\u015fm\u0131\u015fam \u201d.<\/p>\n<p>Onun verdiyi m\u0259lumata g\u00f6r\u0259, heyk\u0259l tuncdan t\u00f6k\u00fcl\u0259c\u0259k, alt hiss\u0259si q\u0131rm\u0131z\u0131 qranitd\u0259n t\u0259\u015fkil edil\u0259c\u0259k, h\u00fcnd\u00fcrl\u00fcy\u00fc is\u0259 iki metr yar\u0131m olacaq. Hac\u0131 \u0130\u00e7\u0259ri\u015f\u0259h\u0259rd\u0259 do\u011fuldu\u011fu v\u0259 q\u0259dim qala divarlar\u0131 i\u00e7\u0259risind\u0259 h\u0259r t\u0259r\u0259f tarixi tikilil\u0259rl\u0259 \u0259hat\u0259 olundu\u011fundan heyk\u0259lin ucald\u0131lmas\u0131 \u00fc\u00e7\u00fcn \u0259n m\u00fcnasib m\u0259kan\u0131n \u201c\u0130\u00e7\u0259ri\u015f\u0259h\u0259r\u201d metrostansiyas\u0131n\u0131n qar\u015f\u0131s\u0131 oldu\u011fu q\u0259rara al\u0131n\u0131b.<\/p>\n<p>Yax\u0131n vaxtlarda milyon\u00e7u, xeyriyy\u0259\u00e7i-mesenat, q\u0131zlar m\u0259kt\u0259binin banisi Hac\u0131 Zeynalabdin Ta\u011f\u0131yevin heyk\u0259li do\u011fulub boya-ba\u015fa \u00e7atd\u0131\u011f\u0131, b\u00fct\u00fcn varl\u0131\u011f\u0131 il\u0259 ba\u011fl\u0131 oldu\u011fu bu q\u0259dim \u015f\u0259h\u0259rd\u0259 ucalacaq. H\u0259min s\u0259n\u0259t \u0259s\u0259ri yaln\u0131z bir mesenat\u0131n xatir\u0259sini \u0259b\u0259dil\u0259\u015fdirm\u0259y\u0259c\u0259k, h\u0259m d\u0259 q\u0259dirbil\u0259n Az\u0259rbaycan xalq\u0131n\u0131n xeyirxahl\u0131\u011fa v\u0259 m\u00fcdrikliy\u0259 g\u00f6st\u0259rdiyi ehtiram\u0131n bariz n\u00fcmun\u0259si olacaq.<\/p>\n","protected":false},"excerpt":{"rendered":"<p>M\u0259\u015fhur mesenat Hac\u0131 Zeynalabdin Ta\u011f\u0131yevin \u201c\u0130\u00e7\u0259ri\u015f\u0259h\u0259r\u201d metrostansiyas\u0131 qar\u015f\u0131s\u0131nda heyk\u0259li ucalacaq. AZ\u018fRTAC-\u0131n m\u00fcxbiri heyk\u0259lin haz\u0131rlanmas\u0131 il\u0259 \u0259laq\u0259dar ke\u00e7iril\u0259n m\u00fcsabiq\u0259nin qalibi Xalq&hellip;<\/p>\n","protected":false},"author":2,"featured_media":0,"comment_status":"closed","ping_status":"closed","sticky":false,"template":"","format":"standard","meta":{"om_disable_all_campaigns":false,"_monsterinsights_skip_tracking":false,"_uf_show_specific_survey":0,"_uf_disable_surveys":false,"footnotes":""},"categories":[23,12,2],"tags":[],"aioseo_notices":[],"_links":{"self":[{"href":"https:\/\/hakimiyyet.info.az\/index.php?rest_route=\/wp\/v2\/posts\/14617"}],"collection":[{"href":"https:\/\/hakimiyyet.info.az\/index.php?rest_route=\/wp\/v2\/posts"}],"about":[{"href":"https:\/\/hakimiyyet.info.az\/index.php?rest_route=\/wp\/v2\/types\/post"}],"author":[{"embeddable":true,"href":"https:\/\/hakimiyyet.info.az\/index.php?rest_route=\/wp\/v2\/users\/2"}],"replies":[{"embeddable":true,"href":"https:\/\/hakimiyyet.info.az\/index.php?rest_route=%2Fwp%2Fv2%2Fcomments&post=14617"}],"version-history":[{"count":1,"href":"https:\/\/hakimiyyet.info.az\/index.php?rest_route=\/wp\/v2\/posts\/14617\/revisions"}],"predecessor-version":[{"id":14618,"href":"https:\/\/hakimiyyet.info.az\/index.php?rest_route=\/wp\/v2\/posts\/14617\/revisions\/14618"}],"wp:attachment":[{"href":"https:\/\/hakimiyyet.info.az\/index.php?rest_route=%2Fwp%2Fv2%2Fmedia&parent=14617"}],"wp:term":[{"taxonomy":"category","embeddable":true,"href":"https:\/\/hakimiyyet.info.az\/index.php?rest_route=%2Fwp%2Fv2%2Fcategories&post=14617"},{"taxonomy":"post_tag","embeddable":true,"href":"https:\/\/hakimiyyet.info.az\/index.php?rest_route=%2Fwp%2Fv2%2Ftags&post=14617"}],"curies":[{"name":"wp","href":"https:\/\/api.w.org\/{rel}","templated":true}]}}