{"id":14629,"date":"2020-03-03T12:50:30","date_gmt":"2020-03-03T08:50:30","guid":{"rendered":"https:\/\/www.hakimiyyet.com\/?p=14629"},"modified":"2020-03-03T12:50:30","modified_gmt":"2020-03-03T08:50:30","slug":"reuters-roma-papasinda-koronavirus-askarlanmayib","status":"publish","type":"post","link":"https:\/\/hakimiyyet.info.az\/?p=14629","title":{"rendered":"Reuters: Roma Papas\u0131nda koronavirus a\u015fkarlanmay\u0131b"},"content":{"rendered":"<p style=\"font-weight: 400;\"><span style=\"font-style: inherit; font-weight: inherit;\">Roma Papas\u0131 Frensisk testd\u0259n ke\u00e7ib v\u0259 onda yeni koronavirus (COVID 19) a\u015fkarlanmay\u0131b.<\/span><\/p>\n<p style=\"font-weight: 400;\"><span style=\"font-style: inherit; font-weight: inherit;\"><a href=\"https:\/\/apa.az\/\">APA<\/a>-n\u0131n x\u0259b\u0259rin\u0259 g\u00f6r\u0259, bu bar\u0259d\u0259 &#8220;Reuters&#8221; m\u0259lumat yay\u0131b.<\/span><\/p>\n<p style=\"font-weight: 400;\"><span style=\"font-style: inherit; font-weight: inherit;\">M\u00fcq\u0259dd\u0259s Taxt-Tac\u0131n n\u00fcmay\u0259nd\u0259l\u0259ri h\u0259l\u0259lik bu informasiyan\u0131 \u015f\u0259rh etmir. \u00a0<\/span><\/p>\n<p style=\"font-weight: 400;\"><span style=\"font-style: inherit; font-weight: inherit;\">Qeyd ed\u0259k ki, 83 ya\u015fl\u0131 Frensisk nasazl\u0131\u011f\u0131 s\u0259b\u0259bind\u0259n bir ne\u00e7\u0259 t\u0259dbird\u0259 i\u015ftirak etm\u0259yib. Bu fakt koronavirusun yay\u0131lmas\u0131 fonunda b\u0259zi \u015fayi\u0259l\u0259r\u0259 s\u0259b\u0259b olmu\u015fdu. &#8220;MSM News&#8221; portal\u0131nda \u00f6t\u0259n h\u0259ft\u0259 Roma Papas\u0131n\u0131n yax\u0131n \u0259traf\u0131nda olan insanlar\u0131n koronavirusa yoluxmas\u0131n\u0131n m\u00fcmk\u00fcnl\u00fcy\u00fc, bu s\u0259b\u0259bd\u0259n Vatikanda karantin elan olunmas\u0131 bar\u0259d\u0259 m\u0259qal\u0259 d\u0259rc olunmu\u015fdu. Vatikan\u0131n m\u0259tbuat xidm\u0259ti is\u0259 bu informasiyan\u0131n \u0259sass\u0131z oldu\u011funu bildirmi\u015fdi.\u00a0<\/span><\/p>\n","protected":false},"excerpt":{"rendered":"<p>Roma Papas\u0131 Frensisk testd\u0259n ke\u00e7ib v\u0259 onda yeni koronavirus (COVID 19) a\u015fkarlanmay\u0131b. APA-n\u0131n x\u0259b\u0259rin\u0259 g\u00f6r\u0259, bu bar\u0259d\u0259 &#8220;Reuters&#8221; m\u0259lumat yay\u0131b.&hellip;<\/p>\n","protected":false},"author":1,"featured_media":0,"comment_status":"closed","ping_status":"closed","sticky":false,"template":"","format":"standard","meta":{"om_disable_all_campaigns":false,"_monsterinsights_skip_tracking":false,"_uf_show_specific_survey":0,"_uf_disable_surveys":false,"footnotes":""},"categories":[5],"tags":[],"aioseo_notices":[],"_links":{"self":[{"href":"https:\/\/hakimiyyet.info.az\/index.php?rest_route=\/wp\/v2\/posts\/14629"}],"collection":[{"href":"https:\/\/hakimiyyet.info.az\/index.php?rest_route=\/wp\/v2\/posts"}],"about":[{"href":"https:\/\/hakimiyyet.info.az\/index.php?rest_route=\/wp\/v2\/types\/post"}],"author":[{"embeddable":true,"href":"https:\/\/hakimiyyet.info.az\/index.php?rest_route=\/wp\/v2\/users\/1"}],"replies":[{"embeddable":true,"href":"https:\/\/hakimiyyet.info.az\/index.php?rest_route=%2Fwp%2Fv2%2Fcomments&post=14629"}],"version-history":[{"count":1,"href":"https:\/\/hakimiyyet.info.az\/index.php?rest_route=\/wp\/v2\/posts\/14629\/revisions"}],"predecessor-version":[{"id":14630,"href":"https:\/\/hakimiyyet.info.az\/index.php?rest_route=\/wp\/v2\/posts\/14629\/revisions\/14630"}],"wp:attachment":[{"href":"https:\/\/hakimiyyet.info.az\/index.php?rest_route=%2Fwp%2Fv2%2Fmedia&parent=14629"}],"wp:term":[{"taxonomy":"category","embeddable":true,"href":"https:\/\/hakimiyyet.info.az\/index.php?rest_route=%2Fwp%2Fv2%2Fcategories&post=14629"},{"taxonomy":"post_tag","embeddable":true,"href":"https:\/\/hakimiyyet.info.az\/index.php?rest_route=%2Fwp%2Fv2%2Ftags&post=14629"}],"curies":[{"name":"wp","href":"https:\/\/api.w.org\/{rel}","templated":true}]}}