{"id":14631,"date":"2020-03-03T12:50:51","date_gmt":"2020-03-03T08:50:51","guid":{"rendered":"https:\/\/www.hakimiyyet.com\/?p=14631"},"modified":"2020-03-03T12:50:51","modified_gmt":"2020-03-03T08:50:51","slug":"daha-bir-dovl%c9%99t-kosovanin-must%c9%99qilliyini-tanimaq-haqda-q%c9%99rarini-geri-c%c9%99kib","status":"publish","type":"post","link":"https:\/\/hakimiyyet.info.az\/?p=14631","title":{"rendered":"Daha bir d\u00f6vl\u0259t Kosovan\u0131n m\u00fcst\u0259qilliyini tan\u0131maq haqda q\u0259rar\u0131n\u0131 geri \u00e7\u0259kib"},"content":{"rendered":"<p style=\"font-weight: 400;\"><span style=\"font-style: inherit; font-weight: inherit;\">Syerra-Leone Kosovan\u0131n m\u00fcst\u0259qilliyini tan\u0131maq haqda q\u0259rar\u0131n\u0131 geri \u00e7\u0259kib.<\/span><\/p>\n<p style=\"font-weight: 400;\"><span style=\"font-style: inherit; font-weight: inherit;\"><a href=\"https:\/\/apa.az\/\">APA<\/a>-n\u0131n TASS-a istinad\u0259n verdiyi x\u0259b\u0259r\u0259 g\u00f6r\u0259, bu bar\u0259d\u0259 bu g\u00fcn Syerra-Leoned\u0259 s\u0259f\u0259rd\u0259 olan Serbiyan\u0131n Xarici \u0130\u015fl\u0259r naziri \u0130vitsa Da\u00e7i\u00e7 bildirib.<\/span><\/p>\n<p style=\"font-weight: 400;\"><span style=\"font-style: inherit; font-weight: inherit;\">O, Syerra-Leone Xarici \u0130\u015fl\u0259r Nazirliyinin bu bar\u0259d\u0259 notas\u0131n\u0131 t\u0259qdim edib.<\/span><\/p>\n<p style=\"font-weight: 400;\"><span style=\"font-style: inherit; font-weight: inherit;\">\u0130. Da\u00e7i\u00e7in s\u00f6zl\u0259rin\u0259 g\u00f6r\u0259, haz\u0131rda Birl\u0259\u015fmi\u015f Mill\u0259tl\u0259r T\u0259\u015fkilat\u0131n\u0131n (BMT) 193 \u00fczv\u00fcnd\u0259n 92-i Kosovan\u0131n m\u00fcst\u0259qilliyini tan\u0131y\u0131b, 96 d\u00f6vl\u0259t \u00fczv tan\u0131may\u0131b, 5 d\u00f6vl\u0259tin m\u00f6vqeyi is\u0259 qeyri-m\u00fc\u0259yy\u0259ndir.<\/span><\/p>\n<p style=\"font-weight: 400;\"><span style=\"font-style: inherit; font-weight: inherit;\">\u201cBu is\u0259 o dem\u0259kdir ki, BMT-d\u0259 Kosovan\u0131n m\u00fcst\u0259qilliyini tan\u0131yan d\u00f6vl\u0259tl\u0259r \u00e7oxluq t\u0259\u015fkil etmir\u201d, &#8211; dey\u0259 Serbiya X\u0130N ba\u015f\u00e7\u0131s\u0131 vur\u011fulay\u0131b.\u00a0\u00a0<\/span><\/p>\n<p style=\"font-weight: 400;\"><span style=\"font-style: inherit; font-weight: inherit;\">Qeyd ed\u0259k ki, Syerra-Leone Kosovan\u0131n m\u00fcst\u0259qilliyini tan\u0131maq haqda q\u0259rar\u0131n\u0131 geri \u00e7\u0259k\u0259n 18-ci \u00f6lk\u0259 olub.<\/span><\/p>\n<p style=\"font-weight: 400;\"><span style=\"font-style: inherit; font-weight: inherit;\">Xat\u0131rladaq ki, Kosova 2008-ci ilin fevral ay\u0131nda m\u00fcst\u0259qilliyini elan edib.<\/span><\/p>\n","protected":false},"excerpt":{"rendered":"<p>Syerra-Leone Kosovan\u0131n m\u00fcst\u0259qilliyini tan\u0131maq haqda q\u0259rar\u0131n\u0131 geri \u00e7\u0259kib. APA-n\u0131n TASS-a istinad\u0259n verdiyi x\u0259b\u0259r\u0259 g\u00f6r\u0259, bu bar\u0259d\u0259 bu g\u00fcn Syerra-Leoned\u0259 s\u0259f\u0259rd\u0259&hellip;<\/p>\n","protected":false},"author":1,"featured_media":0,"comment_status":"closed","ping_status":"closed","sticky":false,"template":"","format":"standard","meta":{"om_disable_all_campaigns":false,"_monsterinsights_skip_tracking":false,"_uf_show_specific_survey":0,"_uf_disable_surveys":false,"footnotes":""},"categories":[5],"tags":[],"aioseo_notices":[],"_links":{"self":[{"href":"https:\/\/hakimiyyet.info.az\/index.php?rest_route=\/wp\/v2\/posts\/14631"}],"collection":[{"href":"https:\/\/hakimiyyet.info.az\/index.php?rest_route=\/wp\/v2\/posts"}],"about":[{"href":"https:\/\/hakimiyyet.info.az\/index.php?rest_route=\/wp\/v2\/types\/post"}],"author":[{"embeddable":true,"href":"https:\/\/hakimiyyet.info.az\/index.php?rest_route=\/wp\/v2\/users\/1"}],"replies":[{"embeddable":true,"href":"https:\/\/hakimiyyet.info.az\/index.php?rest_route=%2Fwp%2Fv2%2Fcomments&post=14631"}],"version-history":[{"count":1,"href":"https:\/\/hakimiyyet.info.az\/index.php?rest_route=\/wp\/v2\/posts\/14631\/revisions"}],"predecessor-version":[{"id":14632,"href":"https:\/\/hakimiyyet.info.az\/index.php?rest_route=\/wp\/v2\/posts\/14631\/revisions\/14632"}],"wp:attachment":[{"href":"https:\/\/hakimiyyet.info.az\/index.php?rest_route=%2Fwp%2Fv2%2Fmedia&parent=14631"}],"wp:term":[{"taxonomy":"category","embeddable":true,"href":"https:\/\/hakimiyyet.info.az\/index.php?rest_route=%2Fwp%2Fv2%2Fcategories&post=14631"},{"taxonomy":"post_tag","embeddable":true,"href":"https:\/\/hakimiyyet.info.az\/index.php?rest_route=%2Fwp%2Fv2%2Ftags&post=14631"}],"curies":[{"name":"wp","href":"https:\/\/api.w.org\/{rel}","templated":true}]}}