{"id":14688,"date":"2020-03-04T01:00:51","date_gmt":"2020-03-03T21:00:51","guid":{"rendered":"https:\/\/www.hakimiyyet.com\/?p=14688"},"modified":"2020-03-04T01:00:51","modified_gmt":"2020-03-03T21:00:51","slug":"haftar-v%c9%99-%c9%99s%c9%99d-turkiy%c9%99y%c9%99-qarsi-d%c9%99m%c9%99sqd%c9%99-yeni-s%c9%99firlik","status":"publish","type":"post","link":"https:\/\/hakimiyyet.info.az\/?p=14688","title":{"rendered":"Haftar v\u0259 \u018fs\u0259d T\u00fcrkiy\u0259y\u0259 qar\u015f\u0131 &#8211; D\u0259m\u0259\u015fqd\u0259 yeni s\u0259firlik"},"content":{"rendered":"<p><strong>Liviyada yaraql\u0131lar\u0131n lideri, general X\u0259lif\u0259 Haftar Suriyada s\u0259firlik a\u00e7\u0131b.<\/strong><\/p>\n<p><span class=\"red\"><a href=\"http:\/\/teleqraf.com\/\" target=\"_blank\" rel=\"noopener noreferrer\">Teleqraf.com<\/a><\/span>\u00a0&#8220;Reuters&#8221;\u0259 istinadla x\u0259b\u0259r verir ki, Suriyan\u0131n \u015f\u0259rqini n\u0259zar\u0259td\u0259 saxlayan Haftar B\u0259\u015f\u0259r \u018fs\u0259dl\u0259 \u0259m\u0259kda\u015fl\u0131\u011f\u0131n\u0131 r\u0259sm\u0259n b\u0259yan edib.<\/p>\n<p>Liviya Milli H\u00f6kum\u0259tin\u0259 qar\u015f\u0131 m\u00fcharib\u0259 elan ed\u0259n Haftar Suriyada s\u0259fitliyin a\u00e7\u0131lmas\u0131 bar\u0259d\u0259 g\u00f6st\u0259ri\u015f verib.<\/p>\n<p>S\u0259firlik bu g\u00fcnd\u0259n f\u0259aliyy\u0259t\u0259 ba\u015flay\u0131b. Haftar v\u0259 \u018fs\u0259d T\u00fcrkiy\u0259y\u0259 qar\u015f\u0131 birlikd\u0259 sava\u015fmaq bar\u0259d\u0259 raz\u0131l\u0131q da \u0259ld\u0259 edibl\u0259r.<\/p>\n<p>S\u0259firliyin a\u00e7\u0131l\u0131\u015f\u0131nda \u00e7\u0131x\u0131\u015f ed\u0259n Suriya xarici i\u015fl\u0259r naziri Faysal Mikdad<br \/>\n&#8220;Terror\u00e7uluq \u0259r\u0259b \u00f6lk\u0259sinin sonuna \u00e7\u0131xacaq&#8221;, dey\u0259 bildirib.<\/p>\n<p>Qeyd ed\u0259k ki, T\u00fcrkiy\u0259 h\u0259m Suriyada diktator B\u0259\u015f\u0259r \u018fs\u0259d q\u00fcvv\u0259l\u0259rin\u0259, h\u0259m d\u0259 Liviyada X\u0259lif\u0259 Haftar\u0131n silahl\u0131lar\u0131na qar\u015f\u0131 h\u0259rbi \u0259m\u0259liyyatlar h\u0259yata ke\u00e7irir.<\/p>\n","protected":false},"excerpt":{"rendered":"<p>Liviyada yaraql\u0131lar\u0131n lideri, general X\u0259lif\u0259 Haftar Suriyada s\u0259firlik a\u00e7\u0131b. Teleqraf.com\u00a0&#8220;Reuters&#8221;\u0259 istinadla x\u0259b\u0259r verir ki, Suriyan\u0131n \u015f\u0259rqini n\u0259zar\u0259td\u0259 saxlayan Haftar B\u0259\u015f\u0259r&hellip;<\/p>\n","protected":false},"author":2,"featured_media":0,"comment_status":"closed","ping_status":"closed","sticky":false,"template":"","format":"standard","meta":{"om_disable_all_campaigns":false,"_monsterinsights_skip_tracking":false,"_uf_show_specific_survey":0,"_uf_disable_surveys":false,"footnotes":""},"categories":[7],"tags":[],"aioseo_notices":[],"_links":{"self":[{"href":"https:\/\/hakimiyyet.info.az\/index.php?rest_route=\/wp\/v2\/posts\/14688"}],"collection":[{"href":"https:\/\/hakimiyyet.info.az\/index.php?rest_route=\/wp\/v2\/posts"}],"about":[{"href":"https:\/\/hakimiyyet.info.az\/index.php?rest_route=\/wp\/v2\/types\/post"}],"author":[{"embeddable":true,"href":"https:\/\/hakimiyyet.info.az\/index.php?rest_route=\/wp\/v2\/users\/2"}],"replies":[{"embeddable":true,"href":"https:\/\/hakimiyyet.info.az\/index.php?rest_route=%2Fwp%2Fv2%2Fcomments&post=14688"}],"version-history":[{"count":1,"href":"https:\/\/hakimiyyet.info.az\/index.php?rest_route=\/wp\/v2\/posts\/14688\/revisions"}],"predecessor-version":[{"id":14689,"href":"https:\/\/hakimiyyet.info.az\/index.php?rest_route=\/wp\/v2\/posts\/14688\/revisions\/14689"}],"wp:attachment":[{"href":"https:\/\/hakimiyyet.info.az\/index.php?rest_route=%2Fwp%2Fv2%2Fmedia&parent=14688"}],"wp:term":[{"taxonomy":"category","embeddable":true,"href":"https:\/\/hakimiyyet.info.az\/index.php?rest_route=%2Fwp%2Fv2%2Fcategories&post=14688"},{"taxonomy":"post_tag","embeddable":true,"href":"https:\/\/hakimiyyet.info.az\/index.php?rest_route=%2Fwp%2Fv2%2Ftags&post=14688"}],"curies":[{"name":"wp","href":"https:\/\/api.w.org\/{rel}","templated":true}]}}